{"id":258008,"date":"2021-02-24T20:54:22","date_gmt":"2021-02-24T20:54:22","guid":{"rendered":"https:\/\/www.ecuadortimes.net\/es\/?p=258008"},"modified":"2021-02-24T20:54:22","modified_gmt":"2021-02-24T20:54:22","slug":"los-motines-en-las-carceles-del-pais-dejan-79-fallecidos","status":"publish","type":"post","link":"https:\/\/www.ecuadortimes.net\/es\/los-motines-en-las-carceles-del-pais-dejan-79-fallecidos\/","title":{"rendered":"Los motines en las c\u00e1rceles del pa\u00eds dejan 79 fallecidos"},"content":{"rendered":"<p>La ma\u00f1ana de este mi\u00e9rcoles 24 de febrero, oficialmente se inform\u00f3 que los cuatro motines en c\u00e1rceles del pa\u00eds dejaron como saldo 79 fallecidos.<\/p>\n<div id=\"attachment_258009\" style=\"width: 1210px\" class=\"wp-caption alignnone\"><img aria-describedby=\"caption-attachment-258009\" loading=\"lazy\" class=\"size-full wp-image-258009\" src=\"https:\/\/www.ecuadortimes.net\/es\/wp-content\/uploads\/2021\/02\/ecuador-times-ecuador-news-jail-riots-leave-79-dead.jpg\" alt=\"\" width=\"1200\" height=\"809\" srcset=\"https:\/\/www.ecuadortimes.net\/es\/wp-content\/uploads\/2021\/02\/ecuador-times-ecuador-news-jail-riots-leave-79-dead.jpg 1200w, https:\/\/www.ecuadortimes.net\/es\/wp-content\/uploads\/2021\/02\/ecuador-times-ecuador-news-jail-riots-leave-79-dead-75x52.jpg 75w\" sizes=\"(max-width: 1200px) 100vw, 1200px\" \/><p id=\"caption-attachment-258009\" class=\"wp-caption-text\">Los motines en las c\u00e1rceles del pa\u00eds dejan 79 fallecidos<\/p><\/div>\n<p>El Servicio Nacional de Atenci\u00f3n Integral a Personas Adultas Privadas de Libertad y a Adolescentes Infractores del Ecuador (SNAI), indic\u00f3 que en el CPL Guayas N\u00b0 4 fueron asesinados 31 internos; en el CPL Guayas N\u00b0 1, 6; en el CPL Cotopaxi N\u00b0 1, 8, mientras que en el CPL Azuay N\u00b0 1, 34.<\/p>\n<p>Dicho comunicado de la SNAI se\u00f1ala que la situaci\u00f3n en estos centros de privaci\u00f3n de la libertad ya fue controlada.<\/p>\n<p>Los cuatro amotinamientos se registraron el martes 23 de febrero de 2021, en los centros de rehabilitaci\u00f3n social de la Regional Guayaquil, Penitenciar\u00eda del Litoral, Turi (Cuenca) y Cotopaxi.<\/p>\n<p>El director general del SNAI, Edmundo Moncayo, confirm\u00f3 que hasta las 17:30 del martes 23 de febrero, se contabilizaron 62 personas privadas de la libertad asesinadas. A las 22:17 la cifra ascendi\u00f3 a 75.<\/p>\n<p>Moncayo explic\u00f3 que los enfrentamientos se debieron a una disputa interna por el control de la c\u00e1rcel. La noche del lunes 22 de febrero se realiz\u00f3 una requisa en la que se encontraron dos armas de fuego que iban a ser el medio para atacar a l\u00edderes de una organizaci\u00f3n delictiva, no especificada. Esto alert\u00f3 a las v\u00edctimas y les permiti\u00f3 anticiparse con un violento ataque.<\/p>\n<p>Todo se produce a ra\u00edz de la muerte de alias &#8216;Rasqui\u00f1a&#8217;, l\u00edder de &#8220;Los Choneros&#8221;, en diciembre de 2020. Sin el m\u00e1ximo l\u00edder de las organizaciones delictivas como los &#8220;Chone Killers&#8221;, &#8220;Los Lobos&#8221; o &#8220;Los Pipos&#8221;, estos buscan el poder en el sistema penitenciario.<\/p>\n<p>&#8220;Esper\u00e1bamos una reacci\u00f3n inmediata (tras el deceso de &#8220;Rasqui\u00f1a&#8221;), pero ha demorado hasta hoy (martes 23 de febrero)&#8221;, se\u00f1al\u00f3 Moncayo.<\/p>\n<p>El director del SNAI descart\u00f3 que alguno de los fallecidos sean gu\u00edas penitenciarios o funcionarios administrativos de los centros de reclusi\u00f3n. En el resto del pa\u00eds no se produjeron hechos similares.<\/p>\n<p>El general Patricio Carrillo, comandante general de la Polic\u00eda Nacional, se pronunci\u00f3 a trav\u00e9s de su cuenta de Twitter, para informar el avance de los operativos de control. &#8220;La situaci\u00f3n es cr\u00edtica&#8221;, indic\u00f3.<\/p>\n<p>El ministro de Gobierno, Patricio Pazmi\u00f1o, se\u00f1al\u00f3 que esto se debi\u00f3 a una &#8220;acci\u00f3n concertada de organizaciones criminales para generar violencia en los centros penitenciarios&#8221;.<\/p>\n<p>El presidente Len\u00edn Moreno ratific\u00f3 que la cartera de Estado y la Polic\u00eda Nacional efectuaban acciones para controlar el orden en las c\u00e1rceles. (I)<\/p>\n<p><a href=\"https:\/\/www.eltelegrafo.com.ec\/noticias\/judicial\/12\/morines-carceles-pais-fallecidos\">https:\/\/www.eltelegrafo.com.ec\/noticias\/judicial\/12\/morines-carceles-pais-fallecidos<\/a><\/p>\n","protected":false},"excerpt":{"rendered":"<p>La ma\u00f1ana de este mi\u00e9rcoles 24 de febrero, oficialmente se inform\u00f3 que los cuatro motines en c\u00e1rceles del pa\u00eds dejaron como saldo 79 fallecidos. El Servicio Nacional de Atenci\u00f3n Integral a Personas Adultas Privadas de Libertad y a Adolescentes Infractores del Ecuador (SNAI), indic\u00f3 que en el CPL Guayas N\u00b0 4 fueron asesinados 31 internos; en el CPL Guayas N\u00b0 1, 6; en el CPL Cotopaxi N\u00b0 1, 8, mientras que en el CPL Azuay N\u00b0 1, 34. Dicho comunicado de la SNAI se\u00f1ala que la situaci\u00f3n en estos centros de privaci\u00f3n de la libertad ya fue controlada. Los cuatro amotinamientos se registraron el martes 23 de febrero de 2021, en los centros de rehabilitaci\u00f3n social de la Regional Guayaquil, Penitenciar\u00eda del Litoral, Turi (Cuenca) y Cotopaxi. El director general del SNAI, Edmundo Moncayo, confirm\u00f3 que hasta las 17:30 del martes 23 de febrero, se contabilizaron 62 personas privadas de la libertad asesinadas. A las 22:17 la cifra ascendi\u00f3 a 75. Moncayo explic\u00f3 que los enfrentamientos se debieron a una disputa interna por el control de la c\u00e1rcel. La noche del lunes 22 de febrero se realiz\u00f3 una requisa en la que se encontraron dos armas de fuego que iban a ser el medio para atacar a l\u00edderes de una organizaci\u00f3n delictiva, no especificada. Esto alert\u00f3 a las v\u00edctimas y les permiti\u00f3 anticiparse con un violento ataque. Todo se produce a ra\u00edz de la muerte de alias &#8216;Rasqui\u00f1a&#8217;, l\u00edder de &#8220;Los Choneros&#8221;, en diciembre de 2020. Sin el m\u00e1ximo l\u00edder de las organizaciones delictivas como los &#8220;Chone Killers&#8221;, &#8220;Los Lobos&#8221; o &#8220;Los Pipos&#8221;, estos buscan el poder en el sistema penitenciario. &#8220;Esper\u00e1bamos una reacci\u00f3n inmediata (tras el deceso de &#8220;Rasqui\u00f1a&#8221;), pero ha demorado hasta hoy (martes 23 de febrero)&#8221;, se\u00f1al\u00f3 Moncayo. El director del SNAI descart\u00f3 que alguno de los fallecidos sean gu\u00edas penitenciarios o funcionarios administrativos de los centros de reclusi\u00f3n. En el resto del pa\u00eds no se produjeron hechos similares. El general Patricio Carrillo, comandante general de la Polic\u00eda Nacional, se pronunci\u00f3 a trav\u00e9s de su cuenta de Twitter, para informar el avance de los operativos de control. &#8220;La situaci\u00f3n es cr\u00edtica&#8221;, indic\u00f3. El ministro de Gobierno, Patricio Pazmi\u00f1o, se\u00f1al\u00f3 que esto se debi\u00f3 a una &#8220;acci\u00f3n concertada de organizaciones criminales para generar violencia en los centros penitenciarios&#8221;. El presidente Len\u00edn Moreno ratific\u00f3 que la cartera de Estado y la Polic\u00eda Nacional efectuaban acciones para controlar el orden en las c\u00e1rceles. (I) https:\/\/www.eltelegrafo.com.ec\/noticias\/judicial\/12\/morines-carceles-pais-fallecidos<\/p>\n","protected":false},"author":1,"featured_media":258009,"comment_status":"closed","ping_status":"closed","sticky":false,"template":"","format":"standard","meta":[],"categories":[35,23],"tags":[],"_links":{"self":[{"href":"https:\/\/www.ecuadortimes.net\/es\/wp-json\/wp\/v2\/posts\/258008"}],"collection":[{"href":"https:\/\/www.ecuadortimes.net\/es\/wp-json\/wp\/v2\/posts"}],"about":[{"href":"https:\/\/www.ecuadortimes.net\/es\/wp-json\/wp\/v2\/types\/post"}],"author":[{"embeddable":true,"href":"https:\/\/www.ecuadortimes.net\/es\/wp-json\/wp\/v2\/users\/1"}],"replies":[{"embeddable":true,"href":"https:\/\/www.ecuadortimes.net\/es\/wp-json\/wp\/v2\/comments?post=258008"}],"version-history":[{"count":1,"href":"https:\/\/www.ecuadortimes.net\/es\/wp-json\/wp\/v2\/posts\/258008\/revisions"}],"predecessor-version":[{"id":258010,"href":"https:\/\/www.ecuadortimes.net\/es\/wp-json\/wp\/v2\/posts\/258008\/revisions\/258010"}],"wp:featuredmedia":[{"embeddable":true,"href":"https:\/\/www.ecuadortimes.net\/es\/wp-json\/wp\/v2\/media\/258009"}],"wp:attachment":[{"href":"https:\/\/www.ecuadortimes.net\/es\/wp-json\/wp\/v2\/media?parent=258008"}],"wp:term":[{"taxonomy":"category","embeddable":true,"href":"https:\/\/www.ecuadortimes.net\/es\/wp-json\/wp\/v2\/categories?post=258008"},{"taxonomy":"post_tag","embeddable":true,"href":"https:\/\/www.ecuadortimes.net\/es\/wp-json\/wp\/v2\/tags?post=258008"}],"curies":[{"name":"wp","href":"https:\/\/api.w.org\/{rel}","templated":true}]}}