{"id":258020,"date":"2021-02-25T21:41:38","date_gmt":"2021-02-25T21:41:38","guid":{"rendered":"https:\/\/www.ecuadortimes.net\/es\/?p=258020"},"modified":"2021-02-25T21:41:38","modified_gmt":"2021-02-25T21:41:38","slug":"rafael-correa-estaria-atras-de-los-amotinamientos-en-las-carceles-de-ecuador","status":"publish","type":"post","link":"https:\/\/www.ecuadortimes.net\/es\/rafael-correa-estaria-atras-de-los-amotinamientos-en-las-carceles-de-ecuador\/","title":{"rendered":"Rafael Correa estar\u00eda atr\u00e1s de los amotinamientos en las c\u00e1rceles de Ecuador"},"content":{"rendered":"<div class=\"col-12 col-md-8\">\n<div class=\"itemFullText\">\n<p>No es casual ni una coincidencia el asesinato de 79 detenidos en cuatro centros penitenciarios, que dej\u00f3 en shock al pa\u00eds entero.<\/p>\n<div id=\"attachment_258021\" style=\"width: 1210px\" class=\"wp-caption alignnone\"><img aria-describedby=\"caption-attachment-258021\" loading=\"lazy\" class=\"size-full wp-image-258021\" src=\"https:\/\/www.ecuadortimes.net\/es\/wp-content\/uploads\/2021\/02\/ecuador-times-ecuador-news-rafael-correa-linked-with-prison-riots.jpg\" alt=\"\" width=\"1200\" height=\"800\" \/><p id=\"caption-attachment-258021\" class=\"wp-caption-text\">Rafael Correa estar\u00eda atr\u00e1s de los amotinamientos en las c\u00e1rceles de Ecuador<\/p><\/div>\n<p>Eso dijo el presidente\u00a0Len\u00edn Moreno, en un video publicado en las redes sociales.\u00a0 Habl\u00f3 de fuerzas obscuras y criminales que quieren generar el caos y detall\u00f3 varios puntos que explican la violencia extrema en esas c\u00e1rceles. Uno es el aumento de la poblaci\u00f3n carcelaria, que pas\u00f3 de 9.000 en 2007 a 40.000 en 2021. Mientras, en el mundo se constru\u00edan centros de privaci\u00f3n peque\u00f1os para controlar mejor a los detenidos, en Ecuador hicieron mega c\u00e1rceles para 15.000 personas.<\/p>\n<p>Otros factores son el modelo y la normativa legal deficiente, as\u00ed como el hacinamiento que es del 30% y la falta de recursos econ\u00f3micos y de personal. El Gobierno entregar\u00e1 el presupuesto necesario para afrontar la crisis del sistema penitenciario.<\/p>\n<p>El primer Mandatario se\u00f1al\u00f3 que se necesita dinero para controlar el caos de los instigadores, ejecutores y c\u00f3mplices de barbarie del martes. Instigadores que se aprovechan de la situaci\u00f3n que vive el pa\u00eds en medio de la pandemia, de la crisis econ\u00f3mica y de las elecciones.<\/p>\n<p>No es casual, esto fue organizado desde el exterior de las c\u00e1rceles y orquestado por los que se disputan el liderazgo del tr\u00e1fico de drogas en todo el pa\u00eds. Tampoco es casual que en 2008 se desmantelara la base de Manta y los laboratorios de incautaci\u00f3n de drogas, y creciera\u00a0el tr\u00e1fico de droga.<\/p>\n<p>No es casual que la prensa colombiana denuncie el supuesto financiamiento del Ej\u00e9rcito de Liberaci\u00f3n Nacional (ELN) a la campa\u00f1a electoral del candidato Andr\u00e9s Arauz.<\/p>\n<p>\u00bfQu\u00e9 pasa en este pa\u00eds? \u00bfD\u00f3nde fallamos y por qu\u00e9?<\/p>\n<p>Son d\u00edas duros y dif\u00edciles, los familiares de los fallecidos est\u00e1n en las afueras de las c\u00e1rceles y lloran por sus padres, hijos, hermanos o t\u00edos.<\/p>\n<p>Para algunos, esa situaci\u00f3n es el resultado del populismo penal, pues el C\u00f3digo Integral Penal (COIP), aprobado por una Asamblea en 2014, llen\u00f3 las prisiones y aument\u00f3 el hacinamiento.<\/p>\n<p>En la actualidad hay 1.400 gu\u00edas penitenciarios y 1.000 polic\u00edas, pero se requieren 7.600 agentes, seg\u00fan estimaciones del experto en seguridad Ricardo Camacho.<\/p>\n<p>La Asociaci\u00f3n de Gu\u00edas Penitenciarios Pasivos dijo a un diario local que desde 2016 despidieron a 600 de sus asociados por denunciar las irregularidades que han cometido los directores de las c\u00e1rceles en contubernio con la SNAI.<\/p>\n<p>Mientras tanto, los ojos del mundo miran a Ecuador con preocupaci\u00f3n. Las organizaciones internacionales de Derechos Humanos expresaron su consternaci\u00f3n y dolor por la muerte de los detenidos como consecuencia del enfrentamiento de bandas delictivas de alta peligrosidad.<\/p>\n<p>Los detenidos son seres humanos con derechos y el Estado debe garantizarles la seguridad y la vida. Tambi\u00e9n debe mantener el orden en las prisiones e impedir el control de ellas de las mafias del crimen organizado, dicen.<\/p>\n<p>Las organizaciones piden investigar los hechos y sancionar a los responsables.<\/p>\n<p><a href=\"https:\/\/www.eltelegrafo.com.ec\/noticias\/editoriales\/1\/no-es-casual-la-matanza-en-las-carceles\">https:\/\/www.eltelegrafo.com.ec\/noticias\/editoriales\/1\/no-es-casual-la-matanza-en-las-carceles<\/a><\/p>\n<\/div>\n<\/div>\n","protected":false},"excerpt":{"rendered":"<p>No es casual ni una coincidencia el asesinato de 79 detenidos en cuatro centros penitenciarios, que dej\u00f3 en shock al pa\u00eds entero. Eso dijo el presidente\u00a0Len\u00edn Moreno, en un video publicado en las redes sociales.\u00a0 Habl\u00f3 de fuerzas obscuras y criminales que quieren generar el caos y detall\u00f3 varios puntos que explican la violencia extrema en esas c\u00e1rceles. Uno es el aumento de la poblaci\u00f3n carcelaria, que pas\u00f3 de 9.000 en 2007 a 40.000 en 2021. Mientras, en el mundo se constru\u00edan centros de privaci\u00f3n peque\u00f1os para controlar mejor a los detenidos, en Ecuador hicieron mega c\u00e1rceles para 15.000 personas. Otros factores son el modelo y la normativa legal deficiente, as\u00ed como el hacinamiento que es del 30% y la falta de recursos econ\u00f3micos y de personal. El Gobierno entregar\u00e1 el presupuesto necesario para afrontar la crisis del sistema penitenciario. El primer Mandatario se\u00f1al\u00f3 que se necesita dinero para controlar el caos de los instigadores, ejecutores y c\u00f3mplices de barbarie del martes. Instigadores que se aprovechan de la situaci\u00f3n que vive el pa\u00eds en medio de la pandemia, de la crisis econ\u00f3mica y de las elecciones. No es casual, esto fue organizado desde el exterior de las c\u00e1rceles y orquestado por los que se disputan el liderazgo del tr\u00e1fico de drogas en todo el pa\u00eds. Tampoco es casual que en 2008 se desmantelara la base de Manta y los laboratorios de incautaci\u00f3n de drogas, y creciera\u00a0el tr\u00e1fico de droga. No es casual que la prensa colombiana denuncie el supuesto financiamiento del Ej\u00e9rcito de Liberaci\u00f3n Nacional (ELN) a la campa\u00f1a electoral del candidato Andr\u00e9s Arauz. \u00bfQu\u00e9 pasa en este pa\u00eds? \u00bfD\u00f3nde fallamos y por qu\u00e9? Son d\u00edas duros y dif\u00edciles, los familiares de los fallecidos est\u00e1n en las afueras de las c\u00e1rceles y lloran por sus padres, hijos, hermanos o t\u00edos. Para algunos, esa situaci\u00f3n es el resultado del populismo penal, pues el C\u00f3digo Integral Penal (COIP), aprobado por una Asamblea en 2014, llen\u00f3 las prisiones y aument\u00f3 el hacinamiento. En la actualidad hay 1.400 gu\u00edas penitenciarios y 1.000 polic\u00edas, pero se requieren 7.600 agentes, seg\u00fan estimaciones del experto en seguridad Ricardo Camacho. La Asociaci\u00f3n de Gu\u00edas Penitenciarios Pasivos dijo a un diario local que desde 2016 despidieron a 600 de sus asociados por denunciar las irregularidades que han cometido los directores de las c\u00e1rceles en contubernio con la SNAI. Mientras tanto, los ojos del mundo miran a Ecuador con preocupaci\u00f3n. Las organizaciones internacionales de Derechos Humanos expresaron su consternaci\u00f3n y dolor por la muerte de los detenidos como consecuencia del enfrentamiento de bandas delictivas de alta peligrosidad. Los detenidos son seres humanos con derechos y el Estado debe garantizarles la seguridad y la vida. Tambi\u00e9n debe mantener el orden en las prisiones e impedir el control de ellas de las mafias del crimen organizado, dicen. Las organizaciones piden investigar los hechos y sancionar a los responsables. https:\/\/www.eltelegrafo.com.ec\/noticias\/editoriales\/1\/no-es-casual-la-matanza-en-las-carceles<\/p>\n","protected":false},"author":1,"featured_media":258021,"comment_status":"closed","ping_status":"closed","sticky":false,"template":"","format":"standard","meta":[],"categories":[40,23],"tags":[],"_links":{"self":[{"href":"https:\/\/www.ecuadortimes.net\/es\/wp-json\/wp\/v2\/posts\/258020"}],"collection":[{"href":"https:\/\/www.ecuadortimes.net\/es\/wp-json\/wp\/v2\/posts"}],"about":[{"href":"https:\/\/www.ecuadortimes.net\/es\/wp-json\/wp\/v2\/types\/post"}],"author":[{"embeddable":true,"href":"https:\/\/www.ecuadortimes.net\/es\/wp-json\/wp\/v2\/users\/1"}],"replies":[{"embeddable":true,"href":"https:\/\/www.ecuadortimes.net\/es\/wp-json\/wp\/v2\/comments?post=258020"}],"version-history":[{"count":1,"href":"https:\/\/www.ecuadortimes.net\/es\/wp-json\/wp\/v2\/posts\/258020\/revisions"}],"predecessor-version":[{"id":258022,"href":"https:\/\/www.ecuadortimes.net\/es\/wp-json\/wp\/v2\/posts\/258020\/revisions\/258022"}],"wp:featuredmedia":[{"embeddable":true,"href":"https:\/\/www.ecuadortimes.net\/es\/wp-json\/wp\/v2\/media\/258021"}],"wp:attachment":[{"href":"https:\/\/www.ecuadortimes.net\/es\/wp-json\/wp\/v2\/media?parent=258020"}],"wp:term":[{"taxonomy":"category","embeddable":true,"href":"https:\/\/www.ecuadortimes.net\/es\/wp-json\/wp\/v2\/categories?post=258020"},{"taxonomy":"post_tag","embeddable":true,"href":"https:\/\/www.ecuadortimes.net\/es\/wp-json\/wp\/v2\/tags?post=258020"}],"curies":[{"name":"wp","href":"https:\/\/api.w.org\/{rel}","templated":true}]}}