{"id":258029,"date":"2021-02-26T00:04:44","date_gmt":"2021-02-26T00:04:44","guid":{"rendered":"https:\/\/www.ecuadortimes.net\/es\/?p=258029"},"modified":"2021-02-26T00:07:41","modified_gmt":"2021-02-26T00:07:41","slug":"juez-no-revoca-la-prision-preventiva-que-pesa-sobre-jacobo-bucaram-pulley-pero-por-un-problema-de-salud-dispone-su-arresto-domiciliario-en-guayaquil","status":"publish","type":"post","link":"https:\/\/www.ecuadortimes.net\/es\/juez-no-revoca-la-prision-preventiva-que-pesa-sobre-jacobo-bucaram-pulley-pero-por-un-problema-de-salud-dispone-su-arresto-domiciliario-en-guayaquil\/","title":{"rendered":"Juez no revoca la prisi\u00f3n preventiva que pesa sobre Jacobo Bucaram Pulley, pero por un problema de salud dispone su arresto domiciliario en Guayaquil"},"content":{"rendered":"<section class=\"prose prose-sm sm:prose max-w-none space-y-3 font-primary\">\n<p class=\"prose-text\">M\u00e1s de una hora le tom\u00f3 al juez Esteban Calder\u00f3n, de la Unidad Judicial Especializada de Violencia contra la Mujer y la Familia, en Quito, <b>leer la resoluci\u00f3n en la que acept\u00f3, la noche del martes \u00faltimo, el <\/b><i><b>habeas corpus<\/b><\/i><b> planteado por Jacobo Bucaram Pulley<\/b> ante una supuesta vulneraci\u00f3n de derechos en el Centro de Rehabilitaci\u00f3n Social n\u00famero 2 de Quito, m\u00e1s conocida como C\u00e1rcel 4, debido a que manten\u00eda una condici\u00f3n m\u00e9dica de riesgo.<\/p>\n<div id=\"attachment_258030\" style=\"width: 595px\" class=\"wp-caption alignnone\"><img aria-describedby=\"caption-attachment-258030\" loading=\"lazy\" class=\"size-full wp-image-258030\" src=\"https:\/\/www.ecuadortimes.net\/es\/wp-content\/uploads\/2021\/02\/ecuador-times-ecuador-news-jacobo-bucaram-pulley-health-problem-home-arrest.jpg\" alt=\"\" width=\"585\" height=\"670\" \/><p id=\"caption-attachment-258030\" class=\"wp-caption-text\">Juez no revoca la prisi\u00f3n preventiva que pesa sobre Jacobo Bucaram Pulley, pero por un problema de salud dispone su arresto domiciliario en Guayaquil<\/p><\/div>\n<p class=\"prose-text\">El juez aclar\u00f3 que con su resoluci\u00f3n no revoca la orden de prisi\u00f3n preventiva que pesa sobre Bucaram Pulley, como parte del proceso por delincuencia organizada en el que es investigado, pero s\u00ed resolvi\u00f3 que \u00e9l guarde arresto domiciliario en su vivienda ubicada en la <b>ciudadela Kennedy Norte, en Guayaquil<\/b>, mientras su estado de salud mejora.<\/p>\n<p class=\"prose-text\">Una vez que el estado de salud de Jacobo Bucaram Pulley se haya estabilizado, el juez dispuso que podr\u00e1 regresar a un Centro de Privaci\u00f3n de Libertad en donde se garantice que puede ser atendido por un m\u00e9dico de manera oportuna. El hijo mayor del expresidente Abdal\u00e1 Bucaram Ortiz fue trasladado, en medio de un operativo de seguridad, hasta la sala de audiencias en la que se evacu\u00f3 el recurso de <i>habeas corpus.<\/i><\/p>\n<p class=\"prose-text\"><i>Aunque el juez no especific\u00f3 el momento ni la forma en que se realice el traslado de Jacobo Bucaram Pulley a Guayaquil, en la C\u00e1rcel 4 ya se hac\u00edan los preparativos para cumplir con la resoluci\u00f3n emitida. Hasta las 16:30 de este mi\u00e9rcoles la falta de una orden judicial de salida imped\u00eda que se concrete el cambio dispuesto, el cual adem\u00e1s incluye que se le coloque un grillete electr\u00f3nico. <\/i><\/p>\n<p class=\"prose-text\">\u201cComo una acci\u00f3n de protecci\u00f3n inmediata de derechos dispongo que reciba esta atenci\u00f3n m\u00e9dica en su domicilio en<b> Guayaquil, ya que est\u00e1 en las condiciones geogr\u00e1ficas que van a favorecer su estado de salud\u201d<\/b>, refiri\u00f3 el juez Calder\u00f3n, al tiempo que aclar\u00f3 que disponer la libertad del procesado no es una opci\u00f3n, porque no tiene la competencia para hacerlo, pues el fundamento del pedido de <i>habeas corpus<\/i> no era recuperar su libertad sino precautelar su vida.<\/p>\n<p>Jacobo Bucaram presenta \u2018habeas corpus\u2019 por condici\u00f3n m\u00e9dica para pedir cambio a un centro de rehabilitaci\u00f3n al nivel del mar<\/p>\n<p class=\"prose-text\">Seg\u00fan su defensa, Jacobo Bucaram adolece de una \u201csevera\u201d hipertensi\u00f3n arterial esencial, catalogada como presi\u00f3n alta CIE 10-114, la cual se habr\u00eda estado tratando en el hospital Teodoro Maldonado, de Guayaquil, desde marzo de 2018.<\/p>\n<p class=\"prose-text\">Mientras Jacobo Bucaram Pulley cumpla arresto domiciliario podr\u00e1 tener atenci\u00f3n m\u00e9dica en ese lugar, mantendr\u00e1 <b>una vigilancia policial estricta y usar\u00e1 un dispositivo de vigilancia (grillete electr\u00f3nico).<\/b><\/p>\n<p class=\"prose-text\"><b>El juez adelant\u00f3 que se remitir\u00e1n todos los oficios <\/b>para que personal de la Polic\u00eda Nacional resguarde el sitio y garantice su permanencia dentro de ese domicilio, mientras el estado de salud del privado de libertad mejora.<\/p>\n<p class=\"prose-text\">Adem\u00e1s se indic\u00f3 en la resoluci\u00f3n que se podr\u00e1n realizar ex\u00e1menes peri\u00f3dicos al detenido con intervenci\u00f3n de las autoridades que <b>est\u00e1n a cargo de la privaci\u00f3n de la libertad de Jacobo Bucaram Pulley,<\/b> para determinar cu\u00e1l es el estado de salud real y su evoluci\u00f3n.<\/p>\n<p class=\"prose-text\">En el an\u00e1lisis de la resoluci\u00f3n, el juez consider\u00f3 que Jacobo Bucaram Pulley requiere tener una atenci\u00f3n m\u00e9dica que le garantice su vida <b>y la C\u00e1rcel 4, en el norte de Quito, donde se encuentra hasta el momento internado, no ser\u00eda el sitio adecuado.<\/b> Explic\u00f3 tambi\u00e9n que las condiciones geogr\u00e1ficas en donde se encuentra la C\u00e1rcel 4 (en la altura y la serran\u00eda) coadyuvan para que su estado de salud se deteriore, pues deber\u00eda estar en un sitio a nivel del mar, como lo han dicho dict\u00e1menes m\u00e9dicos escuchados en la diligencia que se instal\u00f3 pasadas las 13:30 y concluy\u00f3 poco antes de las 24:00 de este martes.<b> (I)<\/b><\/p>\n<p>https:\/\/www.eluniverso.com\/noticias\/ecuador\/juez-no-revoca-la-prision-preventiva-que-pesa-sobre-jacobo-bucaram-pulley-pero-por-un-problema-de-salud-dispone-su-arresto-domiciliario-en-guayaquil-nota\/<\/p>\n<\/section>\n","protected":false},"excerpt":{"rendered":"<p>M\u00e1s de una hora le tom\u00f3 al juez Esteban Calder\u00f3n, de la Unidad Judicial Especializada de Violencia contra la Mujer y la Familia, en Quito, leer la resoluci\u00f3n en la que acept\u00f3, la noche del martes \u00faltimo, el habeas corpus planteado por Jacobo Bucaram Pulley ante una supuesta vulneraci\u00f3n de derechos en el Centro de Rehabilitaci\u00f3n Social n\u00famero 2 de Quito, m\u00e1s conocida como C\u00e1rcel 4, debido a que manten\u00eda una condici\u00f3n m\u00e9dica de riesgo. El juez aclar\u00f3 que con su resoluci\u00f3n no revoca la orden de prisi\u00f3n preventiva que pesa sobre Bucaram Pulley, como parte del proceso por delincuencia organizada en el que es investigado, pero s\u00ed resolvi\u00f3 que \u00e9l guarde arresto domiciliario en su vivienda ubicada en la ciudadela Kennedy Norte, en Guayaquil, mientras su estado de salud mejora. Una vez que el estado de salud de Jacobo Bucaram Pulley se haya estabilizado, el juez dispuso que podr\u00e1 regresar a un Centro de Privaci\u00f3n de Libertad en donde se garantice que puede ser atendido por un m\u00e9dico de manera oportuna. El hijo mayor del expresidente Abdal\u00e1 Bucaram Ortiz fue trasladado, en medio de un operativo de seguridad, hasta la sala de audiencias en la que se evacu\u00f3 el recurso de habeas corpus. Aunque el juez no especific\u00f3 el momento ni la forma en que se realice el traslado de Jacobo Bucaram Pulley a Guayaquil, en la C\u00e1rcel 4 ya se hac\u00edan los preparativos para cumplir con la resoluci\u00f3n emitida. Hasta las 16:30 de este mi\u00e9rcoles la falta de una orden judicial de salida imped\u00eda que se concrete el cambio dispuesto, el cual adem\u00e1s incluye que se le coloque un grillete electr\u00f3nico. \u201cComo una acci\u00f3n de protecci\u00f3n inmediata de derechos dispongo que reciba esta atenci\u00f3n m\u00e9dica en su domicilio en Guayaquil, ya que est\u00e1 en las condiciones geogr\u00e1ficas que van a favorecer su estado de salud\u201d, refiri\u00f3 el juez Calder\u00f3n, al tiempo que aclar\u00f3 que disponer la libertad del procesado no es una opci\u00f3n, porque no tiene la competencia para hacerlo, pues el fundamento del pedido de habeas corpus no era recuperar su libertad sino precautelar su vida. Jacobo Bucaram presenta \u2018habeas corpus\u2019 por condici\u00f3n m\u00e9dica para pedir cambio a un centro de rehabilitaci\u00f3n al nivel del mar Seg\u00fan su defensa, Jacobo Bucaram adolece de una \u201csevera\u201d hipertensi\u00f3n arterial esencial, catalogada como presi\u00f3n alta CIE 10-114, la cual se habr\u00eda estado tratando en el hospital Teodoro Maldonado, de Guayaquil, desde marzo de 2018. Mientras Jacobo Bucaram Pulley cumpla arresto domiciliario podr\u00e1 tener atenci\u00f3n m\u00e9dica en ese lugar, mantendr\u00e1 una vigilancia policial estricta y usar\u00e1 un dispositivo de vigilancia (grillete electr\u00f3nico). El juez adelant\u00f3 que se remitir\u00e1n todos los oficios para que personal de la Polic\u00eda Nacional resguarde el sitio y garantice su permanencia dentro de ese domicilio, mientras el estado de salud del privado de libertad mejora. Adem\u00e1s se indic\u00f3 en la resoluci\u00f3n que se podr\u00e1n realizar ex\u00e1menes peri\u00f3dicos al detenido con intervenci\u00f3n de las autoridades que est\u00e1n a cargo de la privaci\u00f3n de la libertad de Jacobo Bucaram Pulley, para determinar cu\u00e1l es el estado de salud real y su evoluci\u00f3n. En el an\u00e1lisis de la resoluci\u00f3n, el juez consider\u00f3 que Jacobo Bucaram Pulley requiere tener una atenci\u00f3n m\u00e9dica que le garantice su vida y la C\u00e1rcel 4, en el norte de Quito, donde se encuentra hasta el momento internado, no ser\u00eda el sitio adecuado. Explic\u00f3 tambi\u00e9n que las condiciones geogr\u00e1ficas en donde se encuentra la C\u00e1rcel 4 (en la altura y la serran\u00eda) coadyuvan para que su estado de salud se deteriore, pues deber\u00eda estar en un sitio a nivel del mar, como lo han dicho dict\u00e1menes m\u00e9dicos escuchados en la diligencia que se instal\u00f3 pasadas las 13:30 y concluy\u00f3 poco antes de las 24:00 de este martes. (I) https:\/\/www.eluniverso.com\/noticias\/ecuador\/juez-no-revoca-la-prision-preventiva-que-pesa-sobre-jacobo-bucaram-pulley-pero-por-un-problema-de-salud-dispone-su-arresto-domiciliario-en-guayaquil-nota\/<\/p>\n","protected":false},"author":1,"featured_media":258030,"comment_status":"closed","ping_status":"closed","sticky":false,"template":"","format":"standard","meta":[],"categories":[40,24],"tags":[],"_links":{"self":[{"href":"https:\/\/www.ecuadortimes.net\/es\/wp-json\/wp\/v2\/posts\/258029"}],"collection":[{"href":"https:\/\/www.ecuadortimes.net\/es\/wp-json\/wp\/v2\/posts"}],"about":[{"href":"https:\/\/www.ecuadortimes.net\/es\/wp-json\/wp\/v2\/types\/post"}],"author":[{"embeddable":true,"href":"https:\/\/www.ecuadortimes.net\/es\/wp-json\/wp\/v2\/users\/1"}],"replies":[{"embeddable":true,"href":"https:\/\/www.ecuadortimes.net\/es\/wp-json\/wp\/v2\/comments?post=258029"}],"version-history":[{"count":2,"href":"https:\/\/www.ecuadortimes.net\/es\/wp-json\/wp\/v2\/posts\/258029\/revisions"}],"predecessor-version":[{"id":258032,"href":"https:\/\/www.ecuadortimes.net\/es\/wp-json\/wp\/v2\/posts\/258029\/revisions\/258032"}],"wp:featuredmedia":[{"embeddable":true,"href":"https:\/\/www.ecuadortimes.net\/es\/wp-json\/wp\/v2\/media\/258030"}],"wp:attachment":[{"href":"https:\/\/www.ecuadortimes.net\/es\/wp-json\/wp\/v2\/media?parent=258029"}],"wp:term":[{"taxonomy":"category","embeddable":true,"href":"https:\/\/www.ecuadortimes.net\/es\/wp-json\/wp\/v2\/categories?post=258029"},{"taxonomy":"post_tag","embeddable":true,"href":"https:\/\/www.ecuadortimes.net\/es\/wp-json\/wp\/v2\/tags?post=258029"}],"curies":[{"name":"wp","href":"https:\/\/api.w.org\/{rel}","templated":true}]}}