{"id":258033,"date":"2021-02-26T20:05:21","date_gmt":"2021-02-26T20:05:21","guid":{"rendered":"https:\/\/www.ecuadortimes.net\/es\/?p=258033"},"modified":"2021-02-26T20:05:21","modified_gmt":"2021-02-26T20:05:21","slug":"ministro-de-gobierno-asegura-que-se-investigan-posibles-nexos-de-bandas-involucradas-en-crimenes-de-carceles-de-ecuador-con-organizaciones-mexicanas-y-colombianas","status":"publish","type":"post","link":"https:\/\/www.ecuadortimes.net\/es\/ministro-de-gobierno-asegura-que-se-investigan-posibles-nexos-de-bandas-involucradas-en-crimenes-de-carceles-de-ecuador-con-organizaciones-mexicanas-y-colombianas\/","title":{"rendered":"Ministro de Gobierno asegura que se investigan posibles nexos de bandas involucradas en cr\u00edmenes de c\u00e1rceles de Ecuador con organizaciones mexicanas y colombianas"},"content":{"rendered":"<section class=\"prose prose-sm sm:prose max-w-none space-y-3 font-primary\">\n<p class=\"prose-text\">Patricio Pazmi\u00f1o, ministro de Gobierno, realiz\u00f3 esta tarde una inspecci\u00f3n en el Centro de Privaci\u00f3n de Libertad Zonal 8, en Guayaquil, luego de la masacre del pasado martes 23 y de los desmanes registrados la madrugada de este jueves 25.<\/p>\n<div id=\"attachment_258034\" style=\"width: 903px\" class=\"wp-caption alignnone\"><img aria-describedby=\"caption-attachment-258034\" loading=\"lazy\" class=\"size-full wp-image-258034\" src=\"https:\/\/www.ecuadortimes.net\/es\/wp-content\/uploads\/2021\/02\/ecuador-times-ecuador-news-government-minister-investigation-possible-nexus-gangs-involved-prison-riots.jpeg\" alt=\"\" width=\"893\" height=\"670\" srcset=\"https:\/\/www.ecuadortimes.net\/es\/wp-content\/uploads\/2021\/02\/ecuador-times-ecuador-news-government-minister-investigation-possible-nexus-gangs-involved-prison-riots.jpeg 893w, https:\/\/www.ecuadortimes.net\/es\/wp-content\/uploads\/2021\/02\/ecuador-times-ecuador-news-government-minister-investigation-possible-nexus-gangs-involved-prison-riots-75x55.jpeg 75w\" sizes=\"(max-width: 893px) 100vw, 893px\" \/><p id=\"caption-attachment-258034\" class=\"wp-caption-text\">Ministro de Gobierno asegura que se investigan posibles nexos de bandas involucradas en cr\u00edmenes de c\u00e1rceles de Ecuador con organizaciones mexicanas y colombianas<\/p><\/div>\n<p class=\"prose-text\">El funcionario manifest\u00f3 que el centro penitenciario est\u00e1 controlado, sin alteraciones del orden p\u00fablico, aunque admiti\u00f3 que hay espacios en el sitio \u201cpor solucionar\u201d.<\/p>\n<p class=\"prose-text\">\u2018Todav\u00eda hay grupos de PPL (personas privadas de libertad) que obedecen a algunos grupos, algunas estructuras que est\u00e1n tomando ciertos sitios, no est\u00e1n generando violencia, pero est\u00e1n ah\u00ed, necesitamos entrar all\u00e1, tomar el control de esclusas, puertas, ponerles en las celdas, pero todo esto est\u00e1 siendo de manera sistem\u00e1tica\u2019, dijo Pazmi\u00f1o.<\/p>\n<p class=\"prose-text\">Agreg\u00f3 que la violencia en ese centro penitenciario ha sido contenida.<\/p>\n<p class=\"prose-text\">Acerca de los panfletos y publicaciones en redes sociales que vincular\u00edan a los cr\u00edmenes en las c\u00e1rceles con carteles mexicanos, Pazmi\u00f1o dijo que se est\u00e1 investigando la procedencia y que las pesquisas revelar\u00e1n mayores detalles.<\/p>\n<p class=\"prose-text\">\u201cEsto (asesinatos) es producto de la actividad criminal, aqu\u00ed al menos se identifican estructuras que estar\u00edan vinculadas con organizaciones mexicanas y colombianas, otro detalle mayor de ese no le puedo dar porque todo tiene que ser por el proceso de investigaci\u00f3n, son temas tan delicados y tan serios que lo que menos necesitamos es especulaci\u00f3n\u201d, manifest\u00f3 el ministro.<\/p>\n<p class=\"prose-text\">Explic\u00f3 que se est\u00e1n analizando traslados de reos a otros centros carcelarios. \u201cTodav\u00eda estamos en proceso de gesti\u00f3n de la crisis\u201d, dijo Pazmi\u00f1o. <b>(I)<\/b><\/p>\n<p><a href=\"https:\/\/www.eluniverso.com\/noticias\/seguridad\/ministro-asegura-que-se-investigan-posibles-nexos-de-bandas-involucradas-en-crimenes-de-carceles-con-organizaciones-mexicanas-y-colombianas-nota\/\">https:\/\/www.eluniverso.com\/noticias\/seguridad\/ministro-asegura-que-se-investigan-posibles-nexos-de-bandas-involucradas-en-crimenes-de-carceles-con-organizaciones-mexicanas-y-colombianas-nota\/<\/a><\/p>\n<\/section>\n","protected":false},"excerpt":{"rendered":"<p>Patricio Pazmi\u00f1o, ministro de Gobierno, realiz\u00f3 esta tarde una inspecci\u00f3n en el Centro de Privaci\u00f3n de Libertad Zonal 8, en Guayaquil, luego de la masacre del pasado martes 23 y de los desmanes registrados la madrugada de este jueves 25. El funcionario manifest\u00f3 que el centro penitenciario est\u00e1 controlado, sin alteraciones del orden p\u00fablico, aunque admiti\u00f3 que hay espacios en el sitio \u201cpor solucionar\u201d. \u2018Todav\u00eda hay grupos de PPL (personas privadas de libertad) que obedecen a algunos grupos, algunas estructuras que est\u00e1n tomando ciertos sitios, no est\u00e1n generando violencia, pero est\u00e1n ah\u00ed, necesitamos entrar all\u00e1, tomar el control de esclusas, puertas, ponerles en las celdas, pero todo esto est\u00e1 siendo de manera sistem\u00e1tica\u2019, dijo Pazmi\u00f1o. Agreg\u00f3 que la violencia en ese centro penitenciario ha sido contenida. Acerca de los panfletos y publicaciones en redes sociales que vincular\u00edan a los cr\u00edmenes en las c\u00e1rceles con carteles mexicanos, Pazmi\u00f1o dijo que se est\u00e1 investigando la procedencia y que las pesquisas revelar\u00e1n mayores detalles. \u201cEsto (asesinatos) es producto de la actividad criminal, aqu\u00ed al menos se identifican estructuras que estar\u00edan vinculadas con organizaciones mexicanas y colombianas, otro detalle mayor de ese no le puedo dar porque todo tiene que ser por el proceso de investigaci\u00f3n, son temas tan delicados y tan serios que lo que menos necesitamos es especulaci\u00f3n\u201d, manifest\u00f3 el ministro. Explic\u00f3 que se est\u00e1n analizando traslados de reos a otros centros carcelarios. \u201cTodav\u00eda estamos en proceso de gesti\u00f3n de la crisis\u201d, dijo Pazmi\u00f1o. (I) https:\/\/www.eluniverso.com\/noticias\/seguridad\/ministro-asegura-que-se-investigan-posibles-nexos-de-bandas-involucradas-en-crimenes-de-carceles-con-organizaciones-mexicanas-y-colombianas-nota\/<\/p>\n","protected":false},"author":1,"featured_media":258034,"comment_status":"closed","ping_status":"closed","sticky":false,"template":"","format":"standard","meta":[],"categories":[35,23],"tags":[],"_links":{"self":[{"href":"https:\/\/www.ecuadortimes.net\/es\/wp-json\/wp\/v2\/posts\/258033"}],"collection":[{"href":"https:\/\/www.ecuadortimes.net\/es\/wp-json\/wp\/v2\/posts"}],"about":[{"href":"https:\/\/www.ecuadortimes.net\/es\/wp-json\/wp\/v2\/types\/post"}],"author":[{"embeddable":true,"href":"https:\/\/www.ecuadortimes.net\/es\/wp-json\/wp\/v2\/users\/1"}],"replies":[{"embeddable":true,"href":"https:\/\/www.ecuadortimes.net\/es\/wp-json\/wp\/v2\/comments?post=258033"}],"version-history":[{"count":1,"href":"https:\/\/www.ecuadortimes.net\/es\/wp-json\/wp\/v2\/posts\/258033\/revisions"}],"predecessor-version":[{"id":258035,"href":"https:\/\/www.ecuadortimes.net\/es\/wp-json\/wp\/v2\/posts\/258033\/revisions\/258035"}],"wp:featuredmedia":[{"embeddable":true,"href":"https:\/\/www.ecuadortimes.net\/es\/wp-json\/wp\/v2\/media\/258034"}],"wp:attachment":[{"href":"https:\/\/www.ecuadortimes.net\/es\/wp-json\/wp\/v2\/media?parent=258033"}],"wp:term":[{"taxonomy":"category","embeddable":true,"href":"https:\/\/www.ecuadortimes.net\/es\/wp-json\/wp\/v2\/categories?post=258033"},{"taxonomy":"post_tag","embeddable":true,"href":"https:\/\/www.ecuadortimes.net\/es\/wp-json\/wp\/v2\/tags?post=258033"}],"curies":[{"name":"wp","href":"https:\/\/api.w.org\/{rel}","templated":true}]}}