{"id":258036,"date":"2021-02-26T20:28:19","date_gmt":"2021-02-26T20:28:19","guid":{"rendered":"https:\/\/www.ecuadortimes.net\/es\/?p=258036"},"modified":"2021-02-26T20:28:19","modified_gmt":"2021-02-26T20:28:19","slug":"alemania-ecuador-y-ghana-preocupados-por-la-contaminacion-marina-por-plasticos","status":"publish","type":"post","link":"https:\/\/www.ecuadortimes.net\/es\/alemania-ecuador-y-ghana-preocupados-por-la-contaminacion-marina-por-plasticos\/","title":{"rendered":"Alemania, Ecuador y Ghana, preocupados por la contaminaci\u00f3n marina por pl\u00e1sticos"},"content":{"rendered":"<p>Durante la 5\u00aa Asamblea de las Naciones Unidas para el Medio Ambiente (UNEA-5), cuya primera parte se llev\u00f3 a cabo de forma virtual el 22 y 23 de febrero \u00faltimos, la delegaci\u00f3n de Alemania anunci\u00f3 \u2013a nombre del Ecuador, Ghana y la propia Alemania\u2013 la decisi\u00f3n de iniciar los preparativos para convocar a una Reuni\u00f3n Ministerial sobre Contaminaci\u00f3n Marina por Pl\u00e1sticos, la misma que se llevar\u00eda a cabo a finales del tercer trimestre de este a\u00f1o.<\/p>\n<div id=\"attachment_258037\" style=\"width: 1210px\" class=\"wp-caption alignnone\"><img aria-describedby=\"caption-attachment-258037\" loading=\"lazy\" class=\"size-full wp-image-258037\" src=\"https:\/\/www.ecuadortimes.net\/es\/wp-content\/uploads\/2021\/02\/ecuador-times-ecuador-news-germany-ghana-worried-about-contamination-marine-plastics.jpg\" alt=\"\" width=\"1200\" height=\"810\" srcset=\"https:\/\/www.ecuadortimes.net\/es\/wp-content\/uploads\/2021\/02\/ecuador-times-ecuador-news-germany-ghana-worried-about-contamination-marine-plastics.jpg 1200w, https:\/\/www.ecuadortimes.net\/es\/wp-content\/uploads\/2021\/02\/ecuador-times-ecuador-news-germany-ghana-worried-about-contamination-marine-plastics-75x52.jpg 75w\" sizes=\"(max-width: 1200px) 100vw, 1200px\" \/><p id=\"caption-attachment-258037\" class=\"wp-caption-text\">Alemania, Ecuador y Ghana, preocupados por la contaminaci\u00f3n marina por pl\u00e1sticos<\/p><\/div>\n<p>&nbsp;<\/p>\n<p>La iniciativa cuenta con el apoyo de la Presidencia de la UNEA, actualmente bajo la direcci\u00f3n de Noruega, y se beneficiar\u00eda de una cooperaci\u00f3n estrecha con la Secretar\u00eda del Programa de Naciones Unidas para el Medio Ambiente (Pnuma).<\/p>\n<p>El impulso pol\u00edtico para un acuerdo mundial que aborde el ciclo de vida completo de los pl\u00e1sticos es cada vez mayor.<\/p>\n<p>En este sentido, Ecuador, Ghana y Alemania se unieron para mantener dicho impulso y lograr, a trav\u00e9s de una Conferencia Ministerial, consolidar los apoyos necesarios desde todas las regiones del mundo a favor del establecimiento de un instrumento jur\u00eddicamente vinculante sobre pl\u00e1sticos marinos, de manera que su negociaci\u00f3n pueda iniciarse en la segunda parte de la Quinta Asamblea de la UNEA (5.2), la misma que se llevar\u00e1 a cabo en febrero de 2022.<\/p>\n<p>Ecuador est\u00e1 comprometido con la reducci\u00f3n de la basura pl\u00e1stica marina, a nivel nacional y regional, y lo demuestra mediante la ejecuci\u00f3n de acciones, estudios y campa\u00f1as, y a nivel internacional mediante su participaci\u00f3n en el Grupo de Amigos de Naciones Unidas para Combatir la Contaminaci\u00f3n Pl\u00e1stica Marina, y en las acciones previstas en las cuatro resoluciones de la UNEA sobre contaminaci\u00f3n pl\u00e1stica marina, el Plan de Acci\u00f3n 2018 de la Organizaci\u00f3n Mar\u00edtima Internacional (OMI), y la Decisi\u00f3n de 2019 del Convenio de Basilea sobre el control de los movimientos transfronterizos de los desechos peligrosos y su eliminaci\u00f3n.<\/p>\n<p>Adem\u00e1s de contar desde noviembre de 2020 con una Ley Org\u00e1nica para la Racionalizaci\u00f3n, Reutilizaci\u00f3n y Reciclaje de Pl\u00e1sticos y la Prohibici\u00f3n de Pl\u00e1sticos de un solo uso en el Comercio.<\/p>\n<p>Desechos pl\u00e1sticos por toneladas<\/p>\n<p>En todo el mundo se producen alrededor de 1.300 millones de toneladas de desechos pl\u00e1sticos por a\u00f1o, cifra que podr\u00e1 aumentar a 2.200 millones para el a\u00f1o 2025.<\/p>\n<p>Este fen\u00f3meno ha desbordado ampliamente la capacidad individual de los pa\u00edses para manejar de manera sostenible dichos residuos y su impacto para la biodiversidad.<\/p>\n<p>La realizaci\u00f3n de la reuni\u00f3n ministerial que tiene por meta la adopci\u00f3n de un Acuerdo Global sobre Contaminaci\u00f3n Marina por Pl\u00e1sticos plantea la oportunidad de examinar los pr\u00f3ximos pasos en materia de gobernanza mundial, promoviendo al mismo tiempo la constituci\u00f3n de un Comit\u00e9 de Negociaci\u00f3n Internacional que nos acerque cada vez m\u00e1s hacia la adopci\u00f3n de un nuevo e hist\u00f3rico Convenio sobre Contaminaci\u00f3n por Pl\u00e1sticos, iniciativa que desde ya cuenta con un amplio apoyo de varios Estados, organizaciones de la sociedad civil y expertos en la materia. (I)<\/p>\n<p><a href=\"https:\/\/www.eltelegrafo.com.ec\/noticias\/actualidad\/44\/alemania-ecuador-y-ghana-preocupados-por-la-contaminacion-marina-por-plasticos\">https:\/\/www.eltelegrafo.com.ec\/noticias\/actualidad\/44\/alemania-ecuador-y-ghana-preocupados-por-la-contaminacion-marina-por-plasticos<\/a><\/p>\n","protected":false},"excerpt":{"rendered":"<p>Durante la 5\u00aa Asamblea de las Naciones Unidas para el Medio Ambiente (UNEA-5), cuya primera parte se llev\u00f3 a cabo de forma virtual el 22 y 23 de febrero \u00faltimos, la delegaci\u00f3n de Alemania anunci\u00f3 \u2013a nombre del Ecuador, Ghana y la propia Alemania\u2013 la decisi\u00f3n de iniciar los preparativos para convocar a una Reuni\u00f3n Ministerial sobre Contaminaci\u00f3n Marina por Pl\u00e1sticos, la misma que se llevar\u00eda a cabo a finales del tercer trimestre de este a\u00f1o. &nbsp; La iniciativa cuenta con el apoyo de la Presidencia de la UNEA, actualmente bajo la direcci\u00f3n de Noruega, y se beneficiar\u00eda de una cooperaci\u00f3n estrecha con la Secretar\u00eda del Programa de Naciones Unidas para el Medio Ambiente (Pnuma). El impulso pol\u00edtico para un acuerdo mundial que aborde el ciclo de vida completo de los pl\u00e1sticos es cada vez mayor. En este sentido, Ecuador, Ghana y Alemania se unieron para mantener dicho impulso y lograr, a trav\u00e9s de una Conferencia Ministerial, consolidar los apoyos necesarios desde todas las regiones del mundo a favor del establecimiento de un instrumento jur\u00eddicamente vinculante sobre pl\u00e1sticos marinos, de manera que su negociaci\u00f3n pueda iniciarse en la segunda parte de la Quinta Asamblea de la UNEA (5.2), la misma que se llevar\u00e1 a cabo en febrero de 2022. Ecuador est\u00e1 comprometido con la reducci\u00f3n de la basura pl\u00e1stica marina, a nivel nacional y regional, y lo demuestra mediante la ejecuci\u00f3n de acciones, estudios y campa\u00f1as, y a nivel internacional mediante su participaci\u00f3n en el Grupo de Amigos de Naciones Unidas para Combatir la Contaminaci\u00f3n Pl\u00e1stica Marina, y en las acciones previstas en las cuatro resoluciones de la UNEA sobre contaminaci\u00f3n pl\u00e1stica marina, el Plan de Acci\u00f3n 2018 de la Organizaci\u00f3n Mar\u00edtima Internacional (OMI), y la Decisi\u00f3n de 2019 del Convenio de Basilea sobre el control de los movimientos transfronterizos de los desechos peligrosos y su eliminaci\u00f3n. Adem\u00e1s de contar desde noviembre de 2020 con una Ley Org\u00e1nica para la Racionalizaci\u00f3n, Reutilizaci\u00f3n y Reciclaje de Pl\u00e1sticos y la Prohibici\u00f3n de Pl\u00e1sticos de un solo uso en el Comercio. Desechos pl\u00e1sticos por toneladas En todo el mundo se producen alrededor de 1.300 millones de toneladas de desechos pl\u00e1sticos por a\u00f1o, cifra que podr\u00e1 aumentar a 2.200 millones para el a\u00f1o 2025. Este fen\u00f3meno ha desbordado ampliamente la capacidad individual de los pa\u00edses para manejar de manera sostenible dichos residuos y su impacto para la biodiversidad. La realizaci\u00f3n de la reuni\u00f3n ministerial que tiene por meta la adopci\u00f3n de un Acuerdo Global sobre Contaminaci\u00f3n Marina por Pl\u00e1sticos plantea la oportunidad de examinar los pr\u00f3ximos pasos en materia de gobernanza mundial, promoviendo al mismo tiempo la constituci\u00f3n de un Comit\u00e9 de Negociaci\u00f3n Internacional que nos acerque cada vez m\u00e1s hacia la adopci\u00f3n de un nuevo e hist\u00f3rico Convenio sobre Contaminaci\u00f3n por Pl\u00e1sticos, iniciativa que desde ya cuenta con un amplio apoyo de varios Estados, organizaciones de la sociedad civil y expertos en la materia. (I) https:\/\/www.eltelegrafo.com.ec\/noticias\/actualidad\/44\/alemania-ecuador-y-ghana-preocupados-por-la-contaminacion-marina-por-plasticos<\/p>\n","protected":false},"author":1,"featured_media":258037,"comment_status":"closed","ping_status":"closed","sticky":false,"template":"","format":"standard","meta":[],"categories":[35,24],"tags":[],"_links":{"self":[{"href":"https:\/\/www.ecuadortimes.net\/es\/wp-json\/wp\/v2\/posts\/258036"}],"collection":[{"href":"https:\/\/www.ecuadortimes.net\/es\/wp-json\/wp\/v2\/posts"}],"about":[{"href":"https:\/\/www.ecuadortimes.net\/es\/wp-json\/wp\/v2\/types\/post"}],"author":[{"embeddable":true,"href":"https:\/\/www.ecuadortimes.net\/es\/wp-json\/wp\/v2\/users\/1"}],"replies":[{"embeddable":true,"href":"https:\/\/www.ecuadortimes.net\/es\/wp-json\/wp\/v2\/comments?post=258036"}],"version-history":[{"count":1,"href":"https:\/\/www.ecuadortimes.net\/es\/wp-json\/wp\/v2\/posts\/258036\/revisions"}],"predecessor-version":[{"id":258038,"href":"https:\/\/www.ecuadortimes.net\/es\/wp-json\/wp\/v2\/posts\/258036\/revisions\/258038"}],"wp:featuredmedia":[{"embeddable":true,"href":"https:\/\/www.ecuadortimes.net\/es\/wp-json\/wp\/v2\/media\/258037"}],"wp:attachment":[{"href":"https:\/\/www.ecuadortimes.net\/es\/wp-json\/wp\/v2\/media?parent=258036"}],"wp:term":[{"taxonomy":"category","embeddable":true,"href":"https:\/\/www.ecuadortimes.net\/es\/wp-json\/wp\/v2\/categories?post=258036"},{"taxonomy":"post_tag","embeddable":true,"href":"https:\/\/www.ecuadortimes.net\/es\/wp-json\/wp\/v2\/tags?post=258036"}],"curies":[{"name":"wp","href":"https:\/\/api.w.org\/{rel}","templated":true}]}}