{"id":258255,"date":"2021-03-30T00:53:46","date_gmt":"2021-03-30T00:53:46","guid":{"rendered":"https:\/\/www.ecuadortimes.net\/es\/?p=258255"},"modified":"2021-03-30T00:53:46","modified_gmt":"2021-03-30T00:53:46","slug":"policia-nacional-rechaza-informe-sobre-el-accionar-policial-en-las-protestas-de-octubre-de-2019","status":"publish","type":"post","link":"https:\/\/www.ecuadortimes.net\/es\/policia-nacional-rechaza-informe-sobre-el-accionar-policial-en-las-protestas-de-octubre-de-2019\/","title":{"rendered":"Polic\u00eda Nacional rechaza informe sobre el accionar policial en las protestas de octubre de 2019"},"content":{"rendered":"<p>La comandante general de la Polic\u00eda, Tanya Varela, rechaz\u00f3 que la Comisi\u00f3n de la Verdad creada por la Defensor\u00eda del Pueblo determinara que hubo cr\u00edmenes de lesa humanidad en las protestas de octubre de 2019.<\/p>\n<div id=\"attachment_258256\" style=\"width: 1210px\" class=\"wp-caption alignnone\"><img aria-describedby=\"caption-attachment-258256\" loading=\"lazy\" class=\"size-full wp-image-258256\" src=\"https:\/\/www.ecuadortimes.net\/es\/wp-content\/uploads\/2021\/03\/ecuador-times-ecuador-news-national-police-rejects-report-about-police-protests-2019.jpg\" alt=\"\" width=\"1200\" height=\"810\" srcset=\"https:\/\/www.ecuadortimes.net\/es\/wp-content\/uploads\/2021\/03\/ecuador-times-ecuador-news-national-police-rejects-report-about-police-protests-2019.jpg 1200w, https:\/\/www.ecuadortimes.net\/es\/wp-content\/uploads\/2021\/03\/ecuador-times-ecuador-news-national-police-rejects-report-about-police-protests-2019-75x52.jpg 75w\" sizes=\"(max-width: 1200px) 100vw, 1200px\" \/><p id=\"caption-attachment-258256\" class=\"wp-caption-text\">Polic\u00eda Nacional rechaza informe sobre el accionar policial en las protestas de octubre de 2019<\/p><\/div>\n<p>A trav\u00e9s de un pronunciamiento oficial, Varela recalc\u00f3 que la Polic\u00eda Nacional actu\u00f3 en el marco de la ley y que su accionar fue profesional, legal y constitucional. \u201cNuestra misi\u00f3n fue trabajar con vehemencia para recuperar y mantener el orden p\u00fablico\u201d, agreg\u00f3.<\/p>\n<p>Seg\u00fan la Defensor\u00eda del Pueblo, durante las violentas protestas que se registraron en el Ecuador en los primeros 11 d\u00edas de octubre hubo exceso policial. El titular de esa instituci\u00f3n, Freddy Carri\u00f3n, asegura que existieron vulneraciones a los derechos humanos.<\/p>\n<div class=\"col-12 col-md-8\">\n<div class=\"itemFullText\">\n<p>\u201cRechazamos ese informe sesgado\u201d, dijo Varela. La comandante record\u00f3 que efectivos policiales fueron agredidos, secuestrados y hasta incinerados en los enfrentamientos contra los manifestantes. Adem\u00e1s, polic\u00edas mujeres fueron v\u00edctimas de agresi\u00f3n sexual.<\/p>\n<p>Varela se\u00f1al\u00f3 que la instituci\u00f3n est\u00e1 abierta a cualquier investigaci\u00f3n que ejecute la justicia, pero mantienen tranquilidad al saber que su labor en octubre fue para \u201cproteger la vida y paz\u201d de los ecuatorianos.<\/p>\n<p>Carri\u00f3n asegura que al menos tres delitos de lesa humanidad se registraron en el paro nacional, por lo que espera que la Fiscal\u00eda logre la reparaci\u00f3n integral a las v\u00edctimas. Sin embargo, la Polic\u00eda respondi\u00f3 que en las protestas hubo grupos sociales que se dedicaron a vandalizar, saquear, destruir y violentar a los ciudadanos. &#8220;Ordas de gente armada y violenta intentaron someter la seguridad&#8221;, acot\u00f3 Varela.<\/p>\n<p>Los incidentes se produjeron por el descontento social ante una medida econ\u00f3mica del Gobierno, que d\u00edas despu\u00e9s fue derogada tras los di\u00e1logos con autoridades ind\u00edgenas. Sin embargo, los impulsadores de las protestas, como Jaime Vargas y Leonidas Iza, niegan su responsabilidad en los hechos violentos y sostienen que hubo infiltrados para causar el caos en el pa\u00eds.\u00a0<strong>(I)<\/strong><\/p>\n<p><a href=\"https:\/\/www.eltelegrafo.com.ec\/noticias\/judicial\/12\/policia-nacional-protestas-octubre\">https:\/\/www.eltelegrafo.com.ec\/noticias\/judicial\/12\/policia-nacional-protestas-octubre<\/a><\/p>\n<\/div>\n<\/div>\n","protected":false},"excerpt":{"rendered":"<p>La comandante general de la Polic\u00eda, Tanya Varela, rechaz\u00f3 que la Comisi\u00f3n de la Verdad creada por la Defensor\u00eda del Pueblo determinara que hubo cr\u00edmenes de lesa humanidad en las protestas de octubre de 2019. A trav\u00e9s de un pronunciamiento oficial, Varela recalc\u00f3 que la Polic\u00eda Nacional actu\u00f3 en el marco de la ley y que su accionar fue profesional, legal y constitucional. \u201cNuestra misi\u00f3n fue trabajar con vehemencia para recuperar y mantener el orden p\u00fablico\u201d, agreg\u00f3. Seg\u00fan la Defensor\u00eda del Pueblo, durante las violentas protestas que se registraron en el Ecuador en los primeros 11 d\u00edas de octubre hubo exceso policial. El titular de esa instituci\u00f3n, Freddy Carri\u00f3n, asegura que existieron vulneraciones a los derechos humanos. \u201cRechazamos ese informe sesgado\u201d, dijo Varela. La comandante record\u00f3 que efectivos policiales fueron agredidos, secuestrados y hasta incinerados en los enfrentamientos contra los manifestantes. Adem\u00e1s, polic\u00edas mujeres fueron v\u00edctimas de agresi\u00f3n sexual. Varela se\u00f1al\u00f3 que la instituci\u00f3n est\u00e1 abierta a cualquier investigaci\u00f3n que ejecute la justicia, pero mantienen tranquilidad al saber que su labor en octubre fue para \u201cproteger la vida y paz\u201d de los ecuatorianos. Carri\u00f3n asegura que al menos tres delitos de lesa humanidad se registraron en el paro nacional, por lo que espera que la Fiscal\u00eda logre la reparaci\u00f3n integral a las v\u00edctimas. Sin embargo, la Polic\u00eda respondi\u00f3 que en las protestas hubo grupos sociales que se dedicaron a vandalizar, saquear, destruir y violentar a los ciudadanos. &#8220;Ordas de gente armada y violenta intentaron someter la seguridad&#8221;, acot\u00f3 Varela. Los incidentes se produjeron por el descontento social ante una medida econ\u00f3mica del Gobierno, que d\u00edas despu\u00e9s fue derogada tras los di\u00e1logos con autoridades ind\u00edgenas. Sin embargo, los impulsadores de las protestas, como Jaime Vargas y Leonidas Iza, niegan su responsabilidad en los hechos violentos y sostienen que hubo infiltrados para causar el caos en el pa\u00eds.\u00a0(I) https:\/\/www.eltelegrafo.com.ec\/noticias\/judicial\/12\/policia-nacional-protestas-octubre<\/p>\n","protected":false},"author":1,"featured_media":258256,"comment_status":"closed","ping_status":"closed","sticky":false,"template":"","format":"standard","meta":[],"categories":[35,24],"tags":[],"_links":{"self":[{"href":"https:\/\/www.ecuadortimes.net\/es\/wp-json\/wp\/v2\/posts\/258255"}],"collection":[{"href":"https:\/\/www.ecuadortimes.net\/es\/wp-json\/wp\/v2\/posts"}],"about":[{"href":"https:\/\/www.ecuadortimes.net\/es\/wp-json\/wp\/v2\/types\/post"}],"author":[{"embeddable":true,"href":"https:\/\/www.ecuadortimes.net\/es\/wp-json\/wp\/v2\/users\/1"}],"replies":[{"embeddable":true,"href":"https:\/\/www.ecuadortimes.net\/es\/wp-json\/wp\/v2\/comments?post=258255"}],"version-history":[{"count":1,"href":"https:\/\/www.ecuadortimes.net\/es\/wp-json\/wp\/v2\/posts\/258255\/revisions"}],"predecessor-version":[{"id":258257,"href":"https:\/\/www.ecuadortimes.net\/es\/wp-json\/wp\/v2\/posts\/258255\/revisions\/258257"}],"wp:featuredmedia":[{"embeddable":true,"href":"https:\/\/www.ecuadortimes.net\/es\/wp-json\/wp\/v2\/media\/258256"}],"wp:attachment":[{"href":"https:\/\/www.ecuadortimes.net\/es\/wp-json\/wp\/v2\/media?parent=258255"}],"wp:term":[{"taxonomy":"category","embeddable":true,"href":"https:\/\/www.ecuadortimes.net\/es\/wp-json\/wp\/v2\/categories?post=258255"},{"taxonomy":"post_tag","embeddable":true,"href":"https:\/\/www.ecuadortimes.net\/es\/wp-json\/wp\/v2\/tags?post=258255"}],"curies":[{"name":"wp","href":"https:\/\/api.w.org\/{rel}","templated":true}]}}