{"id":258259,"date":"2021-03-30T01:08:01","date_gmt":"2021-03-30T01:08:01","guid":{"rendered":"https:\/\/www.ecuadortimes.net\/es\/?p=258259"},"modified":"2021-03-30T01:08:01","modified_gmt":"2021-03-30T01:08:01","slug":"ley-para-la-defensa-de-la-dolarizacion-fue-aprobada-por-el-cal-e-inicia-su-tratamiento","status":"publish","type":"post","link":"https:\/\/www.ecuadortimes.net\/es\/ley-para-la-defensa-de-la-dolarizacion-fue-aprobada-por-el-cal-e-inicia-su-tratamiento\/","title":{"rendered":"Ley para la defensa de la dolarizaci\u00f3n fue aprobada por el CAL e inicia su tratamiento"},"content":{"rendered":"<p id=\"m12-11-13\">El asamble\u00edsta Patricio Donoso, de Creo, confirm\u00f3 la ma\u00f1ana de este lunes 29 de marzo del 2021 que el<b> Consejo de Administraci\u00f3n Legislativa (CAL)<\/b> calific\u00f3 la <b>ley de defensa de la dolarizaci\u00f3n <\/b>y la remiti\u00f3 a la <b>Comisi\u00f3n de R\u00e9gimen Econ\u00f3mico<\/b> para que sea tramitada.<\/p>\n<div id=\"attachment_258260\" style=\"width: 622px\" class=\"wp-caption alignnone\"><img aria-describedby=\"caption-attachment-258260\" loading=\"lazy\" class=\"size-full wp-image-258260\" src=\"https:\/\/www.ecuadortimes.net\/es\/wp-content\/uploads\/2021\/03\/ecuador-times-ecuador-news-law-defense-dollarization-aproved-by-cal.jpeg\" alt=\"\" width=\"612\" height=\"340\" \/><p id=\"caption-attachment-258260\" class=\"wp-caption-text\">Ley para la defensa de la dolarizaci\u00f3n fue aprobada por el CAL e inicia su tratamiento<\/p><\/div>\n<p id=\"m58-1-59\">El an\u00e1lisis del CAL dur\u00f3 20 minutos. Se revis\u00f3 que el texto cumpliera con <b>requisitos <\/b>de forma y se &#8220;disiparon las <b>dudas<\/b>&#8220;, dijo Donoso.<\/p>\n<p>El proyecto normativo tiene<b> car\u00e1cter de econ\u00f3mico urgente<\/b>, es decir debe estar listo hasta el 25 de abril. Fue remitido el jueves pasado, tras haber sido <b>rechazado <\/b>dos veces por el CAL. Esos <b>borradores <\/b>fueron reformados y en el tercer intento se abri\u00f3 la v\u00eda del tr\u00e1mite.<\/p>\n<p>Seg\u00fan el ministro de Econom\u00eda, <b>Mauricio Pozo,<\/b> el texto busca proteger la <b>dolarizaci\u00f3n <\/b>y evitar que las <b>reservas <\/b>del <b>Banco Central<\/b> sean usadas para financiar al gobierno central o aut\u00f3nomos.<\/p>\n<p id=\"m64-2-65\">Por su parte, para los corre\u00edstas, esta ley busca &#8220;privatizar&#8221; el Banco Central y &#8220;entregarlo al FMI&#8221;, ha dicho el asamble\u00edsta Mauricio Proa\u00f1o.<\/p>\n<p><a href=\"https:\/\/www.elcomercio.com\/actualidad\/cal-aprobacion-ley-defensa-dolarizacion.html\">https:\/\/www.elcomercio.com\/actualidad\/cal-aprobacion-ley-defensa-dolarizacion.html<\/a><\/p>\n","protected":false},"excerpt":{"rendered":"<p>El asamble\u00edsta Patricio Donoso, de Creo, confirm\u00f3 la ma\u00f1ana de este lunes 29 de marzo del 2021 que el Consejo de Administraci\u00f3n Legislativa (CAL) calific\u00f3 la ley de defensa de la dolarizaci\u00f3n y la remiti\u00f3 a la Comisi\u00f3n de R\u00e9gimen Econ\u00f3mico para que sea tramitada. El an\u00e1lisis del CAL dur\u00f3 20 minutos. Se revis\u00f3 que el texto cumpliera con requisitos de forma y se &#8220;disiparon las dudas&#8220;, dijo Donoso. El proyecto normativo tiene car\u00e1cter de econ\u00f3mico urgente, es decir debe estar listo hasta el 25 de abril. Fue remitido el jueves pasado, tras haber sido rechazado dos veces por el CAL. Esos borradores fueron reformados y en el tercer intento se abri\u00f3 la v\u00eda del tr\u00e1mite. Seg\u00fan el ministro de Econom\u00eda, Mauricio Pozo, el texto busca proteger la dolarizaci\u00f3n y evitar que las reservas del Banco Central sean usadas para financiar al gobierno central o aut\u00f3nomos. Por su parte, para los corre\u00edstas, esta ley busca &#8220;privatizar&#8221; el Banco Central y &#8220;entregarlo al FMI&#8221;, ha dicho el asamble\u00edsta Mauricio Proa\u00f1o. https:\/\/www.elcomercio.com\/actualidad\/cal-aprobacion-ley-defensa-dolarizacion.html<\/p>\n","protected":false},"author":1,"featured_media":258260,"comment_status":"closed","ping_status":"closed","sticky":false,"template":"","format":"standard","meta":[],"categories":[40,24],"tags":[],"_links":{"self":[{"href":"https:\/\/www.ecuadortimes.net\/es\/wp-json\/wp\/v2\/posts\/258259"}],"collection":[{"href":"https:\/\/www.ecuadortimes.net\/es\/wp-json\/wp\/v2\/posts"}],"about":[{"href":"https:\/\/www.ecuadortimes.net\/es\/wp-json\/wp\/v2\/types\/post"}],"author":[{"embeddable":true,"href":"https:\/\/www.ecuadortimes.net\/es\/wp-json\/wp\/v2\/users\/1"}],"replies":[{"embeddable":true,"href":"https:\/\/www.ecuadortimes.net\/es\/wp-json\/wp\/v2\/comments?post=258259"}],"version-history":[{"count":1,"href":"https:\/\/www.ecuadortimes.net\/es\/wp-json\/wp\/v2\/posts\/258259\/revisions"}],"predecessor-version":[{"id":258261,"href":"https:\/\/www.ecuadortimes.net\/es\/wp-json\/wp\/v2\/posts\/258259\/revisions\/258261"}],"wp:featuredmedia":[{"embeddable":true,"href":"https:\/\/www.ecuadortimes.net\/es\/wp-json\/wp\/v2\/media\/258260"}],"wp:attachment":[{"href":"https:\/\/www.ecuadortimes.net\/es\/wp-json\/wp\/v2\/media?parent=258259"}],"wp:term":[{"taxonomy":"category","embeddable":true,"href":"https:\/\/www.ecuadortimes.net\/es\/wp-json\/wp\/v2\/categories?post=258259"},{"taxonomy":"post_tag","embeddable":true,"href":"https:\/\/www.ecuadortimes.net\/es\/wp-json\/wp\/v2\/tags?post=258259"}],"curies":[{"name":"wp","href":"https:\/\/api.w.org\/{rel}","templated":true}]}}