{"id":258265,"date":"2021-03-31T15:27:09","date_gmt":"2021-03-31T15:27:09","guid":{"rendered":"https:\/\/www.ecuadortimes.net\/es\/?p=258265"},"modified":"2021-03-31T15:27:09","modified_gmt":"2021-03-31T15:27:09","slug":"la-verdadera-defensa-de-la-dolarizacion","status":"publish","type":"post","link":"https:\/\/www.ecuadortimes.net\/es\/la-verdadera-defensa-de-la-dolarizacion\/","title":{"rendered":"La verdadera defensa de la dolarizaci\u00f3n"},"content":{"rendered":"<p>Hay un tercer intento del actual gobierno por procurar que la Ley de defensa de la dolarizaci\u00f3n se apruebe en la Asamblea. Su idea principal es dotarle de independencia al BCE; sin embargo, si esta ley es aprobada \u2013 lo cual es poco probable dado que tenemos la peor Asamblea de todo el per\u00edodo democr\u00e1tico- no debemos ser ingenuos y suponer que el populismo econ\u00f3mico del candidato corre\u00edsta, en caso gane las elecciones, vaya a acatarla; con seguridad invocar\u00e1n alguna argucia constitucional a la que est\u00e1n acostumbrados a recurrir para justificar un nuevo asalto a la institucionalidad del pa\u00eds.<\/p>\n<div id=\"attachment_258266\" style=\"width: 650px\" class=\"wp-caption alignnone\"><img aria-describedby=\"caption-attachment-258266\" loading=\"lazy\" class=\"size-full wp-image-258266\" src=\"https:\/\/www.ecuadortimes.net\/es\/wp-content\/uploads\/2021\/03\/ecuador-times-ecuador-news-in-the-defense-of-dollar.jpg\" alt=\"\" width=\"640\" height=\"349\" \/><p id=\"caption-attachment-258266\" class=\"wp-caption-text\">La verdadera defensa de la dolarizaci\u00f3n<\/p><\/div>\n<p>La cr\u00edtica situaci\u00f3n fiscal del Estado sumado a sus ofrecimientos electorales nos hacen prever que nuestro sistema monetario estar\u00eda en serio riesgo de terminarse. Este candidato anunci\u00f3 que tomar\u00e1 las reservas del BCE, propiedad de los depositantes privados de la banca, cooperativas, el IESS, los GAD, etc., para incrementar el gasto social. Esta inyecci\u00f3n de recursos tendr\u00e1 serios efectos, entre ellos, un incremento de la masa monetaria que estimular\u00e1 el consumo sobre una inalterada capacidad productiva que se diluir\u00e1 en pocas semanas, con un probable incremento de la inflaci\u00f3n, pues hay una mayor cantidad de dinero que va por una misma cantidad de producci\u00f3n, la misma que se absorbe a trav\u00e9s de un incremento en los precios.<\/p>\n<p>El BCE sin reservas debilita la cobertura de sus pasivos y erosiona seriamente la confianza en el sistema financiero. Un efecto m\u00e1s pernicioso ser\u00e1 la emisi\u00f3n inorg\u00e1nica de \u201cdinero electr\u00f3nico\u201d para cubrir este gasto no presupuestado, configur\u00e1ndose as\u00ed un medio de pago adicional al d\u00f3lar, que seguidamente empezar\u00e1 a transarse a un menor precio, por la desconfianza de los agentes econ\u00f3micos en una moneda paralela sin respaldo productivo, estableciendo de esta forma una devaluaci\u00f3n de hecho y el inicio de la desdolarizaci\u00f3n en el pa\u00eds.<\/p>\n<p>Los d\u00f3lares verdaderos pugnar\u00e1n por salir del sistema financiero y el Gobierno adoptar\u00e1 medidas de control como subir el impuesto a salida de divisas y terminar\u00e1 en un congelamiento de las cuentas corrientes y de ahorro. Se ver\u00e1 forzado a emitir cada vez m\u00e1s dinero inorg\u00e1nico y as\u00ed ingresaremos en una espiral inflacionaria que nos llevar\u00e1 indefectiblemente a la pulverizaci\u00f3n del poder adquisitivo de los salarios (en Venezuela se requiere un mill\u00f3n de bol\u00edvares &#8211; soberanos por supuesto -para adquirir un pan).<\/p>\n<p>Bajo el riesgo de haber simplificado el escenario descrito el riesgo es real, m\u00e1s a\u00fan cuando en estos d\u00edas ha sido noticia que el candidato del corre\u00edsmo demuestra el irrespeto y abuso a las instituciones al revelarse que fue funcionario del BCE por 12 a\u00f1os, permaneci\u00f3 10 con licencia sin sueldo y es \u201cdespedido\u201d bajo la figura de compra de renuncia. Queda claro cu\u00e1l es la verdadera defensa de la dolarizaci\u00f3n. (O)<\/p>\n<p><a href=\"https:\/\/www.eltelegrafo.com.ec\/noticias\/columnistas\/15\/la-verdadera-defensa-de-la-dolarizacion\">https:\/\/www.eltelegrafo.com.ec\/noticias\/columnistas\/15\/la-verdadera-defensa-de-la-dolarizacion<\/a><\/p>\n","protected":false},"excerpt":{"rendered":"<p>Hay un tercer intento del actual gobierno por procurar que la Ley de defensa de la dolarizaci\u00f3n se apruebe en la Asamblea. Su idea principal es dotarle de independencia al BCE; sin embargo, si esta ley es aprobada \u2013 lo cual es poco probable dado que tenemos la peor Asamblea de todo el per\u00edodo democr\u00e1tico- no debemos ser ingenuos y suponer que el populismo econ\u00f3mico del candidato corre\u00edsta, en caso gane las elecciones, vaya a acatarla; con seguridad invocar\u00e1n alguna argucia constitucional a la que est\u00e1n acostumbrados a recurrir para justificar un nuevo asalto a la institucionalidad del pa\u00eds. La cr\u00edtica situaci\u00f3n fiscal del Estado sumado a sus ofrecimientos electorales nos hacen prever que nuestro sistema monetario estar\u00eda en serio riesgo de terminarse. Este candidato anunci\u00f3 que tomar\u00e1 las reservas del BCE, propiedad de los depositantes privados de la banca, cooperativas, el IESS, los GAD, etc., para incrementar el gasto social. Esta inyecci\u00f3n de recursos tendr\u00e1 serios efectos, entre ellos, un incremento de la masa monetaria que estimular\u00e1 el consumo sobre una inalterada capacidad productiva que se diluir\u00e1 en pocas semanas, con un probable incremento de la inflaci\u00f3n, pues hay una mayor cantidad de dinero que va por una misma cantidad de producci\u00f3n, la misma que se absorbe a trav\u00e9s de un incremento en los precios. El BCE sin reservas debilita la cobertura de sus pasivos y erosiona seriamente la confianza en el sistema financiero. Un efecto m\u00e1s pernicioso ser\u00e1 la emisi\u00f3n inorg\u00e1nica de \u201cdinero electr\u00f3nico\u201d para cubrir este gasto no presupuestado, configur\u00e1ndose as\u00ed un medio de pago adicional al d\u00f3lar, que seguidamente empezar\u00e1 a transarse a un menor precio, por la desconfianza de los agentes econ\u00f3micos en una moneda paralela sin respaldo productivo, estableciendo de esta forma una devaluaci\u00f3n de hecho y el inicio de la desdolarizaci\u00f3n en el pa\u00eds. Los d\u00f3lares verdaderos pugnar\u00e1n por salir del sistema financiero y el Gobierno adoptar\u00e1 medidas de control como subir el impuesto a salida de divisas y terminar\u00e1 en un congelamiento de las cuentas corrientes y de ahorro. Se ver\u00e1 forzado a emitir cada vez m\u00e1s dinero inorg\u00e1nico y as\u00ed ingresaremos en una espiral inflacionaria que nos llevar\u00e1 indefectiblemente a la pulverizaci\u00f3n del poder adquisitivo de los salarios (en Venezuela se requiere un mill\u00f3n de bol\u00edvares &#8211; soberanos por supuesto -para adquirir un pan). Bajo el riesgo de haber simplificado el escenario descrito el riesgo es real, m\u00e1s a\u00fan cuando en estos d\u00edas ha sido noticia que el candidato del corre\u00edsmo demuestra el irrespeto y abuso a las instituciones al revelarse que fue funcionario del BCE por 12 a\u00f1os, permaneci\u00f3 10 con licencia sin sueldo y es \u201cdespedido\u201d bajo la figura de compra de renuncia. Queda claro cu\u00e1l es la verdadera defensa de la dolarizaci\u00f3n. (O) https:\/\/www.eltelegrafo.com.ec\/noticias\/columnistas\/15\/la-verdadera-defensa-de-la-dolarizacion<\/p>\n","protected":false},"author":1,"featured_media":258266,"comment_status":"closed","ping_status":"closed","sticky":false,"template":"","format":"standard","meta":[],"categories":[43,24],"tags":[],"_links":{"self":[{"href":"https:\/\/www.ecuadortimes.net\/es\/wp-json\/wp\/v2\/posts\/258265"}],"collection":[{"href":"https:\/\/www.ecuadortimes.net\/es\/wp-json\/wp\/v2\/posts"}],"about":[{"href":"https:\/\/www.ecuadortimes.net\/es\/wp-json\/wp\/v2\/types\/post"}],"author":[{"embeddable":true,"href":"https:\/\/www.ecuadortimes.net\/es\/wp-json\/wp\/v2\/users\/1"}],"replies":[{"embeddable":true,"href":"https:\/\/www.ecuadortimes.net\/es\/wp-json\/wp\/v2\/comments?post=258265"}],"version-history":[{"count":1,"href":"https:\/\/www.ecuadortimes.net\/es\/wp-json\/wp\/v2\/posts\/258265\/revisions"}],"predecessor-version":[{"id":258267,"href":"https:\/\/www.ecuadortimes.net\/es\/wp-json\/wp\/v2\/posts\/258265\/revisions\/258267"}],"wp:featuredmedia":[{"embeddable":true,"href":"https:\/\/www.ecuadortimes.net\/es\/wp-json\/wp\/v2\/media\/258266"}],"wp:attachment":[{"href":"https:\/\/www.ecuadortimes.net\/es\/wp-json\/wp\/v2\/media?parent=258265"}],"wp:term":[{"taxonomy":"category","embeddable":true,"href":"https:\/\/www.ecuadortimes.net\/es\/wp-json\/wp\/v2\/categories?post=258265"},{"taxonomy":"post_tag","embeddable":true,"href":"https:\/\/www.ecuadortimes.net\/es\/wp-json\/wp\/v2\/tags?post=258265"}],"curies":[{"name":"wp","href":"https:\/\/api.w.org\/{rel}","templated":true}]}}