{"id":258298,"date":"2021-04-09T01:09:39","date_gmt":"2021-04-09T01:09:39","guid":{"rendered":"https:\/\/www.ecuadortimes.net\/es\/?p=258298"},"modified":"2021-04-09T01:09:39","modified_gmt":"2021-04-09T01:09:39","slug":"otto-sonnenholzner-sugiere-no-anular-el-voto","status":"publish","type":"post","link":"https:\/\/www.ecuadortimes.net\/es\/otto-sonnenholzner-sugiere-no-anular-el-voto\/","title":{"rendered":"Otto Sonnenholzner sugiere no anular el voto"},"content":{"rendered":"<div class=\"itemFullText\">\n<p>El exvicepresidente <strong>Otto Sonnenholzner<\/strong> se pronunci\u00f3 sobre los candidatos a la<strong> segunda vuelta<\/strong> electoral del <strong>11 de abril de 2021<\/strong> e hizo un llamado a no votar nulo. Pese a que no dio nombres, el comunicador guayaquile\u00f1o se mostr\u00f3 m\u00e1s cercano al proyecto pol\u00edtico que propone <strong>Guillermo Lasso<\/strong>.<\/p>\n<div id=\"attachment_258299\" style=\"width: 1210px\" class=\"wp-caption alignnone\"><img aria-describedby=\"caption-attachment-258299\" loading=\"lazy\" class=\"size-full wp-image-258299\" src=\"https:\/\/www.ecuadortimes.net\/es\/wp-content\/uploads\/2021\/04\/ecuador-times-ecuador-news-otto-sonnenholzner-suggests-not-to-null-vote.jpg\" alt=\"\" width=\"1200\" height=\"810\" srcset=\"https:\/\/www.ecuadortimes.net\/es\/wp-content\/uploads\/2021\/04\/ecuador-times-ecuador-news-otto-sonnenholzner-suggests-not-to-null-vote.jpg 1200w, https:\/\/www.ecuadortimes.net\/es\/wp-content\/uploads\/2021\/04\/ecuador-times-ecuador-news-otto-sonnenholzner-suggests-not-to-null-vote-75x52.jpg 75w\" sizes=\"(max-width: 1200px) 100vw, 1200px\" \/><p id=\"caption-attachment-258299\" class=\"wp-caption-text\">Otto Sonnenholzner sugiere no anular el voto<\/p><\/div>\n<p>Sonnenholzner era uno de los actores pol\u00edticos que hab\u00eda guardado silencio durante gran parte de la campa\u00f1a respecto a las dos opciones que tienen los ecuatorianos para elegir en el cargo de Presidente, por el <strong>periodo 2021 \u2013 2025<\/strong>. En la papeleta electoral de este domingo estar\u00e1n Lasso (CREO \u2013 PSC) y<strong> Andr\u00e9s Arauz<\/strong> (Unes Ecuador), quienes obtuvieron los primeros lugares en la<strong> primera vuelta del 7 de febrero.<\/strong><\/p>\n<p>Sin embargo, tras la campa\u00f1a de<strong> Yaku P\u00e9rez y Pachakutik<\/strong> para promover el voto nulo en rechazo a las dos candidaturas, Sonnenholzner coment\u00f3 que \u201cno hay espacio para la indiferencia\u201d. En el video publicado este jueves 8 de abril, en su cuenta de Twitter, mencion\u00f3 que \u201cno da igual\u201d quien asume la m\u00e1xima magistratura del pa\u00eds.<\/p>\n<p>\u201c<strong>Solo hay dos opciones<\/strong>. Una representa el autoritarismo, la corrupci\u00f3n, el despilfarro y la irresponsabilidad. El otro nos brinda la probabilidad de recorrer un camino diferente\u201d, declar\u00f3 el exsegundo mandatario.<\/p>\n<p>En la opini\u00f3n del tambi\u00e9n empresario, el<strong> candidato joven<\/strong> est\u00e1 lleno de \u201cmalas ideas del<strong> castrochavismo\u201d<\/strong>. Adem\u00e1s lo compar\u00f3 con el modelo venezolano, en el que se registra una crisis pol\u00edtica y econ\u00f3mica.<\/p>\n<p>Sonnenholzner finaliz\u00f3 su alocuci\u00f3n enfatizando en sufragar bien y no anular el voto. Su video gener\u00f3 diversas reacciones en redes sociales de los seguidores de los dos candidatos. El exvicepresidente fue uno de los precandidatos para el presente electoral, previo a anunciar que no participar\u00eda en los comicios.<strong> (I)<\/strong><\/p>\n<\/div>\n<p><a href=\"https:\/\/www.eltelegrafo.com.ec\/noticias\/elecciones-2021\/1\/otto-sonnenholzner-voto-elecciones-lasso\">https:\/\/www.eltelegrafo.com.ec\/noticias\/elecciones-2021\/1\/otto-sonnenholzner-voto-elecciones-lasso<\/a><\/p>\n","protected":false},"excerpt":{"rendered":"<p>El exvicepresidente Otto Sonnenholzner se pronunci\u00f3 sobre los candidatos a la segunda vuelta electoral del 11 de abril de 2021 e hizo un llamado a no votar nulo. Pese a que no dio nombres, el comunicador guayaquile\u00f1o se mostr\u00f3 m\u00e1s cercano al proyecto pol\u00edtico que propone Guillermo Lasso. Sonnenholzner era uno de los actores pol\u00edticos que hab\u00eda guardado silencio durante gran parte de la campa\u00f1a respecto a las dos opciones que tienen los ecuatorianos para elegir en el cargo de Presidente, por el periodo 2021 \u2013 2025. En la papeleta electoral de este domingo estar\u00e1n Lasso (CREO \u2013 PSC) y Andr\u00e9s Arauz (Unes Ecuador), quienes obtuvieron los primeros lugares en la primera vuelta del 7 de febrero. Sin embargo, tras la campa\u00f1a de Yaku P\u00e9rez y Pachakutik para promover el voto nulo en rechazo a las dos candidaturas, Sonnenholzner coment\u00f3 que \u201cno hay espacio para la indiferencia\u201d. En el video publicado este jueves 8 de abril, en su cuenta de Twitter, mencion\u00f3 que \u201cno da igual\u201d quien asume la m\u00e1xima magistratura del pa\u00eds. \u201cSolo hay dos opciones. Una representa el autoritarismo, la corrupci\u00f3n, el despilfarro y la irresponsabilidad. El otro nos brinda la probabilidad de recorrer un camino diferente\u201d, declar\u00f3 el exsegundo mandatario. En la opini\u00f3n del tambi\u00e9n empresario, el candidato joven est\u00e1 lleno de \u201cmalas ideas del castrochavismo\u201d. Adem\u00e1s lo compar\u00f3 con el modelo venezolano, en el que se registra una crisis pol\u00edtica y econ\u00f3mica. Sonnenholzner finaliz\u00f3 su alocuci\u00f3n enfatizando en sufragar bien y no anular el voto. Su video gener\u00f3 diversas reacciones en redes sociales de los seguidores de los dos candidatos. El exvicepresidente fue uno de los precandidatos para el presente electoral, previo a anunciar que no participar\u00eda en los comicios. (I) https:\/\/www.eltelegrafo.com.ec\/noticias\/elecciones-2021\/1\/otto-sonnenholzner-voto-elecciones-lasso<\/p>\n","protected":false},"author":1,"featured_media":258299,"comment_status":"closed","ping_status":"closed","sticky":false,"template":"","format":"standard","meta":[],"categories":[40,24],"tags":[],"_links":{"self":[{"href":"https:\/\/www.ecuadortimes.net\/es\/wp-json\/wp\/v2\/posts\/258298"}],"collection":[{"href":"https:\/\/www.ecuadortimes.net\/es\/wp-json\/wp\/v2\/posts"}],"about":[{"href":"https:\/\/www.ecuadortimes.net\/es\/wp-json\/wp\/v2\/types\/post"}],"author":[{"embeddable":true,"href":"https:\/\/www.ecuadortimes.net\/es\/wp-json\/wp\/v2\/users\/1"}],"replies":[{"embeddable":true,"href":"https:\/\/www.ecuadortimes.net\/es\/wp-json\/wp\/v2\/comments?post=258298"}],"version-history":[{"count":1,"href":"https:\/\/www.ecuadortimes.net\/es\/wp-json\/wp\/v2\/posts\/258298\/revisions"}],"predecessor-version":[{"id":258300,"href":"https:\/\/www.ecuadortimes.net\/es\/wp-json\/wp\/v2\/posts\/258298\/revisions\/258300"}],"wp:featuredmedia":[{"embeddable":true,"href":"https:\/\/www.ecuadortimes.net\/es\/wp-json\/wp\/v2\/media\/258299"}],"wp:attachment":[{"href":"https:\/\/www.ecuadortimes.net\/es\/wp-json\/wp\/v2\/media?parent=258298"}],"wp:term":[{"taxonomy":"category","embeddable":true,"href":"https:\/\/www.ecuadortimes.net\/es\/wp-json\/wp\/v2\/categories?post=258298"},{"taxonomy":"post_tag","embeddable":true,"href":"https:\/\/www.ecuadortimes.net\/es\/wp-json\/wp\/v2\/tags?post=258298"}],"curies":[{"name":"wp","href":"https:\/\/api.w.org\/{rel}","templated":true}]}}