{"id":258315,"date":"2021-04-12T20:29:26","date_gmt":"2021-04-12T20:29:26","guid":{"rendered":"https:\/\/www.ecuadortimes.net\/es\/?p=258315"},"modified":"2021-04-12T20:29:26","modified_gmt":"2021-04-12T20:29:26","slug":"con-el-99-de-actas-escrutadas-guillemo-lasso-gana-la-presidencia-con-5242","status":"publish","type":"post","link":"https:\/\/www.ecuadortimes.net\/es\/con-el-99-de-actas-escrutadas-guillemo-lasso-gana-la-presidencia-con-5242\/","title":{"rendered":"Con el 99% de actas escrutadas, Guillemo Lasso gana la Presidencia con 52,42%"},"content":{"rendered":"<div class=\"itemFullText\">\n<p>Con corte a las 8:00 de este lunes 12 de abril de 2021, los resultados oficiales del Consejo Nacional Electoral (CNE) ratifican la victoria de Guillermo Lasso con el 52,42% de los votos. El nuevo Presidente electo de Ecuador adelanta, con cuatro puntos de diferencia, a su contendor quien lleg\u00f3 al 47,58%.<\/p>\n<div id=\"attachment_258316\" style=\"width: 1210px\" class=\"wp-caption alignnone\"><img aria-describedby=\"caption-attachment-258316\" loading=\"lazy\" class=\"size-full wp-image-258316\" src=\"https:\/\/www.ecuadortimes.net\/es\/wp-content\/uploads\/2021\/04\/ecuador-times-ecuador-news-with-99-minutes-scrutinized-guillermo-lasso-wins-presidency-with-52.jpg\" alt=\"\" width=\"1200\" height=\"810\" srcset=\"https:\/\/www.ecuadortimes.net\/es\/wp-content\/uploads\/2021\/04\/ecuador-times-ecuador-news-with-99-minutes-scrutinized-guillermo-lasso-wins-presidency-with-52.jpg 1200w, https:\/\/www.ecuadortimes.net\/es\/wp-content\/uploads\/2021\/04\/ecuador-times-ecuador-news-with-99-minutes-scrutinized-guillermo-lasso-wins-presidency-with-52-75x52.jpg 75w\" sizes=\"(max-width: 1200px) 100vw, 1200px\" \/><p id=\"caption-attachment-258316\" class=\"wp-caption-text\">El candidato por la alianza CREO-PSC adelanta con cuatro puntos a su contendor.<\/p><\/div>\n<p>El candidato por la alianza entre el movimiento CREO y el Partido Social Cristiano (CREO-PSC) agradeci\u00f3 a sus votantes por el apoyo recibido.<\/p>\n<p>La jornada de este lunes 12 de abril inici\u00f3 con una publicaci\u00f3n en sus cuentas oficiales de redes sociales en las que destac\u00f3 las notas del himno nacional que cant\u00f3 durante la noche del pasado domingo tras celebrar su triunfo.<\/p>\n<p>De su lado, su equipo de comunicaci\u00f3n agradeci\u00f3 internamente por el apoyo recibido en su \u00e1rea. No se conoce, hasta el cierre de esta edici\u00f3n, de la agenda que manejar\u00e1 el candidato al inicio de esta semana posterior a su triunfo.<\/p>\n<\/div>\n<p><a href=\"https:\/\/www.eltelegrafo.com.ec\/noticias\/actualidad\/44\/con-el-99-de-actas-escrutadas-guillemo-lasso-gana-la-presidencia-con-52-42\">https:\/\/www.eltelegrafo.com.ec\/noticias\/actualidad\/44\/con-el-99-de-actas-escrutadas-guillemo-lasso-gana-la-presidencia-con-52-42<\/a><\/p>\n","protected":false},"excerpt":{"rendered":"<p>Con corte a las 8:00 de este lunes 12 de abril de 2021, los resultados oficiales del Consejo Nacional Electoral (CNE) ratifican la victoria de Guillermo Lasso con el 52,42% de los votos. El nuevo Presidente electo de Ecuador adelanta, con cuatro puntos de diferencia, a su contendor quien lleg\u00f3 al 47,58%. El candidato por la alianza entre el movimiento CREO y el Partido Social Cristiano (CREO-PSC) agradeci\u00f3 a sus votantes por el apoyo recibido. La jornada de este lunes 12 de abril inici\u00f3 con una publicaci\u00f3n en sus cuentas oficiales de redes sociales en las que destac\u00f3 las notas del himno nacional que cant\u00f3 durante la noche del pasado domingo tras celebrar su triunfo. De su lado, su equipo de comunicaci\u00f3n agradeci\u00f3 internamente por el apoyo recibido en su \u00e1rea. No se conoce, hasta el cierre de esta edici\u00f3n, de la agenda que manejar\u00e1 el candidato al inicio de esta semana posterior a su triunfo. https:\/\/www.eltelegrafo.com.ec\/noticias\/actualidad\/44\/con-el-99-de-actas-escrutadas-guillemo-lasso-gana-la-presidencia-con-52-42<\/p>\n","protected":false},"author":1,"featured_media":258316,"comment_status":"closed","ping_status":"closed","sticky":false,"template":"","format":"standard","meta":[],"categories":[40,23],"tags":[],"_links":{"self":[{"href":"https:\/\/www.ecuadortimes.net\/es\/wp-json\/wp\/v2\/posts\/258315"}],"collection":[{"href":"https:\/\/www.ecuadortimes.net\/es\/wp-json\/wp\/v2\/posts"}],"about":[{"href":"https:\/\/www.ecuadortimes.net\/es\/wp-json\/wp\/v2\/types\/post"}],"author":[{"embeddable":true,"href":"https:\/\/www.ecuadortimes.net\/es\/wp-json\/wp\/v2\/users\/1"}],"replies":[{"embeddable":true,"href":"https:\/\/www.ecuadortimes.net\/es\/wp-json\/wp\/v2\/comments?post=258315"}],"version-history":[{"count":1,"href":"https:\/\/www.ecuadortimes.net\/es\/wp-json\/wp\/v2\/posts\/258315\/revisions"}],"predecessor-version":[{"id":258317,"href":"https:\/\/www.ecuadortimes.net\/es\/wp-json\/wp\/v2\/posts\/258315\/revisions\/258317"}],"wp:featuredmedia":[{"embeddable":true,"href":"https:\/\/www.ecuadortimes.net\/es\/wp-json\/wp\/v2\/media\/258316"}],"wp:attachment":[{"href":"https:\/\/www.ecuadortimes.net\/es\/wp-json\/wp\/v2\/media?parent=258315"}],"wp:term":[{"taxonomy":"category","embeddable":true,"href":"https:\/\/www.ecuadortimes.net\/es\/wp-json\/wp\/v2\/categories?post=258315"},{"taxonomy":"post_tag","embeddable":true,"href":"https:\/\/www.ecuadortimes.net\/es\/wp-json\/wp\/v2\/tags?post=258315"}],"curies":[{"name":"wp","href":"https:\/\/api.w.org\/{rel}","templated":true}]}}