{"id":258318,"date":"2021-04-12T20:56:09","date_gmt":"2021-04-12T20:56:09","guid":{"rendered":"https:\/\/www.ecuadortimes.net\/es\/?p=258318"},"modified":"2021-04-12T20:56:09","modified_gmt":"2021-04-12T20:56:09","slug":"la-union-europea-seguira-fortaleciendo-la-cooperacion-con-el-nuevo-gobierno-de-ecuador","status":"publish","type":"post","link":"https:\/\/www.ecuadortimes.net\/es\/la-union-europea-seguira-fortaleciendo-la-cooperacion-con-el-nuevo-gobierno-de-ecuador\/","title":{"rendered":"La Uni\u00f3n Europea seguir\u00e1 &#8216;fortaleciendo&#8217; la cooperaci\u00f3n con el nuevo Gobierno de Ecuador"},"content":{"rendered":"<div class=\"paragraphs\">\n<p id=\"m12-11-13\">La <b>Uni\u00f3n Europea <\/b>(UE) continuar\u00e1 trabajando para fortalecer la <b>cooperaci\u00f3n <\/b>con el nuevo Gobierno de <b>Ecuador<\/b>, tras la <b>segunda vuelta <\/b>de las <b>elecciones presidenciales <\/b>celebradas el domingo 11 de abril del 2021 en el pa\u00eds latinoamericano en las que se declar\u00f3 ganador al conservador <b>Guillermo Lasso<\/b>.<\/p>\n<div id=\"attachment_258319\" style=\"width: 622px\" class=\"wp-caption alignnone\"><img aria-describedby=\"caption-attachment-258319\" loading=\"lazy\" class=\"size-full wp-image-258319\" src=\"https:\/\/www.ecuadortimes.net\/es\/wp-content\/uploads\/2021\/04\/ecuador-times-ecuador-news-european-union-will-continue-to-strengthen-cooperation-with-new-government-of-Ecuador.jpeg\" alt=\"\" width=\"612\" height=\"340\" \/><p id=\"caption-attachment-258319\" class=\"wp-caption-text\">Un portavoz de la Uni\u00f3n Europea anunci\u00f3 que fortalecer\u00e1 la cooperaci\u00f3n con el nuevo Gobierno de Ecuador, tras conocerse la victoria de Guillermo Lasso en las elecciones.<\/p><\/div>\n<p id=\"m58-1-59\">\u201cLa UE sigue siendo un socio comprometido de Ecuador y trabajar\u00e1 para seguir fortaleciendo esta larga asociaci\u00f3n con el nuevo gobierno\u201d, sostuvo el portavoz el <b>Servicio Europeo de Acci\u00f3n Exterior<\/b> (SEA), <b>Peter Stano<\/b>, quien destac\u00f3 la \u201cfruct\u00edfera <b>cooperaci\u00f3n<\/b>\u201d desarrollada en los \u00faltimos a\u00f1os entre los Veintisiete y Ecuador.<\/p>\n<p>Asimismo, el portavoz traslad\u00f3 la <b>felicitaci\u00f3n <\/b>de la <b>Uni\u00f3n Europea <\/b>al pueblo ecuatoriano por el desarrollo \u201cpac\u00edfico\u201d y la alta participaci\u00f3n en la jornada electoral del domingo que refleja su \u201cfuerte compromiso\u201d con la democracia.<\/p>\n<p>Stano expres\u00f3, adem\u00e1s, la disposici\u00f3n de la UE de trabajar con el <b>nuevo presidente electo<\/b> despu\u00e9s de que Lasso, <b>exbanquero <\/b>y candidato de la alianza conservadora <b>Creo<\/b>&#8211;<b>PSC<\/b>, venciese con el 52,50% de los votos en la <b>segunda vuelta <\/b>de las <b>elecciones presidenciales<\/b>, cinco puntos por encima de su rival corre\u00edsta, Andr\u00e9s Arauz.<\/p>\n<\/div>\n<p><a href=\"https:\/\/www.elcomercio.com\/actualidad\/union-europea-nuevo-gobierno-ecuador.html\">https:\/\/www.elcomercio.com\/actualidad\/union-europea-nuevo-gobierno-ecuador.html<\/a><\/p>\n","protected":false},"excerpt":{"rendered":"<p>La Uni\u00f3n Europea (UE) continuar\u00e1 trabajando para fortalecer la cooperaci\u00f3n con el nuevo Gobierno de Ecuador, tras la segunda vuelta de las elecciones presidenciales celebradas el domingo 11 de abril del 2021 en el pa\u00eds latinoamericano en las que se declar\u00f3 ganador al conservador Guillermo Lasso. \u201cLa UE sigue siendo un socio comprometido de Ecuador y trabajar\u00e1 para seguir fortaleciendo esta larga asociaci\u00f3n con el nuevo gobierno\u201d, sostuvo el portavoz el Servicio Europeo de Acci\u00f3n Exterior (SEA), Peter Stano, quien destac\u00f3 la \u201cfruct\u00edfera cooperaci\u00f3n\u201d desarrollada en los \u00faltimos a\u00f1os entre los Veintisiete y Ecuador. Asimismo, el portavoz traslad\u00f3 la felicitaci\u00f3n de la Uni\u00f3n Europea al pueblo ecuatoriano por el desarrollo \u201cpac\u00edfico\u201d y la alta participaci\u00f3n en la jornada electoral del domingo que refleja su \u201cfuerte compromiso\u201d con la democracia. Stano expres\u00f3, adem\u00e1s, la disposici\u00f3n de la UE de trabajar con el nuevo presidente electo despu\u00e9s de que Lasso, exbanquero y candidato de la alianza conservadora Creo&#8211;PSC, venciese con el 52,50% de los votos en la segunda vuelta de las elecciones presidenciales, cinco puntos por encima de su rival corre\u00edsta, Andr\u00e9s Arauz. https:\/\/www.elcomercio.com\/actualidad\/union-europea-nuevo-gobierno-ecuador.html<\/p>\n","protected":false},"author":1,"featured_media":258319,"comment_status":"closed","ping_status":"closed","sticky":false,"template":"","format":"standard","meta":[],"categories":[40,24],"tags":[],"_links":{"self":[{"href":"https:\/\/www.ecuadortimes.net\/es\/wp-json\/wp\/v2\/posts\/258318"}],"collection":[{"href":"https:\/\/www.ecuadortimes.net\/es\/wp-json\/wp\/v2\/posts"}],"about":[{"href":"https:\/\/www.ecuadortimes.net\/es\/wp-json\/wp\/v2\/types\/post"}],"author":[{"embeddable":true,"href":"https:\/\/www.ecuadortimes.net\/es\/wp-json\/wp\/v2\/users\/1"}],"replies":[{"embeddable":true,"href":"https:\/\/www.ecuadortimes.net\/es\/wp-json\/wp\/v2\/comments?post=258318"}],"version-history":[{"count":1,"href":"https:\/\/www.ecuadortimes.net\/es\/wp-json\/wp\/v2\/posts\/258318\/revisions"}],"predecessor-version":[{"id":258320,"href":"https:\/\/www.ecuadortimes.net\/es\/wp-json\/wp\/v2\/posts\/258318\/revisions\/258320"}],"wp:featuredmedia":[{"embeddable":true,"href":"https:\/\/www.ecuadortimes.net\/es\/wp-json\/wp\/v2\/media\/258319"}],"wp:attachment":[{"href":"https:\/\/www.ecuadortimes.net\/es\/wp-json\/wp\/v2\/media?parent=258318"}],"wp:term":[{"taxonomy":"category","embeddable":true,"href":"https:\/\/www.ecuadortimes.net\/es\/wp-json\/wp\/v2\/categories?post=258318"},{"taxonomy":"post_tag","embeddable":true,"href":"https:\/\/www.ecuadortimes.net\/es\/wp-json\/wp\/v2\/tags?post=258318"}],"curies":[{"name":"wp","href":"https:\/\/api.w.org\/{rel}","templated":true}]}}