{"id":258321,"date":"2021-04-12T21:20:07","date_gmt":"2021-04-12T21:20:07","guid":{"rendered":"https:\/\/www.ecuadortimes.net\/es\/?p=258321"},"modified":"2021-04-12T21:20:07","modified_gmt":"2021-04-12T21:20:07","slug":"rafael-correa-sinceramente-creiamos-que-ganabamos-pero-nuestras-proyecciones-eran-erradas","status":"publish","type":"post","link":"https:\/\/www.ecuadortimes.net\/es\/rafael-correa-sinceramente-creiamos-que-ganabamos-pero-nuestras-proyecciones-eran-erradas\/","title":{"rendered":"Rafael Correa: Sinceramente cre\u00edamos que gan\u00e1bamos, pero nuestras proyecciones eran erradas"},"content":{"rendered":"<section class=\"prose prose-sm sm:prose mx-auto space-y-3 font-primary\">\n<p class=\"prose-text\">El exmandatario ecuatoriano Rafael Correa se pronunci\u00f3 sobre los resultados de las elecciones de este 11 de abril, en las que su representante Andr\u00e9s Arauz perdi\u00f3 ante el candidato de CREO-PSC, Guillermo Lasso.<\/p>\n<div id=\"attachment_258322\" style=\"width: 1015px\" class=\"wp-caption alignnone\"><img aria-describedby=\"caption-attachment-258322\" loading=\"lazy\" class=\"size-full wp-image-258322\" src=\"https:\/\/www.ecuadortimes.net\/es\/wp-content\/uploads\/2021\/04\/ecuador-times-ecuador-news-rafael-correa-we-honestly-believed-we-were-winning-but-our-projections-were-wrong.jpg\" alt=\"\" width=\"1005\" height=\"670\" \/><p id=\"caption-attachment-258322\" class=\"wp-caption-text\">Exmandatario le dese\u00f3 suerte a Guillermo Lasso.<\/p><\/div>\n<p class=\"prose-text\">Durante la campa\u00f1a pol\u00edtica, Correa se mostr\u00f3 activo y en un primer momento buscaba terciar, sin embargo, fue sentenciado como autor mediato del delito de cohecho pasivo agravado a ocho a\u00f1os de prisi\u00f3n e inhabilitaci\u00f3n para ocupar cargos p\u00fablicos por el caso Sobornos.<\/p>\n<p>El expresidente cit\u00f3 palabras del candidato Arauz en las que se\u00f1alaba que este solo era un comienzo.<\/p>\n<p class=\"prose-text\">Agradeci\u00f3 el apoyo de sus simpatizantes y se\u00f1al\u00f3 que cre\u00edan que ganar\u00edan, pero que sus proyecciones eran erradas. Adem\u00e1s dese\u00f3 suerte a Lasso y le pidi\u00f3 que cese lo que considera el <i>lawfare<\/i>, \u201cque destruye vidas y familias\u201d.<\/p>\n<p class=\"prose-text\">Correa era la imagen del movimiento UNES durante la primera vuelta electoral, pero esto tom\u00f3 un giro en la nueva contienda pol\u00edtica.<\/p>\n<p class=\"prose-text\">Las encuestas a boca de urna dieron a conocer la victoria de Lasso o el empate t\u00e9cnico entre ambos candidatos. <b>(I)<\/b><\/p>\n<\/section>\n<p><a href=\"https:\/\/www.eluniverso.com\/noticias\/politica\/rafael-correa-sinceramente-creiamos-que-ganabamos-pero-nuestras-proyecciones-eran-erradas-nota\/\">https:\/\/www.eluniverso.com\/noticias\/politica\/rafael-correa-sinceramente-creiamos-que-ganabamos-pero-nuestras-proyecciones-eran-erradas-nota\/<\/a><\/p>\n","protected":false},"excerpt":{"rendered":"<p>El exmandatario ecuatoriano Rafael Correa se pronunci\u00f3 sobre los resultados de las elecciones de este 11 de abril, en las que su representante Andr\u00e9s Arauz perdi\u00f3 ante el candidato de CREO-PSC, Guillermo Lasso. Durante la campa\u00f1a pol\u00edtica, Correa se mostr\u00f3 activo y en un primer momento buscaba terciar, sin embargo, fue sentenciado como autor mediato del delito de cohecho pasivo agravado a ocho a\u00f1os de prisi\u00f3n e inhabilitaci\u00f3n para ocupar cargos p\u00fablicos por el caso Sobornos. El expresidente cit\u00f3 palabras del candidato Arauz en las que se\u00f1alaba que este solo era un comienzo. Agradeci\u00f3 el apoyo de sus simpatizantes y se\u00f1al\u00f3 que cre\u00edan que ganar\u00edan, pero que sus proyecciones eran erradas. Adem\u00e1s dese\u00f3 suerte a Lasso y le pidi\u00f3 que cese lo que considera el lawfare, \u201cque destruye vidas y familias\u201d. Correa era la imagen del movimiento UNES durante la primera vuelta electoral, pero esto tom\u00f3 un giro en la nueva contienda pol\u00edtica. Las encuestas a boca de urna dieron a conocer la victoria de Lasso o el empate t\u00e9cnico entre ambos candidatos. (I) https:\/\/www.eluniverso.com\/noticias\/politica\/rafael-correa-sinceramente-creiamos-que-ganabamos-pero-nuestras-proyecciones-eran-erradas-nota\/<\/p>\n","protected":false},"author":1,"featured_media":258322,"comment_status":"closed","ping_status":"closed","sticky":false,"template":"","format":"standard","meta":[],"categories":[40,24],"tags":[],"_links":{"self":[{"href":"https:\/\/www.ecuadortimes.net\/es\/wp-json\/wp\/v2\/posts\/258321"}],"collection":[{"href":"https:\/\/www.ecuadortimes.net\/es\/wp-json\/wp\/v2\/posts"}],"about":[{"href":"https:\/\/www.ecuadortimes.net\/es\/wp-json\/wp\/v2\/types\/post"}],"author":[{"embeddable":true,"href":"https:\/\/www.ecuadortimes.net\/es\/wp-json\/wp\/v2\/users\/1"}],"replies":[{"embeddable":true,"href":"https:\/\/www.ecuadortimes.net\/es\/wp-json\/wp\/v2\/comments?post=258321"}],"version-history":[{"count":1,"href":"https:\/\/www.ecuadortimes.net\/es\/wp-json\/wp\/v2\/posts\/258321\/revisions"}],"predecessor-version":[{"id":258323,"href":"https:\/\/www.ecuadortimes.net\/es\/wp-json\/wp\/v2\/posts\/258321\/revisions\/258323"}],"wp:featuredmedia":[{"embeddable":true,"href":"https:\/\/www.ecuadortimes.net\/es\/wp-json\/wp\/v2\/media\/258322"}],"wp:attachment":[{"href":"https:\/\/www.ecuadortimes.net\/es\/wp-json\/wp\/v2\/media?parent=258321"}],"wp:term":[{"taxonomy":"category","embeddable":true,"href":"https:\/\/www.ecuadortimes.net\/es\/wp-json\/wp\/v2\/categories?post=258321"},{"taxonomy":"post_tag","embeddable":true,"href":"https:\/\/www.ecuadortimes.net\/es\/wp-json\/wp\/v2\/tags?post=258321"}],"curies":[{"name":"wp","href":"https:\/\/api.w.org\/{rel}","templated":true}]}}