{"id":258324,"date":"2021-04-13T21:45:03","date_gmt":"2021-04-13T21:45:03","guid":{"rendered":"https:\/\/www.ecuadortimes.net\/es\/?p=258324"},"modified":"2021-04-13T22:38:31","modified_gmt":"2021-04-13T22:38:31","slug":"guillermo-lasso-ee-uu-y-ecuador-volveran-a-ser-aliados","status":"publish","type":"post","link":"https:\/\/www.ecuadortimes.net\/es\/guillermo-lasso-ee-uu-y-ecuador-volveran-a-ser-aliados\/","title":{"rendered":"Guillermo Lasso: EE.UU. y Ecuador volver\u00e1n a ser aliados"},"content":{"rendered":"<div class=\"itemFullText\">\n<div id=\"attachment_258325\" style=\"width: 1210px\" class=\"wp-caption alignnone\"><img aria-describedby=\"caption-attachment-258325\" loading=\"lazy\" src=\"https:\/\/www.ecuadortimes.net\/es\/wp-content\/uploads\/2021\/04\/ecuador-times-ecuador-news-guillermo-lasso-usa-and-ecuador-will-be-allies-again.jpg\" alt=\"\" width=\"1200\" height=\"680\" class=\"size-full wp-image-258325\" \/><p id=\"caption-attachment-258325\" class=\"wp-caption-text\">Guillermo Lasso afirm\u00f3 que trabajar\u00e1 en conjunto para lograr el progreso y bienestar del pa\u00eds.<\/p><\/div>\n<p>Este martes 13 de abril, la subsecretaria interina de la Oficina de Asuntos del Hemisferio Occidental del Departamento de Estado de EE. UU., Julie Chung, se refiri\u00f3 al triunfo de Guillermo Lasso en las elecciones del pasado domingo 11 de abril.<\/p>\n<div class=\"twitter-tweet twitter-tweet-rendered\" style=\"display: flex; max-width: 550px; width: 100%; margin-top: 10px; margin-bottom: 10px;\"><iframe id=\"twitter-widget-1\" class=\"\" style=\"position: static; visibility: visible; width: 540px; height: 423px; display: block; flex-grow: 1;\" title=\"Twitter Tweet\" src=\"https:\/\/platform.twitter.com\/embed\/Tweet.html?creatorScreenName=el_telegrafo&amp;dnt=false&amp;embedId=twitter-widget-1&amp;features=eyJ0ZndfZXhwZXJpbWVudHNfY29va2llX2V4cGlyYXRpb24iOnsiYnVja2V0IjoxMjA5NjAwLCJ2ZXJzaW9uIjpudWxsfSwidGZ3X2hvcml6b25fdHdlZXRfZW1iZWRfOTU1NSI6eyJidWNrZXQiOiJodGUiLCJ2ZXJzaW9uIjpudWxsfX0%3D&amp;frame=false&amp;hideCard=false&amp;hideThread=false&amp;id=1381626027789721602&amp;lang=es&amp;origin=https%3A%2F%2Fwww.eltelegrafo.com.ec%2Fnoticias%2Factualidad%2F44%2Fpresidente-electo-guillermo-lasso-promete-alianza-ee-uu&amp;sessionId=4e9db2aa9514125bbc066516f8b85d5edcb4aee8&amp;siteScreenName=el_telegrafo&amp;theme=light&amp;widgetsVersion=1ead0c7%3A1617660954974&amp;width=550px\" frameborder=\"0\" scrolling=\"no\" allowfullscreen=\"allowfullscreen\" data-tweet-id=\"1381626027789721602\"><\/iframe><\/div>\n<p><script src=\"https:\/\/platform.twitter.com\/widgets.js\"><\/script><\/p>\n<p>Tras el anuncio de la Secretaria Interina, el presidente electo Guillermo Lasso, respondi\u00f3:<\/p>\n<div class=\"twitter-tweet twitter-tweet-rendered\" style=\"display: flex; max-width: 550px; width: 100%; margin-top: 10px; margin-bottom: 10px;\"><iframe id=\"twitter-widget-2\" class=\"\" style=\"position: static; visibility: visible; width: 540px; height: 384px; display: block; flex-grow: 1;\" title=\"Twitter Tweet\" src=\"https:\/\/platform.twitter.com\/embed\/Tweet.html?creatorScreenName=el_telegrafo&amp;dnt=false&amp;embedId=twitter-widget-2&amp;features=eyJ0ZndfZXhwZXJpbWVudHNfY29va2llX2V4cGlyYXRpb24iOnsiYnVja2V0IjoxMjA5NjAwLCJ2ZXJzaW9uIjpudWxsfSwidGZ3X2hvcml6b25fdHdlZXRfZW1iZWRfOTU1NSI6eyJidWNrZXQiOiJodGUiLCJ2ZXJzaW9uIjpudWxsfX0%3D&amp;frame=false&amp;hideCard=false&amp;hideThread=false&amp;id=1381969158900838400&amp;lang=es&amp;origin=https%3A%2F%2Fwww.eltelegrafo.com.ec%2Fnoticias%2Factualidad%2F44%2Fpresidente-electo-guillermo-lasso-promete-alianza-ee-uu&amp;sessionId=4e9db2aa9514125bbc066516f8b85d5edcb4aee8&amp;siteScreenName=el_telegrafo&amp;theme=light&amp;widgetsVersion=1ead0c7%3A1617660954974&amp;width=550px\" frameborder=\"0\" scrolling=\"no\" allowfullscreen=\"allowfullscreen\" data-tweet-id=\"1381969158900838400\"><\/iframe><\/div>\n<p><script src=\"https:\/\/platform.twitter.com\/widgets.js\"><\/script><\/p>\n<p>La postura lleg\u00f3 tras la publicaci\u00f3n en las cuentas oficiales de la Embajada de Estados Unidos en Ecuador. En la misma, el embajador Mike Fitzpatrick afirm\u00f3 que hab\u00eda conversado\u00a0telef\u00f3nicamente con el presidente electo Guillermo Lasso &#8220;para felicitarlo por su triunfo en la jornada c\u00edvica de ayer. Esperamos trabajar con su gobierno en nuestros objetivos en com\u00fan y en beneficio de Estados Unidos y de Ecuador a partir del 24 de Mayo&#8221;.<\/p>\n<\/div>\n<p><a href=\"https:\/\/www.eltelegrafo.com.ec\/noticias\/actualidad\/44\/presidente-electo-guillermo-lasso-promete-alianza-ee-uu\">https:\/\/www.eltelegrafo.com.ec\/noticias\/actualidad\/44\/presidente-electo-guillermo-lasso-promete-alianza-ee-uu<\/a><\/p>\n","protected":false},"excerpt":{"rendered":"<p>Este martes 13 de abril, la subsecretaria interina de la Oficina de Asuntos del Hemisferio Occidental del Departamento de Estado de EE. UU., Julie Chung, se refiri\u00f3 al triunfo de Guillermo Lasso en las elecciones del pasado domingo 11 de abril. Tras el anuncio de la Secretaria Interina, el presidente electo Guillermo Lasso, respondi\u00f3: La postura lleg\u00f3 tras la publicaci\u00f3n en las cuentas oficiales de la Embajada de Estados Unidos en Ecuador. En la misma, el embajador Mike Fitzpatrick afirm\u00f3 que hab\u00eda conversado\u00a0telef\u00f3nicamente con el presidente electo Guillermo Lasso &#8220;para felicitarlo por su triunfo en la jornada c\u00edvica de ayer. Esperamos trabajar con su gobierno en nuestros objetivos en com\u00fan y en beneficio de Estados Unidos y de Ecuador a partir del 24 de Mayo&#8221;. https:\/\/www.eltelegrafo.com.ec\/noticias\/actualidad\/44\/presidente-electo-guillermo-lasso-promete-alianza-ee-uu<\/p>\n","protected":false},"author":1,"featured_media":258325,"comment_status":"closed","ping_status":"closed","sticky":false,"template":"","format":"standard","meta":[],"categories":[40,28,23],"tags":[],"_links":{"self":[{"href":"https:\/\/www.ecuadortimes.net\/es\/wp-json\/wp\/v2\/posts\/258324"}],"collection":[{"href":"https:\/\/www.ecuadortimes.net\/es\/wp-json\/wp\/v2\/posts"}],"about":[{"href":"https:\/\/www.ecuadortimes.net\/es\/wp-json\/wp\/v2\/types\/post"}],"author":[{"embeddable":true,"href":"https:\/\/www.ecuadortimes.net\/es\/wp-json\/wp\/v2\/users\/1"}],"replies":[{"embeddable":true,"href":"https:\/\/www.ecuadortimes.net\/es\/wp-json\/wp\/v2\/comments?post=258324"}],"version-history":[{"count":2,"href":"https:\/\/www.ecuadortimes.net\/es\/wp-json\/wp\/v2\/posts\/258324\/revisions"}],"predecessor-version":[{"id":258334,"href":"https:\/\/www.ecuadortimes.net\/es\/wp-json\/wp\/v2\/posts\/258324\/revisions\/258334"}],"wp:featuredmedia":[{"embeddable":true,"href":"https:\/\/www.ecuadortimes.net\/es\/wp-json\/wp\/v2\/media\/258325"}],"wp:attachment":[{"href":"https:\/\/www.ecuadortimes.net\/es\/wp-json\/wp\/v2\/media?parent=258324"}],"wp:term":[{"taxonomy":"category","embeddable":true,"href":"https:\/\/www.ecuadortimes.net\/es\/wp-json\/wp\/v2\/categories?post=258324"},{"taxonomy":"post_tag","embeddable":true,"href":"https:\/\/www.ecuadortimes.net\/es\/wp-json\/wp\/v2\/tags?post=258324"}],"curies":[{"name":"wp","href":"https:\/\/api.w.org\/{rel}","templated":true}]}}