{"id":258331,"date":"2021-04-13T22:34:46","date_gmt":"2021-04-13T22:34:46","guid":{"rendered":"https:\/\/www.ecuadortimes.net\/es\/?p=258331"},"modified":"2021-04-13T22:34:46","modified_gmt":"2021-04-13T22:34:46","slug":"policia-captura-a-contralor-general-del-estado-pablo-celi-por-presunta-delincuencia-organizada","status":"publish","type":"post","link":"https:\/\/www.ecuadortimes.net\/es\/policia-captura-a-contralor-general-del-estado-pablo-celi-por-presunta-delincuencia-organizada\/","title":{"rendered":"Polic\u00eda captura a contralor General del Estado, Pablo Celi, por presunta delincuencia organizada"},"content":{"rendered":"<div class=\"paragraphs\">\n<p id=\"m290-289-291\">En una serie de <b>allanamientos <\/b>realizados la madrugada de este martes 13 de abril del 2021 en <b>Quito <\/b>y <b>Guayaquil<\/b>, la <b>Fiscal\u00eda <\/b>ejecut\u00f3 \u00f3rdenes de <b>detenci\u00f3n <\/b>en contra del <b>contralor <\/b>general del Estado, <b>Pablo Celi<\/b>. Esta informaci\u00f3n fue difundida por la Fiscal\u00eda en sus portales oficiales.<\/p>\n<div id=\"attachment_258332\" style=\"width: 622px\" class=\"wp-caption alignnone\"><img aria-describedby=\"caption-attachment-258332\" loading=\"lazy\" class=\"size-full wp-image-258332\" src=\"https:\/\/www.ecuadortimes.net\/es\/wp-content\/uploads\/2021\/04\/ecuador-times-ecuador-news-police-capture-State-Comptroller-General-Pablo-Celi-for-alleged-organized-crime.jpeg\" alt=\"\" width=\"612\" height=\"340\" \/><p id=\"caption-attachment-258332\" class=\"wp-caption-text\">La fiscal general del Estado, Diana Salazar, lider\u00f3 los allanamientos.<\/p><\/div>\n<p id=\"m296-1-297\"><b>Celi <\/b>fue <b>arrestado <\/b>en su domicilio, en <b>Quito<\/b>, y fue trasladado a la<br \/>\nUnidad de <b>Flagrancia<\/b>. La entidad dijo que las pesquisas se producen en el marco de una investigaci\u00f3n abierta en junio de 2019, por presunta delincuencia organizada relacionada con presuntos actos de corrupci\u00f3n en <b>Petroecuador<\/b>, Contralor\u00eda y <b>Secretar\u00eda <\/b>de la <b>Presidencia<\/b>.<\/p>\n<p>La fiscal General del Estado, <b>Diana Salazar<\/b>, lider\u00f3 los allanamientos.\u00a0En el operativo participaron unos 25 equipos <b>fiscales<\/b>, en coordinaci\u00f3n con unidades de la Polic\u00eda.<\/p>\n<p id=\"m302-2-303\">Entre los <b>indicios <\/b>levantados se incluyen <b>documentos<\/b>, dispositivos electr\u00f3nicos, informaci\u00f3n financiera, <b>computadoras<\/b>, celulares, <b>dinero<\/b>, cajas fuertes y m\u00e1s.<\/p>\n<p id=\"m328-4-329\">El presidente <b>Len\u00edn Moreno<\/b> se pronunci\u00f3 a las 05:50 de este martes al respecto de la operaci\u00f3n de la <b>Fiscal\u00eda<\/b>. El Primer Mandatario dijo en Twitter: &#8220;He tenido conocimiento de las\u00a0detenciones y allanamientos sucedidos esta madrugada.\u00a0Como ha sido mi costumbre desde el primer momento, mi respeto a la independencia y autonom\u00eda de las funciones del Estado&#8221;.<\/p>\n<div id=\"m334-5-335\" class=\"\">\n<p>Los <b>agentes <\/b>adem\u00e1s allanaron las oficinas de <b>Esteban C.<\/b>, <b>hermano <\/b>del Contralor, y de una <b>exasesora <\/b>de un exgerente de Petroecuador.<\/p>\n<\/div>\n<p id=\"m366-8-367\">La \u00f3rdenes de captura tambi\u00e9n se pusieron en marcha en contra de Jos\u00e9 A. B., exsecretario de Presidencia de la Rep\u00fablica.<\/p>\n<p id=\"m392-10-393\">En esa incursi\u00f3n se incautaron <b>computadores<\/b>, celulares, <b>documentos <\/b>y USD 32 580 en <b>efectivo<\/b>. En total, en los allanamientos ocho personas fueron <b>detenidas<\/b>.<\/p>\n<p>La ordenes de captura tambi\u00e9n se pusieron en marcha en contra de <b>Jos\u00e9 A. B.<\/b>, <b>exsecretario <\/b>de <b>Presidencia <\/b>de la Rep\u00fablica.<\/p>\n<div id=\"m398-11-399\" class=\"\">\n<p>Tras conocer las detenciones, el presidente Len\u00edn Moreno y el ministro de Gobierno, <b>Gabriel Mart\u00ednez<\/b>, dijeron que respetan la independencia de las funciones del Estado para que se realicen las investigaciones penales.<\/p>\n<\/div>\n<p>\u201cHe tenido conocimiento de las <b>detenciones y allanamientos <\/b>sucedidos esta madrugada. Como ha sido mi costumbre desde el primer momento, mi respeto a la independencia y <b>autonom\u00eda de las funciones del Estado<\/b>\u201d, dijo el Primer Mandatario.<\/p>\n<p id=\"m520-13-521\">En cambio, Martinez sostuvo que entregar\u00e1n cualquier informaci\u00f3n que la Fiscal\u00eda requiera en este caso.<\/p>\n<p>Mart\u00ednez a\u00f1adi\u00f3: \u201cEs una noticia que conmociona al pa\u00eds. Ser\u00e1 la Fiscal General quien entregue mayor informaci\u00f3n ya que es un caso que ella ha llevado por m\u00e1s de un a\u00f1o y medio\u201d.<\/p>\n<\/div>\n<p><a href=\"https:\/\/www.elcomercio.com\/actualidad\/fiscalia-detencion-contralor-pablo-celi.html\">https:\/\/www.elcomercio.com\/actualidad\/fiscalia-detencion-contralor-pablo-celi.html<\/a><\/p>\n","protected":false},"excerpt":{"rendered":"<p>En una serie de allanamientos realizados la madrugada de este martes 13 de abril del 2021 en Quito y Guayaquil, la Fiscal\u00eda ejecut\u00f3 \u00f3rdenes de detenci\u00f3n en contra del contralor general del Estado, Pablo Celi. Esta informaci\u00f3n fue difundida por la Fiscal\u00eda en sus portales oficiales. Celi fue arrestado en su domicilio, en Quito, y fue trasladado a la Unidad de Flagrancia. La entidad dijo que las pesquisas se producen en el marco de una investigaci\u00f3n abierta en junio de 2019, por presunta delincuencia organizada relacionada con presuntos actos de corrupci\u00f3n en Petroecuador, Contralor\u00eda y Secretar\u00eda de la Presidencia. La fiscal General del Estado, Diana Salazar, lider\u00f3 los allanamientos.\u00a0En el operativo participaron unos 25 equipos fiscales, en coordinaci\u00f3n con unidades de la Polic\u00eda. Entre los indicios levantados se incluyen documentos, dispositivos electr\u00f3nicos, informaci\u00f3n financiera, computadoras, celulares, dinero, cajas fuertes y m\u00e1s. El presidente Len\u00edn Moreno se pronunci\u00f3 a las 05:50 de este martes al respecto de la operaci\u00f3n de la Fiscal\u00eda. El Primer Mandatario dijo en Twitter: &#8220;He tenido conocimiento de las\u00a0detenciones y allanamientos sucedidos esta madrugada.\u00a0Como ha sido mi costumbre desde el primer momento, mi respeto a la independencia y autonom\u00eda de las funciones del Estado&#8221;. Los agentes adem\u00e1s allanaron las oficinas de Esteban C., hermano del Contralor, y de una exasesora de un exgerente de Petroecuador. La \u00f3rdenes de captura tambi\u00e9n se pusieron en marcha en contra de Jos\u00e9 A. B., exsecretario de Presidencia de la Rep\u00fablica. En esa incursi\u00f3n se incautaron computadores, celulares, documentos y USD 32 580 en efectivo. En total, en los allanamientos ocho personas fueron detenidas. La ordenes de captura tambi\u00e9n se pusieron en marcha en contra de Jos\u00e9 A. B., exsecretario de Presidencia de la Rep\u00fablica. Tras conocer las detenciones, el presidente Len\u00edn Moreno y el ministro de Gobierno, Gabriel Mart\u00ednez, dijeron que respetan la independencia de las funciones del Estado para que se realicen las investigaciones penales. \u201cHe tenido conocimiento de las detenciones y allanamientos sucedidos esta madrugada. Como ha sido mi costumbre desde el primer momento, mi respeto a la independencia y autonom\u00eda de las funciones del Estado\u201d, dijo el Primer Mandatario. En cambio, Martinez sostuvo que entregar\u00e1n cualquier informaci\u00f3n que la Fiscal\u00eda requiera en este caso. Mart\u00ednez a\u00f1adi\u00f3: \u201cEs una noticia que conmociona al pa\u00eds. Ser\u00e1 la Fiscal General quien entregue mayor informaci\u00f3n ya que es un caso que ella ha llevado por m\u00e1s de un a\u00f1o y medio\u201d. https:\/\/www.elcomercio.com\/actualidad\/fiscalia-detencion-contralor-pablo-celi.html<\/p>\n","protected":false},"author":1,"featured_media":258332,"comment_status":"closed","ping_status":"closed","sticky":false,"template":"","format":"standard","meta":[],"categories":[40,24],"tags":[],"_links":{"self":[{"href":"https:\/\/www.ecuadortimes.net\/es\/wp-json\/wp\/v2\/posts\/258331"}],"collection":[{"href":"https:\/\/www.ecuadortimes.net\/es\/wp-json\/wp\/v2\/posts"}],"about":[{"href":"https:\/\/www.ecuadortimes.net\/es\/wp-json\/wp\/v2\/types\/post"}],"author":[{"embeddable":true,"href":"https:\/\/www.ecuadortimes.net\/es\/wp-json\/wp\/v2\/users\/1"}],"replies":[{"embeddable":true,"href":"https:\/\/www.ecuadortimes.net\/es\/wp-json\/wp\/v2\/comments?post=258331"}],"version-history":[{"count":1,"href":"https:\/\/www.ecuadortimes.net\/es\/wp-json\/wp\/v2\/posts\/258331\/revisions"}],"predecessor-version":[{"id":258333,"href":"https:\/\/www.ecuadortimes.net\/es\/wp-json\/wp\/v2\/posts\/258331\/revisions\/258333"}],"wp:featuredmedia":[{"embeddable":true,"href":"https:\/\/www.ecuadortimes.net\/es\/wp-json\/wp\/v2\/media\/258332"}],"wp:attachment":[{"href":"https:\/\/www.ecuadortimes.net\/es\/wp-json\/wp\/v2\/media?parent=258331"}],"wp:term":[{"taxonomy":"category","embeddable":true,"href":"https:\/\/www.ecuadortimes.net\/es\/wp-json\/wp\/v2\/categories?post=258331"},{"taxonomy":"post_tag","embeddable":true,"href":"https:\/\/www.ecuadortimes.net\/es\/wp-json\/wp\/v2\/tags?post=258331"}],"curies":[{"name":"wp","href":"https:\/\/api.w.org\/{rel}","templated":true}]}}