{"id":258338,"date":"2021-04-15T15:51:10","date_gmt":"2021-04-15T15:51:10","guid":{"rendered":"https:\/\/www.ecuadortimes.net\/es\/?p=258338"},"modified":"2021-04-15T15:51:10","modified_gmt":"2021-04-15T15:51:10","slug":"guillermo-lasso-alista-una-docena-de-reformas-una-de-las-primeras-en-enviarse-sera-la-tributaria","status":"publish","type":"post","link":"https:\/\/www.ecuadortimes.net\/es\/guillermo-lasso-alista-una-docena-de-reformas-una-de-las-primeras-en-enviarse-sera-la-tributaria\/","title":{"rendered":"Guillermo Lasso alista una docena de reformas; una de las primeras en enviarse ser\u00e1 la tributaria"},"content":{"rendered":"<div class=\"paragraphs\">\n<p id=\"m192-191-193\">La propuesta econ\u00f3mica del presidente electo, <b>Guillermo Lasso<\/b>, se resume en una palabra: liberal. Esa filosof\u00eda aparece en la declaraci\u00f3n de principios de su <b>Plan de Gobierno<\/b>. \u201cCreemos en una econom\u00eda libre, emprendedora y de oportunidades para todos\u201d, dice.<\/p>\n<div id=\"attachment_258339\" style=\"width: 622px\" class=\"wp-caption alignnone\"><img aria-describedby=\"caption-attachment-258339\" loading=\"lazy\" class=\"size-full wp-image-258339\" src=\"https:\/\/www.ecuadortimes.net\/es\/wp-content\/uploads\/2021\/04\/ecuador-times-ecuador-news-guillermo-lasso-prepares-dozen-reforms-the-first-will-be-a-tax-reform.jpeg\" alt=\"\" width=\"612\" height=\"340\" \/><p id=\"caption-attachment-258339\" class=\"wp-caption-text\">El presidente electo de Ecuador, Guillermo Lasso, anunci\u00f3 que bajar\u00e1 el IVA durante cuatro feriados al a\u00f1o para promover el turismo<\/p><\/div>\n<p id=\"m198-1-199\">La frase es, al mismo tiempo, la manifestaci\u00f3n del pensamiento generado por la <b>Fundaci\u00f3n Ecuador Libre<\/b>, fundada por Lasso hace 15 a\u00f1os y que se autodefine como un \u2018<b>think tank<\/b>\u2019 (laboratorio de ideas) dedicado a la investigaci\u00f3n y propuesta de pol\u00edticas p\u00fablicas.<\/p>\n<p id=\"m204-2-205\">Los planteamientos fueron recogidos por cuatro asesores de ese centro, quienes escribieron el <b>Plan de Gobierno<\/b> de Lasso, bajo el liderazgo de <b>Francisco Briones,<\/b> analista y docente de desarrollo econ\u00f3mico (ver infograf\u00eda).<\/p>\n<p id=\"m210-3-211\">Esa visi\u00f3n liberal se plasma en cuatro ejes del plan econ\u00f3mico: empleo, tributos, comercio interno y externo y financiamiento.<\/p>\n<p id=\"m216-4-217\">Sobre el empleo, la propuesta es fomentar la inclusi\u00f3n de los j\u00f3venes y mujeres en el <b>mercado laboral<\/b>, \u201cdando mayor libertad de contrato en empresas\u201d. Adem\u00e1s, propone subir el salario a USD 500; es decir, un aumento del 25%.<\/p>\n<p id=\"m222-5-223\">\u201cMuy ambicioso\u201d. As\u00ed califica Vanessa Vel\u00e1squez, abogada y secretaria del Instituto Ecuatoriano de Derecho Laboral.<\/p>\n<p id=\"m228-6-229\">Para ella, el pr\u00f3ximo gobierno podr\u00e1 cumplir el ofrecimiento solo \u201csi va de la mano de una <b>reforma laboral <\/b>integral\u201d. En su experiencia, \u201clos candados que restringen la libertad de modalidades de contrataci\u00f3n hacen que los empresarios piensen mucho antes de dar paso a una contrataci\u00f3n\u201d.<\/p>\n<p id=\"m234-7-235\">Este Diario conoci\u00f3 que Ecuador Libre ya tiene redactada una docena de proyectos legislativos, que deber\u00e1n ser aprobados en coalici\u00f3n con otras fuerzas pol\u00edticas, pues no tiene mayor\u00eda en la Asamblea.<\/p>\n<p id=\"m240-8-241\">Entre estos est\u00e1 la \u201cLey de Oportunidades Laborales\u201d, con la que se buscar\u00e1n mecanismos de contrataci\u00f3n que fomenten el empleo para universitarios, t\u00e9cnicos, emp\u00edricos y madres.<\/p>\n<p id=\"m246-9-247\">Un mecanismo que contendr\u00e1 la ley es la doble deducci\u00f3n del<b> impuesto a la<\/b> <b>renta <\/b>por la contrataci\u00f3n de beneficiarios del <b>Bono de Desarrollo Humano<\/b>. Tambi\u00e9n se elaborar\u00e1 una regla t\u00e9cnica para el c\u00e1lculo anual del salario b\u00e1sico unificado y se fomentar\u00e1n las modalidades de contrato estacional y por tareas.<\/p>\n<p id=\"m252-10-253\">En el tema de <b>tributos<\/b>, Lasso dijo el martes que eliminar\u00e1 el impuesto del 2% para microempresarios y, de forma progresiva, el 5% del impuesto de salida de divisas (ISD). Sobre el impuesto al valor agregado (<b>IVA<\/b>), dijo que plantear\u00e1 bajarlo en cuatro feriados al a\u00f1o, a fin de fomentar el <b>turismo<\/b>.<br \/>\nLa v\u00eda para cristalizar su plan es una <b>reforma tributaria<\/b>, cuyo texto presentar\u00e1 en la Asamblea el pr\u00f3ximo 24 de mayo.<\/p>\n<p id=\"m258-11-259\">Los cambios tienen como fin fomentar el comercio y la inversi\u00f3n nacional y extranjera. De hecho, el Plan de Gobierno tambi\u00e9n habla de crear el R\u00e9gimen Impositivo M\u00ednimo para Emprendedores, que est\u00e1 enfocado en aliviar el pago de <b>impuestos<\/b> a negocios como panader\u00edas, tiendas, restau\u00adrantes, bazares y m\u00e1s.<\/p>\n<p id=\"m264-12-265\">Para Napole\u00f3n Santamar\u00eda, la propuesta de Lasso tiene una carencia: solo ha escuchado a su gente y no a otros sectores. \u201cLa propuesta habla de eliminaci\u00f3n del ISD, pero lo que en realidad deber\u00eda haber es una reforma al tributo para eliminarlo para algunos bienes y en otros casos mantenerlo. \u201cNo es lo mismo importar computadoras que licor\u201d, dice.<\/p>\n<p id=\"m270-13-271\">La <b>reforma tributaria <\/b>est\u00e1 atada al tercer punto, que es el <b>comercio<\/b>. La visi\u00f3n de \u00adLasso es promercado, es decir \u201cpriorizar\u00e1 la b\u00fasqueda de nichos para la colocaci\u00f3n de m\u00e1s productos ecuatorianos en el mundo\u201d, explica el economista Alberto Acosta Burneo, quien es parte de Ecuador Libre.<\/p>\n<p id=\"m276-14-277\">La <b>eliminaci\u00f3n <\/b>del <b>ISD<\/b> busca incentivar el ingreso de nuevas inversiones, el libre flujo de capitales y, como consecuencia del mercado, la reducci\u00f3n de los costos de bienes.<\/p>\n<p id=\"m282-15-283\">Sobre el financiamiento, el plan de Lasso tiene dos objetivos: fortalecer el sistema financiero con el incremento de las<b> reservas internacionales<\/b> y bajar el <b>riesgo pa\u00eds<\/b> para lograr <b>financiamiento<\/b> externo con mejores condiciones.<\/p>\n<\/div>\n<p><a href=\"https:\/\/www.elcomercio.com\/actualidad\/lasso-reformas-tributos-iva-gobierno.html\">https:\/\/www.elcomercio.com\/actualidad\/lasso-reformas-tributos-iva-gobierno.html<\/a><\/p>\n","protected":false},"excerpt":{"rendered":"<p>La propuesta econ\u00f3mica del presidente electo, Guillermo Lasso, se resume en una palabra: liberal. Esa filosof\u00eda aparece en la declaraci\u00f3n de principios de su Plan de Gobierno. \u201cCreemos en una econom\u00eda libre, emprendedora y de oportunidades para todos\u201d, dice. La frase es, al mismo tiempo, la manifestaci\u00f3n del pensamiento generado por la Fundaci\u00f3n Ecuador Libre, fundada por Lasso hace 15 a\u00f1os y que se autodefine como un \u2018think tank\u2019 (laboratorio de ideas) dedicado a la investigaci\u00f3n y propuesta de pol\u00edticas p\u00fablicas. Los planteamientos fueron recogidos por cuatro asesores de ese centro, quienes escribieron el Plan de Gobierno de Lasso, bajo el liderazgo de Francisco Briones, analista y docente de desarrollo econ\u00f3mico (ver infograf\u00eda). Esa visi\u00f3n liberal se plasma en cuatro ejes del plan econ\u00f3mico: empleo, tributos, comercio interno y externo y financiamiento. Sobre el empleo, la propuesta es fomentar la inclusi\u00f3n de los j\u00f3venes y mujeres en el mercado laboral, \u201cdando mayor libertad de contrato en empresas\u201d. Adem\u00e1s, propone subir el salario a USD 500; es decir, un aumento del 25%. \u201cMuy ambicioso\u201d. As\u00ed califica Vanessa Vel\u00e1squez, abogada y secretaria del Instituto Ecuatoriano de Derecho Laboral. Para ella, el pr\u00f3ximo gobierno podr\u00e1 cumplir el ofrecimiento solo \u201csi va de la mano de una reforma laboral integral\u201d. En su experiencia, \u201clos candados que restringen la libertad de modalidades de contrataci\u00f3n hacen que los empresarios piensen mucho antes de dar paso a una contrataci\u00f3n\u201d. Este Diario conoci\u00f3 que Ecuador Libre ya tiene redactada una docena de proyectos legislativos, que deber\u00e1n ser aprobados en coalici\u00f3n con otras fuerzas pol\u00edticas, pues no tiene mayor\u00eda en la Asamblea. Entre estos est\u00e1 la \u201cLey de Oportunidades Laborales\u201d, con la que se buscar\u00e1n mecanismos de contrataci\u00f3n que fomenten el empleo para universitarios, t\u00e9cnicos, emp\u00edricos y madres. Un mecanismo que contendr\u00e1 la ley es la doble deducci\u00f3n del impuesto a la renta por la contrataci\u00f3n de beneficiarios del Bono de Desarrollo Humano. Tambi\u00e9n se elaborar\u00e1 una regla t\u00e9cnica para el c\u00e1lculo anual del salario b\u00e1sico unificado y se fomentar\u00e1n las modalidades de contrato estacional y por tareas. En el tema de tributos, Lasso dijo el martes que eliminar\u00e1 el impuesto del 2% para microempresarios y, de forma progresiva, el 5% del impuesto de salida de divisas (ISD). Sobre el impuesto al valor agregado (IVA), dijo que plantear\u00e1 bajarlo en cuatro feriados al a\u00f1o, a fin de fomentar el turismo. La v\u00eda para cristalizar su plan es una reforma tributaria, cuyo texto presentar\u00e1 en la Asamblea el pr\u00f3ximo 24 de mayo. Los cambios tienen como fin fomentar el comercio y la inversi\u00f3n nacional y extranjera. De hecho, el Plan de Gobierno tambi\u00e9n habla de crear el R\u00e9gimen Impositivo M\u00ednimo para Emprendedores, que est\u00e1 enfocado en aliviar el pago de impuestos a negocios como panader\u00edas, tiendas, restau\u00adrantes, bazares y m\u00e1s. Para Napole\u00f3n Santamar\u00eda, la propuesta de Lasso tiene una carencia: solo ha escuchado a su gente y no a otros sectores. \u201cLa propuesta habla de eliminaci\u00f3n del ISD, pero lo que en realidad deber\u00eda haber es una reforma al tributo para eliminarlo para algunos bienes y en otros casos mantenerlo. \u201cNo es lo mismo importar computadoras que licor\u201d, dice. La reforma tributaria est\u00e1 atada al tercer punto, que es el comercio. La visi\u00f3n de \u00adLasso es promercado, es decir \u201cpriorizar\u00e1 la b\u00fasqueda de nichos para la colocaci\u00f3n de m\u00e1s productos ecuatorianos en el mundo\u201d, explica el economista Alberto Acosta Burneo, quien es parte de Ecuador Libre. La eliminaci\u00f3n del ISD busca incentivar el ingreso de nuevas inversiones, el libre flujo de capitales y, como consecuencia del mercado, la reducci\u00f3n de los costos de bienes. Sobre el financiamiento, el plan de Lasso tiene dos objetivos: fortalecer el sistema financiero con el incremento de las reservas internacionales y bajar el riesgo pa\u00eds para lograr financiamiento externo con mejores condiciones. https:\/\/www.elcomercio.com\/actualidad\/lasso-reformas-tributos-iva-gobierno.html<\/p>\n","protected":false},"author":1,"featured_media":258339,"comment_status":"closed","ping_status":"closed","sticky":false,"template":"","format":"standard","meta":[],"categories":[40,24],"tags":[],"_links":{"self":[{"href":"https:\/\/www.ecuadortimes.net\/es\/wp-json\/wp\/v2\/posts\/258338"}],"collection":[{"href":"https:\/\/www.ecuadortimes.net\/es\/wp-json\/wp\/v2\/posts"}],"about":[{"href":"https:\/\/www.ecuadortimes.net\/es\/wp-json\/wp\/v2\/types\/post"}],"author":[{"embeddable":true,"href":"https:\/\/www.ecuadortimes.net\/es\/wp-json\/wp\/v2\/users\/1"}],"replies":[{"embeddable":true,"href":"https:\/\/www.ecuadortimes.net\/es\/wp-json\/wp\/v2\/comments?post=258338"}],"version-history":[{"count":1,"href":"https:\/\/www.ecuadortimes.net\/es\/wp-json\/wp\/v2\/posts\/258338\/revisions"}],"predecessor-version":[{"id":258340,"href":"https:\/\/www.ecuadortimes.net\/es\/wp-json\/wp\/v2\/posts\/258338\/revisions\/258340"}],"wp:featuredmedia":[{"embeddable":true,"href":"https:\/\/www.ecuadortimes.net\/es\/wp-json\/wp\/v2\/media\/258339"}],"wp:attachment":[{"href":"https:\/\/www.ecuadortimes.net\/es\/wp-json\/wp\/v2\/media?parent=258338"}],"wp:term":[{"taxonomy":"category","embeddable":true,"href":"https:\/\/www.ecuadortimes.net\/es\/wp-json\/wp\/v2\/categories?post=258338"},{"taxonomy":"post_tag","embeddable":true,"href":"https:\/\/www.ecuadortimes.net\/es\/wp-json\/wp\/v2\/tags?post=258338"}],"curies":[{"name":"wp","href":"https:\/\/api.w.org\/{rel}","templated":true}]}}