{"id":258345,"date":"2021-04-19T21:37:26","date_gmt":"2021-04-19T21:37:26","guid":{"rendered":"https:\/\/www.ecuadortimes.net\/es\/?p=258345"},"modified":"2021-04-19T21:48:33","modified_gmt":"2021-04-19T21:48:33","slug":"cne-empezo-en-guayas-la-entrega-de-credenciales-a-asambleistas-electos-el-pasado-7-de-febrero-del-2021","status":"publish","type":"post","link":"https:\/\/www.ecuadortimes.net\/es\/cne-empezo-en-guayas-la-entrega-de-credenciales-a-asambleistas-electos-el-pasado-7-de-febrero-del-2021\/","title":{"rendered":"CNE empez\u00f3 en Guayas la entrega de credenciales a asamble\u00edstas electos el pasado 7 de febrero del 2021"},"content":{"rendered":"<div class=\"paragraphs\">\n<p id=\"m12-11-13\">El <b>Consejo Nacional Electoral<\/b> (CNE) empez\u00f3 la entrega de credenciales a los <b>asamble\u00edstas electos<\/b> el pasado 7 de febrero. El organismo comenz\u00f3 con los 20 flamantes legisladores en representaci\u00f3n de la provincia del <b>Guayas<\/b>.<\/p>\n<div id=\"attachment_258348\" style=\"width: 1162px\" class=\"wp-caption alignnone\"><img aria-describedby=\"caption-attachment-258348\" loading=\"lazy\" class=\"wp-image-258348 size-full\" src=\"https:\/\/www.ecuadortimes.net\/es\/wp-content\/uploads\/2021\/04\/ecuador-times-ecuador-news-cne-began-in-guayas-delivery-of-credentials-to-elected-assembly-members-on-February-7-2021.jpg\" alt=\"\" width=\"1152\" height=\"671\" \/><p id=\"caption-attachment-258348\" class=\"wp-caption-text\">Daniel Noboa Azin asamble\u00edsta por Santa Elena Ecuador<\/p><\/div>\n<p id=\"m58-1-59\">La ceremonia se realiz\u00f3 la ma\u00f1ana de este lunes 19 de abril del 2021 en el Palacio de Cristal, en el centro de Guayaquil. La presidenta del organismo electoral, <b>Diana Atamaint<\/b>, y el vicepresidente <b>Enrique Pita<\/b> lideraron el evento. Tambi\u00e9n estuvo presente la vocal <b>Esthela Acero<\/b>.<\/p>\n<p>El CNE entreg\u00f3 credenciales a la exlegisladora Sof\u00eda Esp\u00edn, Roberto Cuero, Ronny Aleaga, Victoria Desintonio, Alexandra Arce, Fernidan \u00c1lvarez, Javier Jurado, Ana Mar\u00eda Raffo y Francisco Le\u00f3n. Ellos fueron elegidos bajo la alianza <b>Uni\u00f3n por la Esperanza<\/b> (Unes).<\/p>\n<p>Por el <b>PSC<\/b>, en coalici\u00f3n con <b>Madera de Guerrero<\/b>, recibieron la credencial Luis Almeida, Geraldine Weber, Dallyana Passailaigue, C\u00e9sar Roh\u00f3n, Soledad Diab y Zolanda Pl\u00faas.<\/p>\n<p id=\"m279-2-280\">Por la<b> Izquierda Democr\u00e1tica<\/b> se entregaron credenciales a Bella Jim\u00e9nez y Marcos Molina. Mientras, por <b>CREO<\/b> fueron Francisco Jim\u00e9nez y Guido Chiriboga. Y por <b>Pachakutik<\/b> Omar Cevallos.<\/p>\n<p>Atamaint, en su intervenci\u00f3n, afirm\u00f3 que este fue el primer <b>comicio <\/b>realizado en la regi\u00f3n en el <b>contexto de la pandemia<\/b>, lo cual convierte al pa\u00eds en un referente.<\/p>\n<p>Defendi\u00f3 que durante la organizaci\u00f3n del <b>proceso electoral<\/b> se demostr\u00f3 independencia y capacidad t\u00e9cnica para concretar los comicios a pesar de tener &#8220;todo en contra&#8221;, detall\u00f3 la pandemia, el bajo presupuesto y la polarizaci\u00f3n social.<\/p>\n<p>&#8220;Por el n\u00famero de electores, <b>Guayas<\/b> es una de las provincias m\u00e1s grandes del pa\u00eds tanto para las<b> elecciones seccionales <\/b>del 2019 y comicios generales del 2021, cumpli\u00f3 con el escrutinio sin incidentes e incluso en tiempo r\u00e9cord&#8221;.<\/p>\n<p id=\"m305-4-306\">En un mensaje a los legisladores electos, les dijo que desde ahora su trabajo en la <b>funci\u00f3n legislativa<\/b> ser\u00e1 vital para promover la unidad en la diversidad de todos los ecuatorianos.<\/p>\n<p>&#8220;Por tanto, este rol que el pueblo les ha otorgado en las<b> urnas<\/b> para legislar y fiscalizar debe expresarse durante todo su mandato, as\u00ed lo esperamos todos los ecuatorianos&#8221;, finaliz\u00f3.<\/p>\n<p>Al concluir el evento, Pita explic\u00f3 que el 21 de abril culmina el plazo para la <b>entrega de credenciales<\/b>. No obstante, dijo que<b> Manab\u00ed<\/b> a\u00fan no cierra la adjudicaci\u00f3n de esca\u00f1os, pues a\u00fan el <b>Tribunal Contencioso Electoral <\/b>debe resolver si se abren o no 136 urnas para la dignidad de asamble\u00edstas en el distrito sur.<\/p>\n<p id=\"m386-6-387\">&#8220;La decisi\u00f3n est\u00e1 en manos del <b>TCE<\/b> ellos deber\u00e1n resolver en las pr\u00f3ximas 48 horas si se decide abrir o si no se cierra el proceso y quedan las cosas como est\u00e1n&#8221;, afirm\u00f3.<\/p>\n<p>En la ceremonia estuvo como invitada<b> Pierina Correa<\/b>, quien encabez\u00f3 la lista nacional de legisladores de Unes. Reiter\u00f3 la predisposici\u00f3n de su organizaci\u00f3n para dialogar sobre la <b>Presidencia de la Asamblea<\/b>.<\/p>\n<p id=\"m76-2-77\">&#8220;No hay ninguna agrupaci\u00f3n pol\u00edtica que por si sola pueda tomar decisiones y en la Asamblea todo va en <b>funci\u00f3n de votos<\/b>, por lo tanto, no habr\u00e1 los suficientes votos, estos nos dicen que necesariamente hay que ir por los consensos&#8221;.<\/p>\n<\/div>\n<p><a href=\"https:\/\/www.elcomercio.com\/actualidad\/cne-entrega-credenciales-asambleistas-guayas.html\">https:\/\/www.elcomercio.com\/actualidad\/cne-entrega-credenciales-asambleistas-guayas.html<\/a><\/p>\n","protected":false},"excerpt":{"rendered":"<p>El Consejo Nacional Electoral (CNE) empez\u00f3 la entrega de credenciales a los asamble\u00edstas electos el pasado 7 de febrero. El organismo comenz\u00f3 con los 20 flamantes legisladores en representaci\u00f3n de la provincia del Guayas. La ceremonia se realiz\u00f3 la ma\u00f1ana de este lunes 19 de abril del 2021 en el Palacio de Cristal, en el centro de Guayaquil. La presidenta del organismo electoral, Diana Atamaint, y el vicepresidente Enrique Pita lideraron el evento. Tambi\u00e9n estuvo presente la vocal Esthela Acero. El CNE entreg\u00f3 credenciales a la exlegisladora Sof\u00eda Esp\u00edn, Roberto Cuero, Ronny Aleaga, Victoria Desintonio, Alexandra Arce, Fernidan \u00c1lvarez, Javier Jurado, Ana Mar\u00eda Raffo y Francisco Le\u00f3n. Ellos fueron elegidos bajo la alianza Uni\u00f3n por la Esperanza (Unes). Por el PSC, en coalici\u00f3n con Madera de Guerrero, recibieron la credencial Luis Almeida, Geraldine Weber, Dallyana Passailaigue, C\u00e9sar Roh\u00f3n, Soledad Diab y Zolanda Pl\u00faas. Por la Izquierda Democr\u00e1tica se entregaron credenciales a Bella Jim\u00e9nez y Marcos Molina. Mientras, por CREO fueron Francisco Jim\u00e9nez y Guido Chiriboga. Y por Pachakutik Omar Cevallos. Atamaint, en su intervenci\u00f3n, afirm\u00f3 que este fue el primer comicio realizado en la regi\u00f3n en el contexto de la pandemia, lo cual convierte al pa\u00eds en un referente. Defendi\u00f3 que durante la organizaci\u00f3n del proceso electoral se demostr\u00f3 independencia y capacidad t\u00e9cnica para concretar los comicios a pesar de tener &#8220;todo en contra&#8221;, detall\u00f3 la pandemia, el bajo presupuesto y la polarizaci\u00f3n social. &#8220;Por el n\u00famero de electores, Guayas es una de las provincias m\u00e1s grandes del pa\u00eds tanto para las elecciones seccionales del 2019 y comicios generales del 2021, cumpli\u00f3 con el escrutinio sin incidentes e incluso en tiempo r\u00e9cord&#8221;. En un mensaje a los legisladores electos, les dijo que desde ahora su trabajo en la funci\u00f3n legislativa ser\u00e1 vital para promover la unidad en la diversidad de todos los ecuatorianos. &#8220;Por tanto, este rol que el pueblo les ha otorgado en las urnas para legislar y fiscalizar debe expresarse durante todo su mandato, as\u00ed lo esperamos todos los ecuatorianos&#8221;, finaliz\u00f3. Al concluir el evento, Pita explic\u00f3 que el 21 de abril culmina el plazo para la entrega de credenciales. No obstante, dijo que Manab\u00ed a\u00fan no cierra la adjudicaci\u00f3n de esca\u00f1os, pues a\u00fan el Tribunal Contencioso Electoral debe resolver si se abren o no 136 urnas para la dignidad de asamble\u00edstas en el distrito sur. &#8220;La decisi\u00f3n est\u00e1 en manos del TCE ellos deber\u00e1n resolver en las pr\u00f3ximas 48 horas si se decide abrir o si no se cierra el proceso y quedan las cosas como est\u00e1n&#8221;, afirm\u00f3. En la ceremonia estuvo como invitada Pierina Correa, quien encabez\u00f3 la lista nacional de legisladores de Unes. Reiter\u00f3 la predisposici\u00f3n de su organizaci\u00f3n para dialogar sobre la Presidencia de la Asamblea. &#8220;No hay ninguna agrupaci\u00f3n pol\u00edtica que por si sola pueda tomar decisiones y en la Asamblea todo va en funci\u00f3n de votos, por lo tanto, no habr\u00e1 los suficientes votos, estos nos dicen que necesariamente hay que ir por los consensos&#8221;. https:\/\/www.elcomercio.com\/actualidad\/cne-entrega-credenciales-asambleistas-guayas.html<\/p>\n","protected":false},"author":1,"featured_media":258348,"comment_status":"closed","ping_status":"closed","sticky":false,"template":"","format":"standard","meta":[],"categories":[40,24],"tags":[],"_links":{"self":[{"href":"https:\/\/www.ecuadortimes.net\/es\/wp-json\/wp\/v2\/posts\/258345"}],"collection":[{"href":"https:\/\/www.ecuadortimes.net\/es\/wp-json\/wp\/v2\/posts"}],"about":[{"href":"https:\/\/www.ecuadortimes.net\/es\/wp-json\/wp\/v2\/types\/post"}],"author":[{"embeddable":true,"href":"https:\/\/www.ecuadortimes.net\/es\/wp-json\/wp\/v2\/users\/1"}],"replies":[{"embeddable":true,"href":"https:\/\/www.ecuadortimes.net\/es\/wp-json\/wp\/v2\/comments?post=258345"}],"version-history":[{"count":2,"href":"https:\/\/www.ecuadortimes.net\/es\/wp-json\/wp\/v2\/posts\/258345\/revisions"}],"predecessor-version":[{"id":258349,"href":"https:\/\/www.ecuadortimes.net\/es\/wp-json\/wp\/v2\/posts\/258345\/revisions\/258349"}],"wp:featuredmedia":[{"embeddable":true,"href":"https:\/\/www.ecuadortimes.net\/es\/wp-json\/wp\/v2\/media\/258348"}],"wp:attachment":[{"href":"https:\/\/www.ecuadortimes.net\/es\/wp-json\/wp\/v2\/media?parent=258345"}],"wp:term":[{"taxonomy":"category","embeddable":true,"href":"https:\/\/www.ecuadortimes.net\/es\/wp-json\/wp\/v2\/categories?post=258345"},{"taxonomy":"post_tag","embeddable":true,"href":"https:\/\/www.ecuadortimes.net\/es\/wp-json\/wp\/v2\/tags?post=258345"}],"curies":[{"name":"wp","href":"https:\/\/api.w.org\/{rel}","templated":true}]}}