{"id":258353,"date":"2021-04-20T22:15:55","date_gmt":"2021-04-20T22:15:55","guid":{"rendered":"https:\/\/www.ecuadortimes.net\/es\/?p=258353"},"modified":"2021-04-20T22:15:55","modified_gmt":"2021-04-20T22:15:55","slug":"lasso-y-duque-acuerdan-acelerar-el-ingreso-del-ecuador-a-la-alianza-del-pacifico","status":"publish","type":"post","link":"https:\/\/www.ecuadortimes.net\/es\/lasso-y-duque-acuerdan-acelerar-el-ingreso-del-ecuador-a-la-alianza-del-pacifico\/","title":{"rendered":"Lasso y Duque acuerdan acelerar el ingreso del Ecuador a la Alianza del Pac\u00edfico"},"content":{"rendered":"<div class=\"paragraphs\">\n<p id=\"m12-11-13\">El presidente electo, <b>Guillermo Lasso<\/b>, pidi\u00f3 el respaldo del jefe de Estado de <b>Colombia<\/b>, <b>Iv\u00e1n Duque<\/b>, para el \u201cingreso inmediato\u201d de <b>Ecuador <\/b>a la <b>Alianza <\/b>del <b>Pac\u00edfico<\/b>, un mecanismo de integraci\u00f3n <b>comercial <\/b>del que tambi\u00e9n forman parte Chile, M\u00e9xico y Per\u00fa.<\/p>\n<div id=\"attachment_258354\" style=\"width: 622px\" class=\"wp-caption alignnone\"><img aria-describedby=\"caption-attachment-258354\" loading=\"lazy\" class=\"size-full wp-image-258354\" src=\"https:\/\/www.ecuadortimes.net\/es\/wp-content\/uploads\/2021\/04\/ecuador-times-ecuador-news-lasso-and-duque-agree-to-accelerate-ecuador-entry-into-the-pacific-alliance.jpeg\" alt=\"\" width=\"612\" height=\"340\" \/><p id=\"caption-attachment-258354\" class=\"wp-caption-text\">El presidente electo de Ecuador, Guillermo Lasso, y el primer mandatario de Colombia, Iv\u00e1n Duque, se reunieron el martes 20 de abril del 2021 en Bogot\u00e1.<\/p><\/div>\n<p id=\"m65-1-66\">Lasso y Duque ofrecieron una <b>declaraci\u00f3n <\/b>conjunta este martes 20 de abril del 2021, al concluir un encuentro en la <b>Casa <\/b>de <b>Nari\u00f1o<\/b>, sede del Ejecutivo del vecino pa\u00eds, en <b>Bogot\u00e1<\/b>.<\/p>\n<p>\u201cEcuador es un pa\u00eds que requiere del apoyo de Colombia para un inmediato ingreso de pleno derecho a la Alianza del Pac\u00edfico. Creemos en el libre comercio, creemos en la apertura econ\u00f3mica, creemos en el libre tr\u00e1nsito de personas, libre tr\u00e1nsito de capitales, libre tr\u00e1nsito de mercader\u00edas y haremos todo lo necesario para que en nuestro gobierno podamos lograr esa apertura econ\u00f3mica de Ecuador al mundo, y la inversi\u00f3n del mundo en el Ecuador\u201d, dijo Lasso.<\/p>\n<p>Duque respondi\u00f3 que \u201cvalora profundamente\u201d la<b> visita <\/b>de <b>Lasso <\/b>a <b>Bogot\u00e1<\/b>, que se convierte en la <b>primera gira internacional<\/b> del presidente electo, a solo nueve d\u00edas del <b>balotaje <\/b>que lo convirti\u00f3 en sucesor de <b>Len\u00edn Moreno<\/b>.<\/p>\n<p>\u201cAbordamos hoy temas de gran trascendencia para nuestros pa\u00edses. En primer lugar, yo creo que ratificamos tambi\u00e9n el compromiso de ver al Ecuador como miembro de pleno derecho de la Alianza del Pac\u00edfico\u201d, expres\u00f3 el Mandatario colombiano.<\/p>\n<p>\u201cEn mi calidad de presidente pro t\u00e9mpore de la Alianza del Pac\u00edfico -precis\u00f3 Duque-, reitero no solamente el inter\u00e9s, sino toda la ayuda de Colombia para que durante esta Presidencia pro t\u00e9mpore podamos garantizar el acceso del Ecuador a esta importante alianza\u201d.<\/p>\n<p>Duque se refiri\u00f3 a Lasso como \u201cun gran amigo\u201d y lo felicit\u00f3 por el \u201cvalioso triunfo\u201d en los comicios del 11 de abril pasado, as\u00ed como por \u201csus convicciones que ha tenido siempre en su defensa de la democracia en todo el hemisferio\u201d.<\/p>\n<p>Lasso lleg\u00f3 a Bogot\u00e1 este mediod\u00eda acompa\u00f1ado de su <b>esposa, Mar\u00eda de Lourdes Alc\u00edvar<\/b>, y de Juan Carlos Holgu\u00edn, Iv\u00e1n Correa Calder\u00f3n, Heinz Moeller Gilbert, Aparicio Caicedo y Marcelo Hurtado Lomas, quienes forman parte del <b>equipo <\/b>de <b>transici\u00f3n<\/b>.<\/p>\n<p>Para el encuentro con Lasso, Duque estuvo acompa\u00f1ado de su <b>vicepresidenta, Marta Luc\u00eda Ram\u00edrez<\/b>, y las principales cabezas de su Gabinete como el Canciller, el Ministro del Interior, el Ministro de Defensa, el Ministro de Comercio y Turismo.<\/p>\n<p>Durante esta <b>cita<\/b>, que se dio de manera <b>reservada <\/b>e incluy\u00f3 un almuerzo para la comitiva, tambi\u00e9n abordaron temas de <b>cooperaci\u00f3n <\/b>en materia de seguridad, y tambi\u00e9n la democracia y la libertad. Se prev\u00e9 que Lasso retorne la tarde de este martes a Ecuador.<\/p>\n<\/div>\n<p><a href=\"https:\/\/www.elcomercio.com\/actualidad\/lasso-duque-acuerdo-alianza-pacifico.html\">https:\/\/www.elcomercio.com\/actualidad\/lasso-duque-acuerdo-alianza-pacifico.html<\/a><\/p>\n","protected":false},"excerpt":{"rendered":"<p>El presidente electo, Guillermo Lasso, pidi\u00f3 el respaldo del jefe de Estado de Colombia, Iv\u00e1n Duque, para el \u201cingreso inmediato\u201d de Ecuador a la Alianza del Pac\u00edfico, un mecanismo de integraci\u00f3n comercial del que tambi\u00e9n forman parte Chile, M\u00e9xico y Per\u00fa. Lasso y Duque ofrecieron una declaraci\u00f3n conjunta este martes 20 de abril del 2021, al concluir un encuentro en la Casa de Nari\u00f1o, sede del Ejecutivo del vecino pa\u00eds, en Bogot\u00e1. \u201cEcuador es un pa\u00eds que requiere del apoyo de Colombia para un inmediato ingreso de pleno derecho a la Alianza del Pac\u00edfico. Creemos en el libre comercio, creemos en la apertura econ\u00f3mica, creemos en el libre tr\u00e1nsito de personas, libre tr\u00e1nsito de capitales, libre tr\u00e1nsito de mercader\u00edas y haremos todo lo necesario para que en nuestro gobierno podamos lograr esa apertura econ\u00f3mica de Ecuador al mundo, y la inversi\u00f3n del mundo en el Ecuador\u201d, dijo Lasso. Duque respondi\u00f3 que \u201cvalora profundamente\u201d la visita de Lasso a Bogot\u00e1, que se convierte en la primera gira internacional del presidente electo, a solo nueve d\u00edas del balotaje que lo convirti\u00f3 en sucesor de Len\u00edn Moreno. \u201cAbordamos hoy temas de gran trascendencia para nuestros pa\u00edses. En primer lugar, yo creo que ratificamos tambi\u00e9n el compromiso de ver al Ecuador como miembro de pleno derecho de la Alianza del Pac\u00edfico\u201d, expres\u00f3 el Mandatario colombiano. \u201cEn mi calidad de presidente pro t\u00e9mpore de la Alianza del Pac\u00edfico -precis\u00f3 Duque-, reitero no solamente el inter\u00e9s, sino toda la ayuda de Colombia para que durante esta Presidencia pro t\u00e9mpore podamos garantizar el acceso del Ecuador a esta importante alianza\u201d. Duque se refiri\u00f3 a Lasso como \u201cun gran amigo\u201d y lo felicit\u00f3 por el \u201cvalioso triunfo\u201d en los comicios del 11 de abril pasado, as\u00ed como por \u201csus convicciones que ha tenido siempre en su defensa de la democracia en todo el hemisferio\u201d. Lasso lleg\u00f3 a Bogot\u00e1 este mediod\u00eda acompa\u00f1ado de su esposa, Mar\u00eda de Lourdes Alc\u00edvar, y de Juan Carlos Holgu\u00edn, Iv\u00e1n Correa Calder\u00f3n, Heinz Moeller Gilbert, Aparicio Caicedo y Marcelo Hurtado Lomas, quienes forman parte del equipo de transici\u00f3n. Para el encuentro con Lasso, Duque estuvo acompa\u00f1ado de su vicepresidenta, Marta Luc\u00eda Ram\u00edrez, y las principales cabezas de su Gabinete como el Canciller, el Ministro del Interior, el Ministro de Defensa, el Ministro de Comercio y Turismo. Durante esta cita, que se dio de manera reservada e incluy\u00f3 un almuerzo para la comitiva, tambi\u00e9n abordaron temas de cooperaci\u00f3n en materia de seguridad, y tambi\u00e9n la democracia y la libertad. Se prev\u00e9 que Lasso retorne la tarde de este martes a Ecuador. https:\/\/www.elcomercio.com\/actualidad\/lasso-duque-acuerdo-alianza-pacifico.html<\/p>\n","protected":false},"author":1,"featured_media":258354,"comment_status":"closed","ping_status":"closed","sticky":false,"template":"","format":"standard","meta":[],"categories":[40,23],"tags":[],"_links":{"self":[{"href":"https:\/\/www.ecuadortimes.net\/es\/wp-json\/wp\/v2\/posts\/258353"}],"collection":[{"href":"https:\/\/www.ecuadortimes.net\/es\/wp-json\/wp\/v2\/posts"}],"about":[{"href":"https:\/\/www.ecuadortimes.net\/es\/wp-json\/wp\/v2\/types\/post"}],"author":[{"embeddable":true,"href":"https:\/\/www.ecuadortimes.net\/es\/wp-json\/wp\/v2\/users\/1"}],"replies":[{"embeddable":true,"href":"https:\/\/www.ecuadortimes.net\/es\/wp-json\/wp\/v2\/comments?post=258353"}],"version-history":[{"count":1,"href":"https:\/\/www.ecuadortimes.net\/es\/wp-json\/wp\/v2\/posts\/258353\/revisions"}],"predecessor-version":[{"id":258355,"href":"https:\/\/www.ecuadortimes.net\/es\/wp-json\/wp\/v2\/posts\/258353\/revisions\/258355"}],"wp:featuredmedia":[{"embeddable":true,"href":"https:\/\/www.ecuadortimes.net\/es\/wp-json\/wp\/v2\/media\/258354"}],"wp:attachment":[{"href":"https:\/\/www.ecuadortimes.net\/es\/wp-json\/wp\/v2\/media?parent=258353"}],"wp:term":[{"taxonomy":"category","embeddable":true,"href":"https:\/\/www.ecuadortimes.net\/es\/wp-json\/wp\/v2\/categories?post=258353"},{"taxonomy":"post_tag","embeddable":true,"href":"https:\/\/www.ecuadortimes.net\/es\/wp-json\/wp\/v2\/tags?post=258353"}],"curies":[{"name":"wp","href":"https:\/\/api.w.org\/{rel}","templated":true}]}}