{"id":258356,"date":"2021-04-20T22:30:14","date_gmt":"2021-04-20T22:30:14","guid":{"rendered":"https:\/\/www.ecuadortimes.net\/es\/?p=258356"},"modified":"2021-04-20T22:30:14","modified_gmt":"2021-04-20T22:30:14","slug":"frente-civico-de-perjudicados-por-la-contraloria-pide-a-fiscalia-vincular-al-caso-las-torres-a-la-contralora-subrogante-valentina-zarate-y-a-otros-funcionarios","status":"publish","type":"post","link":"https:\/\/www.ecuadortimes.net\/es\/frente-civico-de-perjudicados-por-la-contraloria-pide-a-fiscalia-vincular-al-caso-las-torres-a-la-contralora-subrogante-valentina-zarate-y-a-otros-funcionarios\/","title":{"rendered":"Frente C\u00edvico de Perjudicados por la Contralor\u00eda pide a Fiscal\u00eda vincular al caso Las Torres a la contralora subrogante Valentina Z\u00e1rate y a otros funcionarios"},"content":{"rendered":"<section class=\"article-body prose prose-sm sm:prose mx-auto space-y-3 font-primary\">\n<p class=\"prose-text\">El Frente C\u00edvico de Perjudicados por la Contralor\u00eda pide a la fiscal general Diana Salazar que vincule al proceso por delincuencia organizada <b>en el que son investigados el contralor (s) Pablo Celi y otras ocho personas a la actual contralora subrogante<\/b>, Valentina Z\u00e1rate, a algunas autoridades, directores y asesores importantes de la Contralor\u00eda General del Estado (CGE).<\/p>\n<div id=\"attachment_258357\" style=\"width: 1011px\" class=\"wp-caption alignnone\"><img aria-describedby=\"caption-attachment-258357\" loading=\"lazy\" class=\"size-full wp-image-258357\" src=\"https:\/\/www.ecuadortimes.net\/es\/wp-content\/uploads\/2021\/04\/ecuador-times-ecuador-news-civic-front-for-the-injured-by-the-comptroller-office-asks-prosecutor-office-to-link-deputy-comptroller-valentina-zarate-to-las-torres-case.jpg\" alt=\"\" width=\"1001\" height=\"670\" \/><p id=\"caption-attachment-258357\" class=\"wp-caption-text\">El vocero del Frente C\u00edvico de Perjudicados por la CGE, Alejandro Rodas Coloma, explic\u00f3 que mantienen contra la contralora subrogante Valentina Z\u00e1rate testimonios y documentos que relacionar\u00edan a esta funcionaria con irregularidades que deslegitiman su actuaci\u00f3n como titular del ente de control.<\/p><\/div>\n<p class=\"prose-text\">El vocero del Frente C\u00edvico, Alejandro Rodas Coloma, explic\u00f3 que mantienen contra Z\u00e1rate testimonios y documentos que <b>relacionar\u00edan a esta funcionaria con irregularidades que deslegitiman su actuaci\u00f3n como titular del ente <\/b>de control. Rodas Coloma dice que en este caso sucedi\u00f3 con Z\u00e1rate lo mismo que cuando el excontralor Carlos P\u00f3lit dej\u00f3 su cargo y en su lugar qued\u00f3 Pablo Celi.<\/p>\n<p class=\"prose-text\">\u201cPablo Celi ha puesto en la Contralor\u00eda a Valentina Z\u00e1rate\u201d, asegura Rodas Coloma, quien p\u00fablicamente solicit\u00f3 una reuni\u00f3n con la fiscal Salazar para hacer entrega de toda la informaci\u00f3n que poseen.<\/p>\n<p class=\"prose-text\">El Frente C\u00edvico anunci\u00f3 que se transformar\u00e1 en el Primer Observatorio a la Funci\u00f3n de Transparencia y Control Social. Seg\u00fan su vocero, este es un colectivo social conformado por exservidores de la CGE, funcionarios <b>p\u00fablicos que se han visto perjudicados por glosas<\/b> y actos administrativos totalmente inv\u00e1lidos y empresarios que habr\u00edan quebrado por no pagar ante las estas extorsiones sistem\u00e1ticas hechas a trav\u00e9s de las autoridades del \u00f3rgano de control.<\/p>\n<p class=\"prose-text\">Por ejemplo, Alejando Rodas Coloma dice haber sido funcionario de la CGE entre 2018 y 2019, habr\u00eda sido titular de la direcci\u00f3n provincial de Esmeraldas y director nacional de t\u00e9cnica normativa. \u201cSal\u00ed corriendo <b>de esa entidad porque me di cuenta<\/b>, ya en Quito, c\u00f3mo funcionaban las cosas\u201d, record\u00f3.<\/p>\n<p class=\"prose-text\">El frente buscar\u00eda la reuni\u00f3n con la fiscal Salazar para aportar al proceso, que mantiene abierta una instrucci\u00f3n <b>fiscal de 90 d\u00edas, testimonios de varios exfuncionarios de la CG que salieron<\/b> y documentos en los que se revelar\u00edan presiones desde el despacho de la ahora contralora encargada, Valentina Z\u00e1rate.<\/p>\n<p class=\"prose-text\">Adem\u00e1s, Rodas Coloma adelant\u00f3 que realizar\u00e1n las gestiones necesarias para que, dentro de la denuncia penal que present\u00f3 el Frente C\u00edvico, el 11 de enero <b>pasado, por el delito de tr\u00e1fico de influencias, se d\u00e9 la vinculaci\u00f3n de otros \u201cmalos elementos de <\/b>la funci\u00f3n p\u00fablica, concretamente del ente de control (CGE)\u201d.<\/p>\n<p class=\"prose-text\">Entre quienes deben ser vinculados al caso por delincuencia organizada, dice Rodas Coloma, estar\u00eda el director de la CGE, Luis Mi\u00f1o, <b>quien en su versi\u00f3n en este caso se\u00f1al\u00f3 que fue Pablo Celi quien dio la \u201cdisposici\u00f3n directa y verbal\u201d <\/b>del desvanecimiento de glosas, y si no cumpl\u00eda, apunt\u00f3, estaba la amenaza de la remoci\u00f3n de su cargo o un sumario administrativo para su destituci\u00f3n.<\/p>\n<p class=\"prose-text\">Rodas Coloma refiere que Mi\u00f1o replicaba lo que hac\u00eda Celi, pero en <b>otro nivel. Seg\u00fan el vocero, este director de la CGE obligaba a funcionarios a que desvanezcan glosas<\/b>, las que medianamente eran cobrables. <b>(I)<\/b><\/p>\n<\/section>\n<p><a href=\"https:\/\/www.eluniverso.com\/noticias\/politica\/frente-civico-de-perjudicados-por-la-contraloria-pide-a-fiscalia-vincular-al-caso-la-torres-a-la-contralora-subrogante-valentina-zarate-y-a-otros-funcionarios-nota\/\">https:\/\/www.eluniverso.com\/noticias\/politica\/frente-civico-de-perjudicados-por-la-contraloria-pide-a-fiscalia-vincular-al-caso-la-torres-a-la-contralora-subrogante-valentina-zarate-y-a-otros-funcionarios-nota\/<\/a><\/p>\n","protected":false},"excerpt":{"rendered":"<p>El Frente C\u00edvico de Perjudicados por la Contralor\u00eda pide a la fiscal general Diana Salazar que vincule al proceso por delincuencia organizada en el que son investigados el contralor (s) Pablo Celi y otras ocho personas a la actual contralora subrogante, Valentina Z\u00e1rate, a algunas autoridades, directores y asesores importantes de la Contralor\u00eda General del Estado (CGE). El vocero del Frente C\u00edvico, Alejandro Rodas Coloma, explic\u00f3 que mantienen contra Z\u00e1rate testimonios y documentos que relacionar\u00edan a esta funcionaria con irregularidades que deslegitiman su actuaci\u00f3n como titular del ente de control. Rodas Coloma dice que en este caso sucedi\u00f3 con Z\u00e1rate lo mismo que cuando el excontralor Carlos P\u00f3lit dej\u00f3 su cargo y en su lugar qued\u00f3 Pablo Celi. \u201cPablo Celi ha puesto en la Contralor\u00eda a Valentina Z\u00e1rate\u201d, asegura Rodas Coloma, quien p\u00fablicamente solicit\u00f3 una reuni\u00f3n con la fiscal Salazar para hacer entrega de toda la informaci\u00f3n que poseen. El Frente C\u00edvico anunci\u00f3 que se transformar\u00e1 en el Primer Observatorio a la Funci\u00f3n de Transparencia y Control Social. Seg\u00fan su vocero, este es un colectivo social conformado por exservidores de la CGE, funcionarios p\u00fablicos que se han visto perjudicados por glosas y actos administrativos totalmente inv\u00e1lidos y empresarios que habr\u00edan quebrado por no pagar ante las estas extorsiones sistem\u00e1ticas hechas a trav\u00e9s de las autoridades del \u00f3rgano de control. Por ejemplo, Alejando Rodas Coloma dice haber sido funcionario de la CGE entre 2018 y 2019, habr\u00eda sido titular de la direcci\u00f3n provincial de Esmeraldas y director nacional de t\u00e9cnica normativa. \u201cSal\u00ed corriendo de esa entidad porque me di cuenta, ya en Quito, c\u00f3mo funcionaban las cosas\u201d, record\u00f3. El frente buscar\u00eda la reuni\u00f3n con la fiscal Salazar para aportar al proceso, que mantiene abierta una instrucci\u00f3n fiscal de 90 d\u00edas, testimonios de varios exfuncionarios de la CG que salieron y documentos en los que se revelar\u00edan presiones desde el despacho de la ahora contralora encargada, Valentina Z\u00e1rate. Adem\u00e1s, Rodas Coloma adelant\u00f3 que realizar\u00e1n las gestiones necesarias para que, dentro de la denuncia penal que present\u00f3 el Frente C\u00edvico, el 11 de enero pasado, por el delito de tr\u00e1fico de influencias, se d\u00e9 la vinculaci\u00f3n de otros \u201cmalos elementos de la funci\u00f3n p\u00fablica, concretamente del ente de control (CGE)\u201d. Entre quienes deben ser vinculados al caso por delincuencia organizada, dice Rodas Coloma, estar\u00eda el director de la CGE, Luis Mi\u00f1o, quien en su versi\u00f3n en este caso se\u00f1al\u00f3 que fue Pablo Celi quien dio la \u201cdisposici\u00f3n directa y verbal\u201d del desvanecimiento de glosas, y si no cumpl\u00eda, apunt\u00f3, estaba la amenaza de la remoci\u00f3n de su cargo o un sumario administrativo para su destituci\u00f3n. Rodas Coloma refiere que Mi\u00f1o replicaba lo que hac\u00eda Celi, pero en otro nivel. Seg\u00fan el vocero, este director de la CGE obligaba a funcionarios a que desvanezcan glosas, las que medianamente eran cobrables. (I) https:\/\/www.eluniverso.com\/noticias\/politica\/frente-civico-de-perjudicados-por-la-contraloria-pide-a-fiscalia-vincular-al-caso-la-torres-a-la-contralora-subrogante-valentina-zarate-y-a-otros-funcionarios-nota\/<\/p>\n","protected":false},"author":1,"featured_media":258357,"comment_status":"closed","ping_status":"closed","sticky":false,"template":"","format":"standard","meta":[],"categories":[40,24],"tags":[],"_links":{"self":[{"href":"https:\/\/www.ecuadortimes.net\/es\/wp-json\/wp\/v2\/posts\/258356"}],"collection":[{"href":"https:\/\/www.ecuadortimes.net\/es\/wp-json\/wp\/v2\/posts"}],"about":[{"href":"https:\/\/www.ecuadortimes.net\/es\/wp-json\/wp\/v2\/types\/post"}],"author":[{"embeddable":true,"href":"https:\/\/www.ecuadortimes.net\/es\/wp-json\/wp\/v2\/users\/1"}],"replies":[{"embeddable":true,"href":"https:\/\/www.ecuadortimes.net\/es\/wp-json\/wp\/v2\/comments?post=258356"}],"version-history":[{"count":1,"href":"https:\/\/www.ecuadortimes.net\/es\/wp-json\/wp\/v2\/posts\/258356\/revisions"}],"predecessor-version":[{"id":258358,"href":"https:\/\/www.ecuadortimes.net\/es\/wp-json\/wp\/v2\/posts\/258356\/revisions\/258358"}],"wp:featuredmedia":[{"embeddable":true,"href":"https:\/\/www.ecuadortimes.net\/es\/wp-json\/wp\/v2\/media\/258357"}],"wp:attachment":[{"href":"https:\/\/www.ecuadortimes.net\/es\/wp-json\/wp\/v2\/media?parent=258356"}],"wp:term":[{"taxonomy":"category","embeddable":true,"href":"https:\/\/www.ecuadortimes.net\/es\/wp-json\/wp\/v2\/categories?post=258356"},{"taxonomy":"post_tag","embeddable":true,"href":"https:\/\/www.ecuadortimes.net\/es\/wp-json\/wp\/v2\/tags?post=258356"}],"curies":[{"name":"wp","href":"https:\/\/api.w.org\/{rel}","templated":true}]}}