{"id":258359,"date":"2021-04-20T22:42:29","date_gmt":"2021-04-20T22:42:29","guid":{"rendered":"https:\/\/www.ecuadortimes.net\/es\/?p=258359"},"modified":"2021-04-20T22:42:29","modified_gmt":"2021-04-20T22:42:29","slug":"el-total-de-adultos-de-galapagos-sera-vacunado-hasta-finales-de-mayo","status":"publish","type":"post","link":"https:\/\/www.ecuadortimes.net\/es\/el-total-de-adultos-de-galapagos-sera-vacunado-hasta-finales-de-mayo\/","title":{"rendered":"El total de adultos de Gal\u00e1pagos ser\u00e1 vacunado hasta finales de mayo"},"content":{"rendered":"<div class=\"itemFullText\">\n<p>El archipi\u00e9lago de Gal\u00e1pagos ser\u00e1 el primero en Am\u00e9rica Latina en lograr la inmunidad colectiva al covid-19, seg\u00fan inform\u00f3 este viernes 16 de abril de 2021 el Gobierno Nacional. Hasta finales de mayo, el total de su poblaci\u00f3n habr\u00e1 recibido las dos dosis de la vacuna.<\/p>\n<div id=\"attachment_258360\" style=\"width: 1210px\" class=\"wp-caption alignnone\"><img aria-describedby=\"caption-attachment-258360\" loading=\"lazy\" class=\"wp-image-258360 size-full\" src=\"https:\/\/www.ecuadortimes.net\/es\/wp-content\/uploads\/2021\/04\/ecuador-times-ecuador-news-all-galapagos-adults-will-be-vaccinated-until-the-end-of-may.jpg\" alt=\"\" width=\"1200\" height=\"810\" srcset=\"https:\/\/www.ecuadortimes.net\/es\/wp-content\/uploads\/2021\/04\/ecuador-times-ecuador-news-all-galapagos-adults-will-be-vaccinated-until-the-end-of-may.jpg 1200w, https:\/\/www.ecuadortimes.net\/es\/wp-content\/uploads\/2021\/04\/ecuador-times-ecuador-news-all-galapagos-adults-will-be-vaccinated-until-the-end-of-may-75x52.jpg 75w\" sizes=\"(max-width: 1200px) 100vw, 1200px\" \/><p id=\"caption-attachment-258360\" class=\"wp-caption-text\">El anuncio fue realizado por la vicepresidenta Mar\u00eda Alejandra Mu\u00f1oz<\/p><\/div>\n<p>La vicepresidenta Mar\u00eda Alejandra Mu\u00f1oz anunci\u00f3 que los habitantes de las islas, que sean mayores de 18 a\u00f1os, ser\u00e1n inoculados en las pr\u00f3ximas semanas. Esto gracias a un acuerdo que suscribi\u00f3 el Gobierno con el laboratorio Pfizer.<\/p>\n<p>La farmac\u00e9utica enviar\u00e1 un anticipo de 40.000 dosis, previstas para arribar al Ecuador en la \u00faltima semana de abril. Luego ser\u00e1n trasladadas desde el territorio continental a la regi\u00f3n insular. La idea es que no quede ning\u00fan adulto sin vacunarse.<\/p>\n<p>Pfizer acord\u00f3 el env\u00edo en una reuni\u00f3n con el ministro de Salud, Camilo Salinas, y el presidente del Gobierno de Gal\u00e1pagos, Norman Wray. El laboratorio acept\u00f3 adelantar las remesas, planificadas dentro del cronograma de env\u00edos, para promover programas de investigaci\u00f3n cient\u00edfica.<\/p>\n<p>Para ello, la Universidad San Francisco de Quito implementar\u00e1 una investigaci\u00f3n que acompa\u00f1e todo el proceso de inmunizaci\u00f3n a los colonos del archipi\u00e9lago.<\/p>\n<p>El Ecuador inici\u00f3 la vacunaci\u00f3n masiva a su poblaci\u00f3n a trav\u00e9s del Plan Vacunarse, dirigido y liderado por el Ministerio de Salud. Hasta el 14 de abril se han suministrado las dos dosis a 142.782 personas. <strong>(I)<\/strong><\/p>\n<\/div>\n<p><a href=\"https:\/\/www.eltelegrafo.com.ec\/noticias\/actualidad\/44\/galapagos-vacunacion-poblacion-adulta\">https:\/\/www.eltelegrafo.com.ec\/noticias\/actualidad\/44\/galapagos-vacunacion-poblacion-adulta<\/a><\/p>\n","protected":false},"excerpt":{"rendered":"<p>El archipi\u00e9lago de Gal\u00e1pagos ser\u00e1 el primero en Am\u00e9rica Latina en lograr la inmunidad colectiva al covid-19, seg\u00fan inform\u00f3 este viernes 16 de abril de 2021 el Gobierno Nacional. Hasta finales de mayo, el total de su poblaci\u00f3n habr\u00e1 recibido las dos dosis de la vacuna. La vicepresidenta Mar\u00eda Alejandra Mu\u00f1oz anunci\u00f3 que los habitantes de las islas, que sean mayores de 18 a\u00f1os, ser\u00e1n inoculados en las pr\u00f3ximas semanas. Esto gracias a un acuerdo que suscribi\u00f3 el Gobierno con el laboratorio Pfizer. La farmac\u00e9utica enviar\u00e1 un anticipo de 40.000 dosis, previstas para arribar al Ecuador en la \u00faltima semana de abril. Luego ser\u00e1n trasladadas desde el territorio continental a la regi\u00f3n insular. La idea es que no quede ning\u00fan adulto sin vacunarse. Pfizer acord\u00f3 el env\u00edo en una reuni\u00f3n con el ministro de Salud, Camilo Salinas, y el presidente del Gobierno de Gal\u00e1pagos, Norman Wray. El laboratorio acept\u00f3 adelantar las remesas, planificadas dentro del cronograma de env\u00edos, para promover programas de investigaci\u00f3n cient\u00edfica. Para ello, la Universidad San Francisco de Quito implementar\u00e1 una investigaci\u00f3n que acompa\u00f1e todo el proceso de inmunizaci\u00f3n a los colonos del archipi\u00e9lago. El Ecuador inici\u00f3 la vacunaci\u00f3n masiva a su poblaci\u00f3n a trav\u00e9s del Plan Vacunarse, dirigido y liderado por el Ministerio de Salud. Hasta el 14 de abril se han suministrado las dos dosis a 142.782 personas. (I) https:\/\/www.eltelegrafo.com.ec\/noticias\/actualidad\/44\/galapagos-vacunacion-poblacion-adulta<\/p>\n","protected":false},"author":1,"featured_media":258360,"comment_status":"closed","ping_status":"closed","sticky":false,"template":"","format":"standard","meta":[],"categories":[35,24],"tags":[],"_links":{"self":[{"href":"https:\/\/www.ecuadortimes.net\/es\/wp-json\/wp\/v2\/posts\/258359"}],"collection":[{"href":"https:\/\/www.ecuadortimes.net\/es\/wp-json\/wp\/v2\/posts"}],"about":[{"href":"https:\/\/www.ecuadortimes.net\/es\/wp-json\/wp\/v2\/types\/post"}],"author":[{"embeddable":true,"href":"https:\/\/www.ecuadortimes.net\/es\/wp-json\/wp\/v2\/users\/1"}],"replies":[{"embeddable":true,"href":"https:\/\/www.ecuadortimes.net\/es\/wp-json\/wp\/v2\/comments?post=258359"}],"version-history":[{"count":1,"href":"https:\/\/www.ecuadortimes.net\/es\/wp-json\/wp\/v2\/posts\/258359\/revisions"}],"predecessor-version":[{"id":258361,"href":"https:\/\/www.ecuadortimes.net\/es\/wp-json\/wp\/v2\/posts\/258359\/revisions\/258361"}],"wp:featuredmedia":[{"embeddable":true,"href":"https:\/\/www.ecuadortimes.net\/es\/wp-json\/wp\/v2\/media\/258360"}],"wp:attachment":[{"href":"https:\/\/www.ecuadortimes.net\/es\/wp-json\/wp\/v2\/media?parent=258359"}],"wp:term":[{"taxonomy":"category","embeddable":true,"href":"https:\/\/www.ecuadortimes.net\/es\/wp-json\/wp\/v2\/categories?post=258359"},{"taxonomy":"post_tag","embeddable":true,"href":"https:\/\/www.ecuadortimes.net\/es\/wp-json\/wp\/v2\/tags?post=258359"}],"curies":[{"name":"wp","href":"https:\/\/api.w.org\/{rel}","templated":true}]}}