{"id":258392,"date":"2021-04-23T22:14:26","date_gmt":"2021-04-23T22:14:26","guid":{"rendered":"https:\/\/www.ecuadortimes.net\/es\/?p=258392"},"modified":"2021-04-23T22:14:26","modified_gmt":"2021-04-23T22:14:26","slug":"gobierno-incrementa-la-capacidad-de-vacunacion-a-57-000-diarios","status":"publish","type":"post","link":"https:\/\/www.ecuadortimes.net\/es\/gobierno-incrementa-la-capacidad-de-vacunacion-a-57-000-diarios\/","title":{"rendered":"Gobierno incrementa la capacidad de vacunaci\u00f3n a 57.000 diarios"},"content":{"rendered":"<div class=\"itemFullText\">\n<p>En sus cuentas oficiales de redes sociales, el presidente Len\u00edn Moreno celebr\u00f3 que el Gobierno Nacional logr\u00f3 incrementar la capacidad de vacunaci\u00f3n. Desde este viernes 23 de abril, 57.582 ecuatorianos recibir\u00e1n la vacuna contra covid-19 a diario y a escala nacional.<\/p>\n<div id=\"attachment_258393\" style=\"width: 1210px\" class=\"wp-caption alignnone\"><img aria-describedby=\"caption-attachment-258393\" loading=\"lazy\" class=\"size-full wp-image-258393\" src=\"https:\/\/www.ecuadortimes.net\/es\/wp-content\/uploads\/2021\/04\/ecuador-times-ecuador-news-government-increases-vaccination-capacity-to-57000-daily-doses.jpg\" alt=\"\" width=\"1200\" height=\"810\" srcset=\"https:\/\/www.ecuadortimes.net\/es\/wp-content\/uploads\/2021\/04\/ecuador-times-ecuador-news-government-increases-vaccination-capacity-to-57000-daily-doses.jpg 1200w, https:\/\/www.ecuadortimes.net\/es\/wp-content\/uploads\/2021\/04\/ecuador-times-ecuador-news-government-increases-vaccination-capacity-to-57000-daily-doses-75x52.jpg 75w\" sizes=\"(max-width: 1200px) 100vw, 1200px\" \/><p id=\"caption-attachment-258393\" class=\"wp-caption-text\">El pedido del Presidente consist\u00eda en alcanzar la meta de 50.000 beneficiarios en cada jornada de vacunaci\u00f3n.<\/p><\/div>\n<p>&#8220;Solo si #NosCuidamosTodos, lograremos enfrentar al covid-19. Hag\u00e1moslo con responsabilidad y disciplina&#8221;, escribi\u00f3 el Primer Mandatario.<\/p>\n<h4>Un hito hist\u00f3rico<\/h4>\n<p>El anuncio del Presidente se da tras los esfuerzos del Ejecutivo por incrementar el n\u00famero de personas inmunizadas diarias. El pedido del Primer Mandatario consist\u00eda en alcanzar la meta de 50.000 vacunados por d\u00eda, cifra superada este viernes.<\/p>\n<p>El pasado 22 de abril, el titular del Ministerio de Salud P\u00fablica (MSP), Camilo Salinas, explic\u00f3 que la jornada cont\u00f3 con 90 puntos de vacunaci\u00f3n y 40.002\u00a0dosis, entre primera y segundas dosis que las destinaron a adultos mayores, Polic\u00eda Nacional y Fuerzas\u00a0Armadas (FF.AA.), personas con discapacidad y odont\u00f3logos.<\/p>\n<p>En Cuenca, Salinas se reuni\u00f3 con los directivos y personal m\u00e9dico del Hospital\u00a0Vicente Corral Moscoso para coordinar acciones con miras a fortalecer los servicios de\u00a0salud,\u00a0 considerando que este hospital es un referente del Austro del pa\u00eds, sobre todo en la\u00a0atenci\u00f3n a pacientes covid-19.<\/p>\n<p>Por su parte, en la\u00a0Universidad Polit\u00e9cnica Salesiana y en el Coliseo Jefferson P\u00e9rez, 1.920 personas resultaron beneficiarios.<\/p>\n<p>Durante la jornada de vacunaci\u00f3n en el pa\u00eds, en el Centro de Salud Turubamba, en el sur\u00a0de Quito, recibi\u00f3 la dosis Gabriela O\u00f1ate, odont\u00f3loga privada. \u201cEs importante que a nivel de\u00a0mi gremio nos encontremos vacunados, pues trabajamos expuestos a este virus de la covid-19, ya que ejercemos nuestra profesi\u00f3n sin mascarilla con los pacientes\u201d, se\u00f1al\u00f3.<\/p>\n<p>En la capital se estima vacunar a alrededor de 4.000 odont\u00f3logos en siete d\u00edas, quienes\u00a0pertenecen a gremios y est\u00e1n en libre ejercicio profesional. En la capital tambi\u00e9n est\u00e1\u00a0destinado como punto de vacunaci\u00f3n el Hospital Gineco Obst\u00e9trico Pedi\u00e1trico Nueva Aurora\u00a0Luz Elena Arismendi.<\/p>\n<\/div>\n<p><a href=\"https:\/\/www.eltelegrafo.com.ec\/noticias\/actualidad\/44\/gobierno-incrementa-la-capacidad-de-vacunacion-a-57-000-diarios\">https:\/\/www.eltelegrafo.com.ec\/noticias\/actualidad\/44\/gobierno-incrementa-la-capacidad-de-vacunacion-a-57-000-diarios<\/a><\/p>\n","protected":false},"excerpt":{"rendered":"<p>En sus cuentas oficiales de redes sociales, el presidente Len\u00edn Moreno celebr\u00f3 que el Gobierno Nacional logr\u00f3 incrementar la capacidad de vacunaci\u00f3n. Desde este viernes 23 de abril, 57.582 ecuatorianos recibir\u00e1n la vacuna contra covid-19 a diario y a escala nacional. &#8220;Solo si #NosCuidamosTodos, lograremos enfrentar al covid-19. Hag\u00e1moslo con responsabilidad y disciplina&#8221;, escribi\u00f3 el Primer Mandatario. Un hito hist\u00f3rico El anuncio del Presidente se da tras los esfuerzos del Ejecutivo por incrementar el n\u00famero de personas inmunizadas diarias. El pedido del Primer Mandatario consist\u00eda en alcanzar la meta de 50.000 vacunados por d\u00eda, cifra superada este viernes. El pasado 22 de abril, el titular del Ministerio de Salud P\u00fablica (MSP), Camilo Salinas, explic\u00f3 que la jornada cont\u00f3 con 90 puntos de vacunaci\u00f3n y 40.002\u00a0dosis, entre primera y segundas dosis que las destinaron a adultos mayores, Polic\u00eda Nacional y Fuerzas\u00a0Armadas (FF.AA.), personas con discapacidad y odont\u00f3logos. En Cuenca, Salinas se reuni\u00f3 con los directivos y personal m\u00e9dico del Hospital\u00a0Vicente Corral Moscoso para coordinar acciones con miras a fortalecer los servicios de\u00a0salud,\u00a0 considerando que este hospital es un referente del Austro del pa\u00eds, sobre todo en la\u00a0atenci\u00f3n a pacientes covid-19. Por su parte, en la\u00a0Universidad Polit\u00e9cnica Salesiana y en el Coliseo Jefferson P\u00e9rez, 1.920 personas resultaron beneficiarios. Durante la jornada de vacunaci\u00f3n en el pa\u00eds, en el Centro de Salud Turubamba, en el sur\u00a0de Quito, recibi\u00f3 la dosis Gabriela O\u00f1ate, odont\u00f3loga privada. \u201cEs importante que a nivel de\u00a0mi gremio nos encontremos vacunados, pues trabajamos expuestos a este virus de la covid-19, ya que ejercemos nuestra profesi\u00f3n sin mascarilla con los pacientes\u201d, se\u00f1al\u00f3. En la capital se estima vacunar a alrededor de 4.000 odont\u00f3logos en siete d\u00edas, quienes\u00a0pertenecen a gremios y est\u00e1n en libre ejercicio profesional. En la capital tambi\u00e9n est\u00e1\u00a0destinado como punto de vacunaci\u00f3n el Hospital Gineco Obst\u00e9trico Pedi\u00e1trico Nueva Aurora\u00a0Luz Elena Arismendi. https:\/\/www.eltelegrafo.com.ec\/noticias\/actualidad\/44\/gobierno-incrementa-la-capacidad-de-vacunacion-a-57-000-diarios<\/p>\n","protected":false},"author":1,"featured_media":258393,"comment_status":"closed","ping_status":"closed","sticky":false,"template":"","format":"standard","meta":[],"categories":[35,24],"tags":[],"_links":{"self":[{"href":"https:\/\/www.ecuadortimes.net\/es\/wp-json\/wp\/v2\/posts\/258392"}],"collection":[{"href":"https:\/\/www.ecuadortimes.net\/es\/wp-json\/wp\/v2\/posts"}],"about":[{"href":"https:\/\/www.ecuadortimes.net\/es\/wp-json\/wp\/v2\/types\/post"}],"author":[{"embeddable":true,"href":"https:\/\/www.ecuadortimes.net\/es\/wp-json\/wp\/v2\/users\/1"}],"replies":[{"embeddable":true,"href":"https:\/\/www.ecuadortimes.net\/es\/wp-json\/wp\/v2\/comments?post=258392"}],"version-history":[{"count":1,"href":"https:\/\/www.ecuadortimes.net\/es\/wp-json\/wp\/v2\/posts\/258392\/revisions"}],"predecessor-version":[{"id":258394,"href":"https:\/\/www.ecuadortimes.net\/es\/wp-json\/wp\/v2\/posts\/258392\/revisions\/258394"}],"wp:featuredmedia":[{"embeddable":true,"href":"https:\/\/www.ecuadortimes.net\/es\/wp-json\/wp\/v2\/media\/258393"}],"wp:attachment":[{"href":"https:\/\/www.ecuadortimes.net\/es\/wp-json\/wp\/v2\/media?parent=258392"}],"wp:term":[{"taxonomy":"category","embeddable":true,"href":"https:\/\/www.ecuadortimes.net\/es\/wp-json\/wp\/v2\/categories?post=258392"},{"taxonomy":"post_tag","embeddable":true,"href":"https:\/\/www.ecuadortimes.net\/es\/wp-json\/wp\/v2\/tags?post=258392"}],"curies":[{"name":"wp","href":"https:\/\/api.w.org\/{rel}","templated":true}]}}