{"id":258401,"date":"2021-04-26T20:02:05","date_gmt":"2021-04-26T20:02:05","guid":{"rendered":"https:\/\/www.ecuadortimes.net\/es\/?p=258401"},"modified":"2021-04-26T20:03:36","modified_gmt":"2021-04-26T20:03:36","slug":"el-cantante-otavaleno-jesus-fichamba-fallecio-a-causa-del-covid-19","status":"publish","type":"post","link":"https:\/\/www.ecuadortimes.net\/es\/el-cantante-otavaleno-jesus-fichamba-fallecio-a-causa-del-covid-19\/","title":{"rendered":"El cantante otavale\u00f1o Jes\u00fas Fichamba falleci\u00f3 a causa del covid-19"},"content":{"rendered":"<div class=\"paragraphs\">\n<p id=\"m309-308-310\"><b>Jes\u00fas Fichamba<\/b>, <b>cantante otavale\u00f1o<\/b>, <b>falleci\u00f3 <\/b>este lunes 26 de abril de 2021 en <b>Guayaquil<\/b>. La informaci\u00f3n fue confirmada por el tambi\u00e9n artista Gustavo Pacheco.<\/p>\n<div id=\"attachment_258403\" style=\"width: 622px\" class=\"wp-caption alignnone\"><img aria-describedby=\"caption-attachment-258403\" loading=\"lazy\" class=\"size-full wp-image-258403\" src=\"https:\/\/www.ecuadortimes.net\/es\/wp-content\/uploads\/2021\/04\/ecuador-times-ecuador-news-otavaleno-singer-jesus-fichamba-died-of-covid-19.jpeg\" alt=\"\" width=\"612\" height=\"340\" \/><p id=\"caption-attachment-258403\" class=\"wp-caption-text\">Jes\u00fas Fichamba, artista de origen otavale\u00f1o muri\u00f3 a causa de las complicaciones provocadas por el covid-19.<\/p><\/div>\n<p id=\"m315-1-316\"><b>Fichamba <\/b>estaba hospitalizado por complicaciones a <b>causa <\/b>del <b>covid<\/b>&#8211;<b>19 <\/b>desde principios del mes de <b>abril<\/b>. \u00c9l permanec\u00eda en estado cr\u00edtico e intubado.<\/p>\n<p>El cantautor otavale\u00f1o, reconocido por su participaci\u00f3n en el Festival OTI de 1985 ingres\u00f3 a la <b>Unidad de Cuidados Intensivos <\/b>del Hospital\u00a0Teodoro Maldonado Carbo el pasado 14 de abril de 2021 para recibir atenci\u00f3n por el virus <b>SARS<\/b>&#8211;<b>CoV<\/b>&#8211;<b>2<\/b>.<\/p>\n<p>Sin embargo, su salud se fue mermando y este 26 de abril de 2021, Jes\u00fas Fichamba perdi\u00f3 la batalla contra el <b>covid<\/b>&#8211;<b>19 <\/b>a los 74 a\u00f1os de edad.<\/p>\n<p>El artista <b>Gustavo Pacheco <\/b>ha sido el <b>portavoz <\/b>de la situaci\u00f3n de <b>Fichamba <\/b>y dio a conocer que los <b>preparativos f\u00fanebres <\/b>para el cantante originario de <b>Peguche <\/b>ser\u00e1n organizados por la familia del mismo e informar\u00e1n al respecto con discreci\u00f3n.<\/p>\n<p>La carrera art\u00edstica de <b>Fichamba<\/b> empez\u00f3 hace casi<b> 52 a\u00f1os<\/b>. En 1983 grab\u00f3 su primer disco y durante su carrera ha realizado giras por <b>Estados Unidos <\/b>y <b>Europa<\/b>. En 2015 particip\u00f3 en un proyecto en homenaje al <b>Papa Francisco<\/b>.<\/p>\n<p>El cantante fue reconocido a escala <b>internacional <\/b>al ganar el segundo lugar en el <b>Festival OTI Internacional <\/b>con el tema La Ni\u00f1a, la Pinta y la Santa Mar\u00eda.<\/p>\n<div id=\"m367-2-368\" class=\"\"><iframe loading=\"lazy\" title=\"YouTube video player\" src=\"https:\/\/www.youtube.com\/embed\/bw_DVPgrMjA\" width=\"100%\" height=\"315\" frameborder=\"0\" allowfullscreen=\"allowfullscreen\"><\/iframe><\/div>\n<p>&nbsp;<\/p>\n<\/div>\n<p><a href=\"https:\/\/www.elcomercio.com\/tendencias\/cantante-jesus-fichamba-muerte-covid19.html\">https:\/\/www.elcomercio.com\/tendencias\/cantante-jesus-fichamba-muerte-covid19.html<\/a><\/p>\n","protected":false},"excerpt":{"rendered":"<p>Jes\u00fas Fichamba, cantante otavale\u00f1o, falleci\u00f3 este lunes 26 de abril de 2021 en Guayaquil. La informaci\u00f3n fue confirmada por el tambi\u00e9n artista Gustavo Pacheco. Fichamba estaba hospitalizado por complicaciones a causa del covid&#8211;19 desde principios del mes de abril. \u00c9l permanec\u00eda en estado cr\u00edtico e intubado. El cantautor otavale\u00f1o, reconocido por su participaci\u00f3n en el Festival OTI de 1985 ingres\u00f3 a la Unidad de Cuidados Intensivos del Hospital\u00a0Teodoro Maldonado Carbo el pasado 14 de abril de 2021 para recibir atenci\u00f3n por el virus SARS&#8211;CoV&#8211;2. Sin embargo, su salud se fue mermando y este 26 de abril de 2021, Jes\u00fas Fichamba perdi\u00f3 la batalla contra el covid&#8211;19 a los 74 a\u00f1os de edad. El artista Gustavo Pacheco ha sido el portavoz de la situaci\u00f3n de Fichamba y dio a conocer que los preparativos f\u00fanebres para el cantante originario de Peguche ser\u00e1n organizados por la familia del mismo e informar\u00e1n al respecto con discreci\u00f3n. La carrera art\u00edstica de Fichamba empez\u00f3 hace casi 52 a\u00f1os. En 1983 grab\u00f3 su primer disco y durante su carrera ha realizado giras por Estados Unidos y Europa. En 2015 particip\u00f3 en un proyecto en homenaje al Papa Francisco. El cantante fue reconocido a escala internacional al ganar el segundo lugar en el Festival OTI Internacional con el tema La Ni\u00f1a, la Pinta y la Santa Mar\u00eda. &nbsp; https:\/\/www.elcomercio.com\/tendencias\/cantante-jesus-fichamba-muerte-covid19.html<\/p>\n","protected":false},"author":1,"featured_media":258403,"comment_status":"closed","ping_status":"closed","sticky":false,"template":"","format":"standard","meta":[],"categories":[35,24],"tags":[],"_links":{"self":[{"href":"https:\/\/www.ecuadortimes.net\/es\/wp-json\/wp\/v2\/posts\/258401"}],"collection":[{"href":"https:\/\/www.ecuadortimes.net\/es\/wp-json\/wp\/v2\/posts"}],"about":[{"href":"https:\/\/www.ecuadortimes.net\/es\/wp-json\/wp\/v2\/types\/post"}],"author":[{"embeddable":true,"href":"https:\/\/www.ecuadortimes.net\/es\/wp-json\/wp\/v2\/users\/1"}],"replies":[{"embeddable":true,"href":"https:\/\/www.ecuadortimes.net\/es\/wp-json\/wp\/v2\/comments?post=258401"}],"version-history":[{"count":4,"href":"https:\/\/www.ecuadortimes.net\/es\/wp-json\/wp\/v2\/posts\/258401\/revisions"}],"predecessor-version":[{"id":258406,"href":"https:\/\/www.ecuadortimes.net\/es\/wp-json\/wp\/v2\/posts\/258401\/revisions\/258406"}],"wp:featuredmedia":[{"embeddable":true,"href":"https:\/\/www.ecuadortimes.net\/es\/wp-json\/wp\/v2\/media\/258403"}],"wp:attachment":[{"href":"https:\/\/www.ecuadortimes.net\/es\/wp-json\/wp\/v2\/media?parent=258401"}],"wp:term":[{"taxonomy":"category","embeddable":true,"href":"https:\/\/www.ecuadortimes.net\/es\/wp-json\/wp\/v2\/categories?post=258401"},{"taxonomy":"post_tag","embeddable":true,"href":"https:\/\/www.ecuadortimes.net\/es\/wp-json\/wp\/v2\/tags?post=258401"}],"curies":[{"name":"wp","href":"https:\/\/api.w.org\/{rel}","templated":true}]}}