{"id":258414,"date":"2021-04-27T22:06:25","date_gmt":"2021-04-27T22:06:25","guid":{"rendered":"https:\/\/www.ecuadortimes.net\/es\/?p=258414"},"modified":"2021-04-27T22:06:25","modified_gmt":"2021-04-27T22:06:25","slug":"fiscalia-solicita-prision-preventiva-para-el-alcalde-de-quito-jorge-y","status":"publish","type":"post","link":"https:\/\/www.ecuadortimes.net\/es\/fiscalia-solicita-prision-preventiva-para-el-alcalde-de-quito-jorge-y\/","title":{"rendered":"Fiscal\u00eda solicita prisi\u00f3n preventiva para el alcalde de Quito Jorge Y."},"content":{"rendered":"<div class=\"itemFullText\">\n<p>Tras concluir el anuncio de prueba, la Fiscal\u00eda solicit\u00f3 prisi\u00f3n preventiva contra el alcalde de Quito, Jorge Y. De acuerdo a la Fiscal\u00eda,\u00a0&#8220;se derivar\u00edan otras investigaciones que involucrar\u00edan directamente al burgomaestre, a su hijo y otros familiares&#8221;, escribieron las autoridades.<\/p>\n<div id=\"attachment_258415\" style=\"width: 1210px\" class=\"wp-caption alignnone\"><img aria-describedby=\"caption-attachment-258415\" loading=\"lazy\" class=\"size-full wp-image-258415\" src=\"https:\/\/www.ecuadortimes.net\/es\/wp-content\/uploads\/2021\/04\/ecuador-times-ecuador-news-prosecutors-office-requests-preventive-detention-for-the-mayor-of-quito-jorge-y.jpg\" alt=\"\" width=\"1200\" height=\"810\" srcset=\"https:\/\/www.ecuadortimes.net\/es\/wp-content\/uploads\/2021\/04\/ecuador-times-ecuador-news-prosecutors-office-requests-preventive-detention-for-the-mayor-of-quito-jorge-y.jpg 1200w, https:\/\/www.ecuadortimes.net\/es\/wp-content\/uploads\/2021\/04\/ecuador-times-ecuador-news-prosecutors-office-requests-preventive-detention-for-the-mayor-of-quito-jorge-y-75x52.jpg 75w\" sizes=\"(max-width: 1200px) 100vw, 1200px\" \/><p id=\"caption-attachment-258415\" class=\"wp-caption-text\">Seg\u00fan Fiscal\u00eda, existen otras investigaciones que involucrar\u00edan directamente al Alcalde y otros familiares.<\/p><\/div>\n<p>Frente a la solicitud, el Burgomaestre reaccion\u00f3 al pedido de la Fiscal\u00eda.<\/p>\n<div class=\"twitter-tweet twitter-tweet-rendered\" style=\"display: flex; max-width: 550px; width: 100%; margin-top: 10px; margin-bottom: 10px;\"><iframe id=\"twitter-widget-1\" class=\"\" style=\"position: static; visibility: visible; width: 540px; height: 266px; display: block; flex-grow: 1;\" title=\"Twitter Tweet\" src=\"https:\/\/platform.twitter.com\/embed\/Tweet.html?creatorScreenName=el_telegrafo&amp;dnt=false&amp;embedId=twitter-widget-1&amp;features=eyJ0ZndfZXhwZXJpbWVudHNfY29va2llX2V4cGlyYXRpb24iOnsiYnVja2V0IjoxMjA5NjAwLCJ2ZXJzaW9uIjpudWxsfSwidGZ3X2hvcml6b25fdHdlZXRfZW1iZWRfOTU1NSI6eyJidWNrZXQiOiJodGUiLCJ2ZXJzaW9uIjpudWxsfX0%3D&amp;frame=false&amp;hideCard=false&amp;hideThread=false&amp;id=1387112208509939712&amp;lang=es&amp;origin=https%3A%2F%2Fwww.eltelegrafo.com.ec%2Fnoticias%2Fjusticia%2F12%2Ffiscalia-prision-preventiva-alcalde-quito-jorge&amp;sessionId=5656d47b02c0d755672ede886ca52723f9f32668&amp;siteScreenName=el_telegrafo&amp;theme=light&amp;widgetsVersion=ff2e7cf%3A1618526400629&amp;width=550px\" frameborder=\"0\" scrolling=\"no\" allowfullscreen=\"allowfullscreen\" data-tweet-id=\"1387112208509939712\"><\/iframe><\/div>\n<p><script src=\"https:\/\/platform.twitter.com\/widgets.js\"><\/script><\/p>\n<p>La Fiscal\u00eda present\u00f3\u00a012 elementos de convicci\u00f3n el pasado lunes 26 de abril. Con ello, acusaron al Alcalde como autor mediato en el delito de peculado.<\/p>\n<p>&#8220;Los elementos de convicci\u00f3n recabados durante la investigaci\u00f3n demostrar\u00edan que el alcalde del DM Quito, Jorge Homero Y. M., tuvo conocimiento -en todo momento- del proceso de contrataci\u00f3n&#8221;, escribi\u00f3 la Fiscal\u00eda en un comunicado. Con ese antecedente, la Fiscal\u00eda a\u00f1adi\u00f3 que el alcalde prepar\u00f3 las condiciones para que el exsecretario de Salud, Lenin M., suscribiera un contrato con Salumed S.A. por $ 4&#8217;226.880 para la compra de pruebas PCR que ten\u00edan como fin detectar covid-19.<\/p>\n<p>Por su parte, para los otros 13\u00a0procesados por presunto peculado, el fiscal provincial Alberto Santill\u00e1n pidi\u00f3 que se ratifiquen las medidas cautelares que est\u00e1n vigentes.<\/p>\n<p>En el proceso, la Fiscal\u00eda present\u00f3 m\u00e1s de 80 elementos de convicci\u00f3n para fundamentar su acusaci\u00f3n en contra de 14 procesados. Uno de ellos fue el contrato de emergencia que adquiri\u00f3 el Municipio de Quito para detectar covid-19 que suscribieron el 16 de abril de 2020. Otro de los elementos fue el pago del anticipo del 70%, del 20 de abril de 2020, a Salumed S.A. por $2&#8217;641.800 que orden\u00f3 el Municipio de Quito.<\/p>\n<\/div>\n<p><a href=\"https:\/\/www.eltelegrafo.com.ec\/noticias\/justicia\/12\/fiscalia-prision-preventiva-alcalde-quito-jorge\">https:\/\/www.eltelegrafo.com.ec\/noticias\/justicia\/12\/fiscalia-prision-preventiva-alcalde-quito-jorge<\/a><\/p>\n","protected":false},"excerpt":{"rendered":"<p>Tras concluir el anuncio de prueba, la Fiscal\u00eda solicit\u00f3 prisi\u00f3n preventiva contra el alcalde de Quito, Jorge Y. De acuerdo a la Fiscal\u00eda,\u00a0&#8220;se derivar\u00edan otras investigaciones que involucrar\u00edan directamente al burgomaestre, a su hijo y otros familiares&#8221;, escribieron las autoridades. Frente a la solicitud, el Burgomaestre reaccion\u00f3 al pedido de la Fiscal\u00eda. La Fiscal\u00eda present\u00f3\u00a012 elementos de convicci\u00f3n el pasado lunes 26 de abril. Con ello, acusaron al Alcalde como autor mediato en el delito de peculado. &#8220;Los elementos de convicci\u00f3n recabados durante la investigaci\u00f3n demostrar\u00edan que el alcalde del DM Quito, Jorge Homero Y. M., tuvo conocimiento -en todo momento- del proceso de contrataci\u00f3n&#8221;, escribi\u00f3 la Fiscal\u00eda en un comunicado. Con ese antecedente, la Fiscal\u00eda a\u00f1adi\u00f3 que el alcalde prepar\u00f3 las condiciones para que el exsecretario de Salud, Lenin M., suscribiera un contrato con Salumed S.A. por $ 4&#8217;226.880 para la compra de pruebas PCR que ten\u00edan como fin detectar covid-19. Por su parte, para los otros 13\u00a0procesados por presunto peculado, el fiscal provincial Alberto Santill\u00e1n pidi\u00f3 que se ratifiquen las medidas cautelares que est\u00e1n vigentes. En el proceso, la Fiscal\u00eda present\u00f3 m\u00e1s de 80 elementos de convicci\u00f3n para fundamentar su acusaci\u00f3n en contra de 14 procesados. Uno de ellos fue el contrato de emergencia que adquiri\u00f3 el Municipio de Quito para detectar covid-19 que suscribieron el 16 de abril de 2020. Otro de los elementos fue el pago del anticipo del 70%, del 20 de abril de 2020, a Salumed S.A. por $2&#8217;641.800 que orden\u00f3 el Municipio de Quito. https:\/\/www.eltelegrafo.com.ec\/noticias\/justicia\/12\/fiscalia-prision-preventiva-alcalde-quito-jorge<\/p>\n","protected":false},"author":1,"featured_media":258415,"comment_status":"closed","ping_status":"closed","sticky":false,"template":"","format":"standard","meta":[],"categories":[40,24],"tags":[],"_links":{"self":[{"href":"https:\/\/www.ecuadortimes.net\/es\/wp-json\/wp\/v2\/posts\/258414"}],"collection":[{"href":"https:\/\/www.ecuadortimes.net\/es\/wp-json\/wp\/v2\/posts"}],"about":[{"href":"https:\/\/www.ecuadortimes.net\/es\/wp-json\/wp\/v2\/types\/post"}],"author":[{"embeddable":true,"href":"https:\/\/www.ecuadortimes.net\/es\/wp-json\/wp\/v2\/users\/1"}],"replies":[{"embeddable":true,"href":"https:\/\/www.ecuadortimes.net\/es\/wp-json\/wp\/v2\/comments?post=258414"}],"version-history":[{"count":1,"href":"https:\/\/www.ecuadortimes.net\/es\/wp-json\/wp\/v2\/posts\/258414\/revisions"}],"predecessor-version":[{"id":258416,"href":"https:\/\/www.ecuadortimes.net\/es\/wp-json\/wp\/v2\/posts\/258414\/revisions\/258416"}],"wp:featuredmedia":[{"embeddable":true,"href":"https:\/\/www.ecuadortimes.net\/es\/wp-json\/wp\/v2\/media\/258415"}],"wp:attachment":[{"href":"https:\/\/www.ecuadortimes.net\/es\/wp-json\/wp\/v2\/media?parent=258414"}],"wp:term":[{"taxonomy":"category","embeddable":true,"href":"https:\/\/www.ecuadortimes.net\/es\/wp-json\/wp\/v2\/categories?post=258414"},{"taxonomy":"post_tag","embeddable":true,"href":"https:\/\/www.ecuadortimes.net\/es\/wp-json\/wp\/v2\/tags?post=258414"}],"curies":[{"name":"wp","href":"https:\/\/api.w.org\/{rel}","templated":true}]}}