{"id":258420,"date":"2021-04-28T21:44:19","date_gmt":"2021-04-28T21:44:19","guid":{"rendered":"https:\/\/www.ecuadortimes.net\/es\/?p=258420"},"modified":"2021-04-28T21:44:19","modified_gmt":"2021-04-28T21:44:19","slug":"el-presidente-lenin-moreno-sufrio-un-quebranto-en-su-salud-esta-madrugada","status":"publish","type":"post","link":"https:\/\/www.ecuadortimes.net\/es\/el-presidente-lenin-moreno-sufrio-un-quebranto-en-su-salud-esta-madrugada\/","title":{"rendered":"El presidente Len\u00edn Moreno sufri\u00f3 un quebranto en su salud esta madrugada"},"content":{"rendered":"<section class=\"article-body prose prose-sm sm:prose mx-auto space-y-3 font-primary\">\n<p class=\"prose-text\">Esta madrugada, el <b>presidente saliente de Ecuador, Len\u00edn Moreno,<\/b> sufri\u00f3 un quebranto en su salud y no pudo realizar las actividades p\u00fablicas previstas para hoy, relacionadas con la entrega de cartas credenciales y el proceso de vacunaci\u00f3n contra el COVID-19.<\/p>\n<div id=\"attachment_258421\" style=\"width: 724px\" class=\"wp-caption alignnone\"><img aria-describedby=\"caption-attachment-258421\" loading=\"lazy\" class=\"size-full wp-image-258421\" src=\"https:\/\/www.ecuadortimes.net\/es\/wp-content\/uploads\/2021\/04\/ecuador-times-ecuador-news-president-lenin-moreno-suffered-breakdown-in-his-health-this-morning.jpg\" alt=\"\" width=\"714\" height=\"401\" \/><p id=\"caption-attachment-258421\" class=\"wp-caption-text\">En una cadena nacional, el presidente Len\u00edn Moreno se refiri\u00f3 al proyecto gubernamental.<\/p><\/div>\n<p class=\"prose-text\">La informaci\u00f3n fue confirmada por la <b>secretaria jur\u00eddica de la Presidencia de la Rep\u00fablica, Johanna Pes\u00e1ntez<\/b>, quien se hizo cargo del evento de entrega de cartas credenciales de los nuevos embajadores de Uruguay, Guatemala, Rep\u00fablica Dominicana, Rusia, Austria, Rumania y Grecia.<\/p>\n<p class=\"prose-text\">Pes\u00e1ntez asegur\u00f3 que el \u201cquebranto\u201d ha sido superado, pero tiene que cumplir con reposo m\u00e9dico hoy.<\/p>\n<p class=\"prose-text\">La <b>Secretar\u00eda General de la Comunicaci\u00f3n de la Presidencia de la Rep\u00fablica<\/b> no ha detallado sobre el estado de salud del mandatario, hasta el momento.<b> (I)<\/b><\/p>\n<\/section>\n<p><a href=\"https:\/\/www.eluniverso.com\/noticias\/politica\/el-presidente-lenin-moreno-sufrio-quebranto-en-su-salud-esta-madrugada-nota\/\">https:\/\/www.eluniverso.com\/noticias\/politica\/el-presidente-lenin-moreno-sufrio-quebranto-en-su-salud-esta-madrugada-nota\/<\/a><\/p>\n","protected":false},"excerpt":{"rendered":"<p>Esta madrugada, el presidente saliente de Ecuador, Len\u00edn Moreno, sufri\u00f3 un quebranto en su salud y no pudo realizar las actividades p\u00fablicas previstas para hoy, relacionadas con la entrega de cartas credenciales y el proceso de vacunaci\u00f3n contra el COVID-19. La informaci\u00f3n fue confirmada por la secretaria jur\u00eddica de la Presidencia de la Rep\u00fablica, Johanna Pes\u00e1ntez, quien se hizo cargo del evento de entrega de cartas credenciales de los nuevos embajadores de Uruguay, Guatemala, Rep\u00fablica Dominicana, Rusia, Austria, Rumania y Grecia. Pes\u00e1ntez asegur\u00f3 que el \u201cquebranto\u201d ha sido superado, pero tiene que cumplir con reposo m\u00e9dico hoy. La Secretar\u00eda General de la Comunicaci\u00f3n de la Presidencia de la Rep\u00fablica no ha detallado sobre el estado de salud del mandatario, hasta el momento. (I) https:\/\/www.eluniverso.com\/noticias\/politica\/el-presidente-lenin-moreno-sufrio-quebranto-en-su-salud-esta-madrugada-nota\/<\/p>\n","protected":false},"author":1,"featured_media":258421,"comment_status":"closed","ping_status":"closed","sticky":false,"template":"","format":"standard","meta":[],"categories":[40,24],"tags":[],"_links":{"self":[{"href":"https:\/\/www.ecuadortimes.net\/es\/wp-json\/wp\/v2\/posts\/258420"}],"collection":[{"href":"https:\/\/www.ecuadortimes.net\/es\/wp-json\/wp\/v2\/posts"}],"about":[{"href":"https:\/\/www.ecuadortimes.net\/es\/wp-json\/wp\/v2\/types\/post"}],"author":[{"embeddable":true,"href":"https:\/\/www.ecuadortimes.net\/es\/wp-json\/wp\/v2\/users\/1"}],"replies":[{"embeddable":true,"href":"https:\/\/www.ecuadortimes.net\/es\/wp-json\/wp\/v2\/comments?post=258420"}],"version-history":[{"count":1,"href":"https:\/\/www.ecuadortimes.net\/es\/wp-json\/wp\/v2\/posts\/258420\/revisions"}],"predecessor-version":[{"id":258422,"href":"https:\/\/www.ecuadortimes.net\/es\/wp-json\/wp\/v2\/posts\/258420\/revisions\/258422"}],"wp:featuredmedia":[{"embeddable":true,"href":"https:\/\/www.ecuadortimes.net\/es\/wp-json\/wp\/v2\/media\/258421"}],"wp:attachment":[{"href":"https:\/\/www.ecuadortimes.net\/es\/wp-json\/wp\/v2\/media?parent=258420"}],"wp:term":[{"taxonomy":"category","embeddable":true,"href":"https:\/\/www.ecuadortimes.net\/es\/wp-json\/wp\/v2\/categories?post=258420"},{"taxonomy":"post_tag","embeddable":true,"href":"https:\/\/www.ecuadortimes.net\/es\/wp-json\/wp\/v2\/tags?post=258420"}],"curies":[{"name":"wp","href":"https:\/\/api.w.org\/{rel}","templated":true}]}}