{"id":258426,"date":"2021-04-28T22:08:02","date_gmt":"2021-04-28T22:08:02","guid":{"rendered":"https:\/\/www.ecuadortimes.net\/es\/?p=258426"},"modified":"2021-04-28T22:08:02","modified_gmt":"2021-04-28T22:08:02","slug":"america-latina-lucha-contra-la-extincion-del-jaguar","status":"publish","type":"post","link":"https:\/\/www.ecuadortimes.net\/es\/america-latina-lucha-contra-la-extincion-del-jaguar\/","title":{"rendered":"Am\u00e9rica Latina lucha contra la extinci\u00f3n del jaguar"},"content":{"rendered":"<div class=\"itemFullText\">\n<p>En el centro de Centro de Reintroducci\u00f3n del Yaguaret\u00e9, en el Parque Nacional Iber\u00e1 de Corrientes (Argentina), la celebraci\u00f3n del D\u00eda Mundial del Jaguar (este 29 de noviembre), se esperaba con impaciencia, pues se dieron a conocer los nombres de los cachorros de jaguar que nacieron hace unos d\u00edas.<\/p>\n<div id=\"attachment_258427\" style=\"width: 1210px\" class=\"wp-caption alignnone\"><img aria-describedby=\"caption-attachment-258427\" loading=\"lazy\" class=\"size-full wp-image-258427\" src=\"https:\/\/www.ecuadortimes.net\/es\/wp-content\/uploads\/2021\/04\/ecuador-times-ecuador-news-latin-america-fights-against-the-extinction-of-the-jaguar.jpg\" alt=\"\" width=\"1200\" height=\"811\" srcset=\"https:\/\/www.ecuadortimes.net\/es\/wp-content\/uploads\/2021\/04\/ecuador-times-ecuador-news-latin-america-fights-against-the-extinction-of-the-jaguar.jpg 1200w, https:\/\/www.ecuadortimes.net\/es\/wp-content\/uploads\/2021\/04\/ecuador-times-ecuador-news-latin-america-fights-against-the-extinction-of-the-jaguar-75x52.jpg 75w\" sizes=\"(max-width: 1200px) 100vw, 1200px\" \/><p id=\"caption-attachment-258427\" class=\"wp-caption-text\">A pesar del delicado estado del gran felino de las Am\u00e9ricas en la regi\u00f3n, existen diversas iniciativas para garantizar su protecci\u00f3n y conservaci\u00f3n.<\/p><\/div>\n<p>Son el resultado del cruce de dos ejemplares salvajes que fueron rescatados de los cazadores furtivos en Brasil y enviados posteriormente a Argentina, donde &#8220;la poblaci\u00f3n estimada de yaguaret\u00e9s es de 250 ejemplares&#8221;, dijo Tal\u00eda Zamboni, coordinadora de proyectos de reintroducci\u00f3n en Iber\u00e1 de la Fundaci\u00f3n Rewilding Argentina.<\/p>\n<p>&#8220;El proyecto de reintroducci\u00f3n del yaguaret\u00e9 en Iber\u00e1 busca establecer una poblaci\u00f3n autosustentable con la que se pueda recuperar su rol ecol\u00f3gico y su valor cultural y que represente a su vez un atractivo para el desarrollo del turismo de naturaleza, que beneficie a las comunidades vecinas a la reserva&#8221;, explic\u00f3.<\/p>\n<p>El Centro de Reintroducci\u00f3n de Yaguaret\u00e9s nace con el objetivo de que se reproduzcan animales que posteriormente puedan ser liberados.<\/p>\n<p>&#8220;Los animales de cautiverio no podr\u00e1n ser liberados al estar acostumbrados a la alimentaci\u00f3n y manejo por parte de humanos, pero pueden producir cachorros que crezcan con un m\u00ednimo contacto humano para ser liberados en el futuro&#8221;, puntualiz\u00f3 Zamboni.<\/p>\n<p>El centro, inaugurado en 2015, ha acogido ocho ejemplares y con &#8220;constancia&#8221; y &#8220;mucha paciencia&#8221; en 2018 &#8220;nacieron los primeros cachorros de dos padres de cautiverio y, en 2020, el segundo nacimiento de dos cr\u00edas m\u00e1s de padres de origen silvestre&#8221;.<\/p>\n<p>No obstante, &#8220;estudios de disponibilidad de h\u00e1bitat y presas en Iber\u00e1 sugieren que la zona podr\u00eda llegar a albergar una poblaci\u00f3n de alrededor de 100 ejemplares&#8221;, subray\u00f3.<\/p>\n<p><strong>Una cuesti\u00f3n de territorio<\/strong><\/p>\n<p>&#8220;La recuperaci\u00f3n de ejemplares para su liberaci\u00f3n apoya de manera reactiva que los jaguares regresen al entorno natural&#8221;, manifiesta Mar\u00eda Jos\u00e9 Villanueva, directora de Conservaci\u00f3n de WWF M\u00e9xico.<\/p>\n<p>Ella record\u00f3 que &#8220;la principal amenaza del jaguar es la p\u00e9rdida y fragmentaci\u00f3n del h\u00e1bitat. Necesitamos trabajar en conservar los espacios naturales necesarios para que el jaguar se pueda mover libremente, encontrar pareja y presas&#8221;, sostuvo.<\/p>\n<p>&#8220;Garantizar la conectividad del h\u00e1bitat en su \u00e1rea de distribuci\u00f3n es esencial para la supervivencia a largo plazo de los jaguares&#8221;, manifest\u00f3 Amy Fraenkel, secretaria ejecutiva de la Convenci\u00f3n de Especies Migratorias (CMS, por sus siglas en ingl\u00e9s) con sede en Bonn (Alemania).<\/p>\n<p>En este sentido, Carlos Mario Orrego, representante del Comit\u00e9 Cient\u00edfico para Centroam\u00e9rica, El Caribe y Suram\u00e9rica de dicha Convenci\u00f3n, apunt\u00f3 a la creaci\u00f3n de corredores binacionales y trinacionales con todos los pa\u00edses de \u00e1rea de distribuci\u00f3n de las Am\u00e9ricas.<\/p>\n<p>&#8220;Costa Rica tiene un corredor transfronterizo con Panam\u00e1 y con Nicaragua&#8221;, se\u00f1aliz\u00f3.<\/p>\n<p>Para contribuir a ello, el Fondo Mundial para la Naturaleza lanz\u00f3 a principios de este mes la \u201cEstrategia de Conservaci\u00f3n del Jaguar 2020-2030\u201d que contempla acciones en 14 de los 18 pa\u00edses de Am\u00e9rica donde habita el felino, considerado como especie &#8220;casi amenazada&#8221;, seg\u00fan la Lista Roja de Especies Amenazadas de la Uni\u00f3n Internacional para la Conservaci\u00f3n de la Naturaleza.<\/p>\n<p>&#8220;La estrategia regional de WWF trabajar\u00e1 en asegurar 15 de los 30 paisajes que propone el Plan Jaguar 2030, lanzado en la CoP14 del Convenio sobre Diversidad Biol\u00f3gica en 2018&#8221;, puntualiz\u00f3 Villanueva.<br \/>\nLa organizaci\u00f3n quiere &#8220;asegurar la conectividad, fortalecer las \u00e1reas naturales protegidas que a\u00fan contienen jaguar, reducir el tr\u00e1fico ilegal y apoyar a las comunidades que habitan en territorio jaguar&#8221;, agreg\u00f3.<\/p>\n<p><strong>M\u00e1s protecci\u00f3n internacional y nacional<\/strong><\/p>\n<p>La iniciativa de la WWF se une a otros esfuerzos de organizaciones y gobiernos. Precisamente, &#8220;el jaguar fue incluido en ambos Ap\u00e9ndices de la Convenci\u00f3n sobre Especies Migratorias a principios de este a\u00f1o, lo que le otorga la protecci\u00f3n m\u00e1s fuerte bajo la Convenci\u00f3n&#8221;, asegur\u00f3 Fraenkel.<\/p>\n<p>Adem\u00e1s de este logro a nivel internacional, a nivel nacional destaca el Plan de Acci\u00f3n para la Conservaci\u00f3n del Jaguar 2020-2025, que lanz\u00f3 recientemente el Ministerio de Medio Ambiente y Agua de Bolivia y que busca la conservaci\u00f3n de este felino que se enfrenta a la destrucci\u00f3n de su h\u00e1bitat natural.<\/p>\n<p>&#8220;Los incendios forestales entre mayo y noviembre han ocasionado grandes p\u00e9rdidas de nuestras \u00e1reas&#8221;, dijo Andrea Benavente, directora de comunicaciones de la Comunidad Inti Wara Yassi.<\/p>\n<p>Esta organizaci\u00f3n se dedica al rescate de jaguares, entre otros animales, v\u00edctimas del tr\u00e1fico ilegal, su uso como mascotas y el maltrato, a trav\u00e9s de tres santuarios.<\/p>\n<p>&#8220;En el 2020 hemos perdido alrededor de 500 hect\u00e1reas de las 900 que pertenecen a Ambue Ari&#8221;, lament\u00f3.<\/p>\n<p>Asimismo puntualiz\u00f3 que en este santuario &#8220;hemos observado cerca de nueve jaguares que usan el territorio dentro de su rango de distribuci\u00f3n&#8221;. Por este motivo, Benavente reclama &#8220;fortalecer el sistema judicial con sanciones dr\u00e1sticas para los responsables de quemas ilegales, as\u00ed como para los traficantes de vida silvestre&#8221;.<\/p>\n<p>Y es que el tr\u00e1fico internacional es otra de las amenazas de la emblem\u00e1tica especie. Yandery Kempff, firectora de Recursos Naturales de la gobernaci\u00f3n de Santa Cruz y responsable del Centro de Atenci\u00f3n y Derivaci\u00f3n de Fauna Silvestre, trabaja con animales que han sido v\u00edctimas de comercio ilegal.<br \/>\nEn el centro hay seis jaguares que fueron rescatados y la idea era trabajar con el Centro de Reintroducci\u00f3n del Yaguaret\u00e9 de Argentina aportando alg\u00fan ejemplar pero &#8220;no se pueden sacar animales silvestres fuera de Bolivia aunque sea en condici\u00f3n de pr\u00e9stamo&#8221;, explic\u00f3.<\/p>\n<p>Kempff lament\u00f3 que este tipo de iniciativas no se contemplen en el reciente plan anunciado por el Ministerio y reclam\u00f3 que este vaya acompa\u00f1ado de financiaci\u00f3n. &#8220;No se destinan recursos a los anuncios&#8221;, critic\u00f3 confiando que en este caso se aporten, pues &#8220;Bolivia es un enclave importante&#8221;. (I)<\/p>\n<p>&nbsp;<\/p>\n<\/div>\n<p><a href=\"https:\/\/www.eltelegrafo.com.ec\/noticias\/sociedad\/6\/america-latina-lucha-extincion-jaguar\">https:\/\/www.eltelegrafo.com.ec\/noticias\/sociedad\/6\/america-latina-lucha-extincion-jaguar<\/a><\/p>\n","protected":false},"excerpt":{"rendered":"<p>En el centro de Centro de Reintroducci\u00f3n del Yaguaret\u00e9, en el Parque Nacional Iber\u00e1 de Corrientes (Argentina), la celebraci\u00f3n del D\u00eda Mundial del Jaguar (este 29 de noviembre), se esperaba con impaciencia, pues se dieron a conocer los nombres de los cachorros de jaguar que nacieron hace unos d\u00edas. Son el resultado del cruce de dos ejemplares salvajes que fueron rescatados de los cazadores furtivos en Brasil y enviados posteriormente a Argentina, donde &#8220;la poblaci\u00f3n estimada de yaguaret\u00e9s es de 250 ejemplares&#8221;, dijo Tal\u00eda Zamboni, coordinadora de proyectos de reintroducci\u00f3n en Iber\u00e1 de la Fundaci\u00f3n Rewilding Argentina. &#8220;El proyecto de reintroducci\u00f3n del yaguaret\u00e9 en Iber\u00e1 busca establecer una poblaci\u00f3n autosustentable con la que se pueda recuperar su rol ecol\u00f3gico y su valor cultural y que represente a su vez un atractivo para el desarrollo del turismo de naturaleza, que beneficie a las comunidades vecinas a la reserva&#8221;, explic\u00f3. El Centro de Reintroducci\u00f3n de Yaguaret\u00e9s nace con el objetivo de que se reproduzcan animales que posteriormente puedan ser liberados. &#8220;Los animales de cautiverio no podr\u00e1n ser liberados al estar acostumbrados a la alimentaci\u00f3n y manejo por parte de humanos, pero pueden producir cachorros que crezcan con un m\u00ednimo contacto humano para ser liberados en el futuro&#8221;, puntualiz\u00f3 Zamboni. El centro, inaugurado en 2015, ha acogido ocho ejemplares y con &#8220;constancia&#8221; y &#8220;mucha paciencia&#8221; en 2018 &#8220;nacieron los primeros cachorros de dos padres de cautiverio y, en 2020, el segundo nacimiento de dos cr\u00edas m\u00e1s de padres de origen silvestre&#8221;. No obstante, &#8220;estudios de disponibilidad de h\u00e1bitat y presas en Iber\u00e1 sugieren que la zona podr\u00eda llegar a albergar una poblaci\u00f3n de alrededor de 100 ejemplares&#8221;, subray\u00f3. Una cuesti\u00f3n de territorio &#8220;La recuperaci\u00f3n de ejemplares para su liberaci\u00f3n apoya de manera reactiva que los jaguares regresen al entorno natural&#8221;, manifiesta Mar\u00eda Jos\u00e9 Villanueva, directora de Conservaci\u00f3n de WWF M\u00e9xico. Ella record\u00f3 que &#8220;la principal amenaza del jaguar es la p\u00e9rdida y fragmentaci\u00f3n del h\u00e1bitat. Necesitamos trabajar en conservar los espacios naturales necesarios para que el jaguar se pueda mover libremente, encontrar pareja y presas&#8221;, sostuvo. &#8220;Garantizar la conectividad del h\u00e1bitat en su \u00e1rea de distribuci\u00f3n es esencial para la supervivencia a largo plazo de los jaguares&#8221;, manifest\u00f3 Amy Fraenkel, secretaria ejecutiva de la Convenci\u00f3n de Especies Migratorias (CMS, por sus siglas en ingl\u00e9s) con sede en Bonn (Alemania). En este sentido, Carlos Mario Orrego, representante del Comit\u00e9 Cient\u00edfico para Centroam\u00e9rica, El Caribe y Suram\u00e9rica de dicha Convenci\u00f3n, apunt\u00f3 a la creaci\u00f3n de corredores binacionales y trinacionales con todos los pa\u00edses de \u00e1rea de distribuci\u00f3n de las Am\u00e9ricas. &#8220;Costa Rica tiene un corredor transfronterizo con Panam\u00e1 y con Nicaragua&#8221;, se\u00f1aliz\u00f3. Para contribuir a ello, el Fondo Mundial para la Naturaleza lanz\u00f3 a principios de este mes la \u201cEstrategia de Conservaci\u00f3n del Jaguar 2020-2030\u201d que contempla acciones en 14 de los 18 pa\u00edses de Am\u00e9rica donde habita el felino, considerado como especie &#8220;casi amenazada&#8221;, seg\u00fan la Lista Roja de Especies Amenazadas de la Uni\u00f3n Internacional para la Conservaci\u00f3n de la Naturaleza. &#8220;La estrategia regional de WWF trabajar\u00e1 en asegurar 15 de los 30 paisajes que propone el Plan Jaguar 2030, lanzado en la CoP14 del Convenio sobre Diversidad Biol\u00f3gica en 2018&#8221;, puntualiz\u00f3 Villanueva. La organizaci\u00f3n quiere &#8220;asegurar la conectividad, fortalecer las \u00e1reas naturales protegidas que a\u00fan contienen jaguar, reducir el tr\u00e1fico ilegal y apoyar a las comunidades que habitan en territorio jaguar&#8221;, agreg\u00f3. M\u00e1s protecci\u00f3n internacional y nacional La iniciativa de la WWF se une a otros esfuerzos de organizaciones y gobiernos. Precisamente, &#8220;el jaguar fue incluido en ambos Ap\u00e9ndices de la Convenci\u00f3n sobre Especies Migratorias a principios de este a\u00f1o, lo que le otorga la protecci\u00f3n m\u00e1s fuerte bajo la Convenci\u00f3n&#8221;, asegur\u00f3 Fraenkel. Adem\u00e1s de este logro a nivel internacional, a nivel nacional destaca el Plan de Acci\u00f3n para la Conservaci\u00f3n del Jaguar 2020-2025, que lanz\u00f3 recientemente el Ministerio de Medio Ambiente y Agua de Bolivia y que busca la conservaci\u00f3n de este felino que se enfrenta a la destrucci\u00f3n de su h\u00e1bitat natural. &#8220;Los incendios forestales entre mayo y noviembre han ocasionado grandes p\u00e9rdidas de nuestras \u00e1reas&#8221;, dijo Andrea Benavente, directora de comunicaciones de la Comunidad Inti Wara Yassi. Esta organizaci\u00f3n se dedica al rescate de jaguares, entre otros animales, v\u00edctimas del tr\u00e1fico ilegal, su uso como mascotas y el maltrato, a trav\u00e9s de tres santuarios. &#8220;En el 2020 hemos perdido alrededor de 500 hect\u00e1reas de las 900 que pertenecen a Ambue Ari&#8221;, lament\u00f3. Asimismo puntualiz\u00f3 que en este santuario &#8220;hemos observado cerca de nueve jaguares que usan el territorio dentro de su rango de distribuci\u00f3n&#8221;. Por este motivo, Benavente reclama &#8220;fortalecer el sistema judicial con sanciones dr\u00e1sticas para los responsables de quemas ilegales, as\u00ed como para los traficantes de vida silvestre&#8221;. Y es que el tr\u00e1fico internacional es otra de las amenazas de la emblem\u00e1tica especie. Yandery Kempff, firectora de Recursos Naturales de la gobernaci\u00f3n de Santa Cruz y responsable del Centro de Atenci\u00f3n y Derivaci\u00f3n de Fauna Silvestre, trabaja con animales que han sido v\u00edctimas de comercio ilegal. En el centro hay seis jaguares que fueron rescatados y la idea era trabajar con el Centro de Reintroducci\u00f3n del Yaguaret\u00e9 de Argentina aportando alg\u00fan ejemplar pero &#8220;no se pueden sacar animales silvestres fuera de Bolivia aunque sea en condici\u00f3n de pr\u00e9stamo&#8221;, explic\u00f3. Kempff lament\u00f3 que este tipo de iniciativas no se contemplen en el reciente plan anunciado por el Ministerio y reclam\u00f3 que este vaya acompa\u00f1ado de financiaci\u00f3n. &#8220;No se destinan recursos a los anuncios&#8221;, critic\u00f3 confiando que en este caso se aporten, pues &#8220;Bolivia es un enclave importante&#8221;. (I) &nbsp; https:\/\/www.eltelegrafo.com.ec\/noticias\/sociedad\/6\/america-latina-lucha-extincion-jaguar<\/p>\n","protected":false},"author":1,"featured_media":258427,"comment_status":"closed","ping_status":"closed","sticky":false,"template":"","format":"standard","meta":[],"categories":[35,24],"tags":[],"_links":{"self":[{"href":"https:\/\/www.ecuadortimes.net\/es\/wp-json\/wp\/v2\/posts\/258426"}],"collection":[{"href":"https:\/\/www.ecuadortimes.net\/es\/wp-json\/wp\/v2\/posts"}],"about":[{"href":"https:\/\/www.ecuadortimes.net\/es\/wp-json\/wp\/v2\/types\/post"}],"author":[{"embeddable":true,"href":"https:\/\/www.ecuadortimes.net\/es\/wp-json\/wp\/v2\/users\/1"}],"replies":[{"embeddable":true,"href":"https:\/\/www.ecuadortimes.net\/es\/wp-json\/wp\/v2\/comments?post=258426"}],"version-history":[{"count":1,"href":"https:\/\/www.ecuadortimes.net\/es\/wp-json\/wp\/v2\/posts\/258426\/revisions"}],"predecessor-version":[{"id":258428,"href":"https:\/\/www.ecuadortimes.net\/es\/wp-json\/wp\/v2\/posts\/258426\/revisions\/258428"}],"wp:featuredmedia":[{"embeddable":true,"href":"https:\/\/www.ecuadortimes.net\/es\/wp-json\/wp\/v2\/media\/258427"}],"wp:attachment":[{"href":"https:\/\/www.ecuadortimes.net\/es\/wp-json\/wp\/v2\/media?parent=258426"}],"wp:term":[{"taxonomy":"category","embeddable":true,"href":"https:\/\/www.ecuadortimes.net\/es\/wp-json\/wp\/v2\/categories?post=258426"},{"taxonomy":"post_tag","embeddable":true,"href":"https:\/\/www.ecuadortimes.net\/es\/wp-json\/wp\/v2\/tags?post=258426"}],"curies":[{"name":"wp","href":"https:\/\/api.w.org\/{rel}","templated":true}]}}