{"id":258433,"date":"2021-04-29T15:47:09","date_gmt":"2021-04-29T15:47:09","guid":{"rendered":"https:\/\/www.ecuadortimes.net\/es\/?p=258433"},"modified":"2021-04-29T15:47:09","modified_gmt":"2021-04-29T15:47:09","slug":"la-corte-constitucional-despenaliza-el-aborto-por-violacion","status":"publish","type":"post","link":"https:\/\/www.ecuadortimes.net\/es\/la-corte-constitucional-despenaliza-el-aborto-por-violacion\/","title":{"rendered":"La Corte Constitucional despenaliza el aborto por violaci\u00f3n"},"content":{"rendered":"<div class=\"paragraphs\">\n<p id=\"m178-177-179\">Organizaciones que defienden los derechos de las mujeres proclamaron ayer un \u201chito hist\u00f3rico\u201d. La Corte Constitucional (CC) tom\u00f3 una resoluci\u00f3n sobre la despenalizaci\u00f3n del <b>aborto en casos de violaci\u00f3n<\/b> en el Ecuador.<\/p>\n<p><img loading=\"lazy\" class=\"alignnone size-full wp-image-258434\" src=\"https:\/\/www.ecuadortimes.net\/es\/wp-content\/uploads\/2021\/04\/ecuador-times-ecuador-news-constitutional-court-decriminalizes-abortion-for-rape.jpg\" alt=\"\" width=\"900\" height=\"506\" \/><\/p>\n<p id=\"m184-1-185\">La decisi\u00f3n se produjo ante siete <b>demandas <\/b>presentadas desde julio de 2019 por organizaciones de la sociedad civil y la Defensor\u00eda del Pueblo para declarar \u201cla <b>inconstitucionalidad <\/b>por el fondo\u201d de los art\u00edculos 149 y 150 del <b>C\u00f3digo Org\u00e1nico Integral Penal <\/b>(COIP).<\/p>\n<p>De acuerdo con el <b>reglamento <\/b>de este tribunal, el <b>dictamen <\/b>se har\u00e1 <b>p\u00fablico <\/b>despu\u00e9s de que las partes sean notificadas, lo que no ocurr\u00eda hasta el cierre de esta edici\u00f3n.<\/p>\n<p>\u201cAl momento ya existe una decisi\u00f3n, la misma que una vez notificada a las partes y publicada en el <b>Registro Oficial <\/b>ser\u00e1 <b>vigente<\/b> y p\u00fablica, esto en cumplimiento del proceso constitucional establecido en el art\u00edculo 3 de la Ley Org\u00e1nica de Garant\u00edas Jurisdiccionales y Control Constitucional\u201d, agreg\u00f3 un comunicado de prensa del organismo.<\/p>\n<p>El defensor del Pueblo, <b>Freddy Carri\u00f3n<\/b>, adelant\u00f3 que la parte fundamental de la resoluci\u00f3n de la Corte consiste en haber suprimido la \u00faltima frase del numeral 2 del art\u00edculo 150 del COIP, sobre el aborto no punible. As\u00ed, se aplicar\u00e1 \u201csi el embarazo es consecuencia de una violaci\u00f3n\u201d y ya no tendr\u00e1 como condici\u00f3n \u201cen una mujer que padezca de discapacidad mental\u201d para la excepci\u00f3n.<\/p>\n<p>El dictamen fue aprobado con siete votos a favor, incluido el del presidente de la Corte, Hern\u00e1n Salgado. Mientras que las juezas Carmen Corral y Teresa Nuquez emitieron votos salvados, tras una sesi\u00f3n que tom\u00f3 seis horas en reserva.<\/p>\n<p>\u201cEste es un hito importante. Es un paso m\u00e1s al ejercicio pleno de los derechos reproductivos y sexuales de las mujeres\u201d, manifest\u00f3 <b>Virginia G\u00f3mez de la Torre<\/b>, directora de la Fundaci\u00f3n Desaf\u00edo y una de las accionantes de la demanda.<\/p>\n<p><b>Harold Burbano<\/b>, coordinador General de Protecci\u00f3n de Derechos de la Defensor\u00eda, explic\u00f3 que se trata de una <b>sentencia modulativa<\/b>&#8211;<b>reductiva<\/b>, que entrar\u00e1 en vigencia de manera inmediata cuando se publique en el Registro Oficial y que tambi\u00e9n librar\u00e1 de condenas a los m\u00e9dicos que atiendan a las mujeres que decidan interrumpir su embarazo en casos de violaci\u00f3n.<\/p>\n<p><b>Nina Pacari<\/b>, exjueza constitucional, y el jurista Hern\u00e1n P\u00e9rez Loose coincidieron en que la decisi\u00f3n de la Corte se apega a la jurisprudencia generada en otros pa\u00edses.<\/p>\n<p>\u201cEsa es la t\u00e9cnica que est\u00e1 aceptada ahora en el mundo con la cual las cortes no es que anulan por completo la<b> ley que est\u00e1 cuestionada<\/b>, sino que le dan un sentido en su aplicaci\u00f3n, modulan a la ley\u201d, manifest\u00f3 P\u00e9rez Loose.<\/p>\n<p>Pacari compar\u00f3 este caso con lo ocurrido en 2010, cuando la Corte dio paso a la <b>inconstitucionalidad <\/b>por el fondo de varios art\u00edculos de la Ley Minera, en vista de que afectaban a derechos colectivos.<\/p>\n<p>\u201cEs cierto que en el debate est\u00e1 que la legislaci\u00f3n es una cuesti\u00f3n privativa de la <b>Asamblea <\/b>y que se estar\u00eda invadiendo los espacios, pero de ninguna manera implica aquello en este caso\u201d, manifest\u00f3 Pacari.<\/p>\n<p>Otro caso se dio el 13 de junio de 2019, cuando la Corte, con cinco votos a favor y cuatro en contra, dio paso al <b>matrimonio igualitario<\/b>, a pesar de que la <b>Constituci\u00f3n <\/b>establec\u00eda al matrimonio como la uni\u00f3n entre hombre y mujer, cuesti\u00f3n que este organismo interpret\u00f3 que <b>restring\u00eda derechos<\/b>.<\/p>\n<p>En el caso de la <b>despenalizaci\u00f3n<\/b>, <b>asamble\u00edstas conservadores <\/b>como C\u00e9sar Roh\u00f3n (PSC) argumentaban que el art\u00edculo 45 de la norma suprema defiende la vida desde la concepci\u00f3n.<\/p>\n<p><b>Carri\u00f3n <\/b>replic\u00f3 que la Asamblea perdi\u00f3 su oportunidad, en 2018, cuando aprob\u00f3 una <b>reforma<\/b> al <b>COIP <\/b>sin dar paso a la despenalizaci\u00f3n del aborto por violaci\u00f3n, incesto, malformaci\u00f3n del feto.<\/p>\n<p>\u201cEsta es una resoluci\u00f3n de car\u00e1cter obligatorio, una vez que se publique en el <b>Registro Oficial<\/b>, pero indudablemente como se est\u00e1 declarando la inconstitucionalidad de una parte del COIP, efectivamente tiene que haber una discusi\u00f3n por parte de la Asamblea para poder regular, modular esta resoluci\u00f3n que vaya en apego a lo resuelto\u201d, dijo Carri\u00f3n.<\/p>\n<p>Para esta decisi\u00f3n, la Corte no realiz\u00f3 <b>audiencias p\u00fablicas<\/b>, lo que fue cuestionado por el constitucionalista Juan Francisco Guerrero.<\/p>\n<p>\u201cLamentablemente se ha decidido fallar y resolver el tema <b>sin una audiencia<\/b>, y en tiempos extraordinariamente cortos en relaci\u00f3n a los tiempos normales que toma la Corte Constitucional, es decir, no es que hay plazos perentorios\u201d.<\/p>\n<p>\u201cHoy quiero manifestar mi <b>total respeto<\/b> a lo resuelto por la Corte Constitucional de nuestro pa\u00eds. Anticipo desde ya que este ser\u00e1 respetado tambi\u00e9n por todos los funcionarios que conformar\u00e1n mi futuro Gobierno\u201d. As\u00ed reaccion\u00f3 el Presidente electo de la Rep\u00fablica, Guillermo Lasso, luego de la decisi\u00f3n de la CC.<\/p>\n<p>Lasso, quien abiertamente ha defendido su fe cat\u00f3lica, dijo que mantiene un \u201cinquebrantable\u201d respeto a los <b>valores democr\u00e1ticos <\/b>y <b>republicanos<\/b>.<\/p>\n<p id=\"m190-2-191\">Seg\u00fan el <b>INEC<\/b>, entre 2010 y 2017, un total de 17 688 ni\u00f1os nacieron en el pa\u00eds de madres menores de 14 a\u00f1os.<\/p>\n<\/div>\n<p><a href=\"https:\/\/www.elcomercio.com\/actualidad\/corte-constitucional-despenalizacion-aborto-violacion-1.html\">https:\/\/www.elcomercio.com\/actualidad\/corte-constitucional-despenalizacion-aborto-violacion-1.html<\/a><\/p>\n","protected":false},"excerpt":{"rendered":"<p>Organizaciones que defienden los derechos de las mujeres proclamaron ayer un \u201chito hist\u00f3rico\u201d. La Corte Constitucional (CC) tom\u00f3 una resoluci\u00f3n sobre la despenalizaci\u00f3n del aborto en casos de violaci\u00f3n en el Ecuador. La decisi\u00f3n se produjo ante siete demandas presentadas desde julio de 2019 por organizaciones de la sociedad civil y la Defensor\u00eda del Pueblo para declarar \u201cla inconstitucionalidad por el fondo\u201d de los art\u00edculos 149 y 150 del C\u00f3digo Org\u00e1nico Integral Penal (COIP). De acuerdo con el reglamento de este tribunal, el dictamen se har\u00e1 p\u00fablico despu\u00e9s de que las partes sean notificadas, lo que no ocurr\u00eda hasta el cierre de esta edici\u00f3n. \u201cAl momento ya existe una decisi\u00f3n, la misma que una vez notificada a las partes y publicada en el Registro Oficial ser\u00e1 vigente y p\u00fablica, esto en cumplimiento del proceso constitucional establecido en el art\u00edculo 3 de la Ley Org\u00e1nica de Garant\u00edas Jurisdiccionales y Control Constitucional\u201d, agreg\u00f3 un comunicado de prensa del organismo. El defensor del Pueblo, Freddy Carri\u00f3n, adelant\u00f3 que la parte fundamental de la resoluci\u00f3n de la Corte consiste en haber suprimido la \u00faltima frase del numeral 2 del art\u00edculo 150 del COIP, sobre el aborto no punible. As\u00ed, se aplicar\u00e1 \u201csi el embarazo es consecuencia de una violaci\u00f3n\u201d y ya no tendr\u00e1 como condici\u00f3n \u201cen una mujer que padezca de discapacidad mental\u201d para la excepci\u00f3n. El dictamen fue aprobado con siete votos a favor, incluido el del presidente de la Corte, Hern\u00e1n Salgado. Mientras que las juezas Carmen Corral y Teresa Nuquez emitieron votos salvados, tras una sesi\u00f3n que tom\u00f3 seis horas en reserva. \u201cEste es un hito importante. Es un paso m\u00e1s al ejercicio pleno de los derechos reproductivos y sexuales de las mujeres\u201d, manifest\u00f3 Virginia G\u00f3mez de la Torre, directora de la Fundaci\u00f3n Desaf\u00edo y una de las accionantes de la demanda. Harold Burbano, coordinador General de Protecci\u00f3n de Derechos de la Defensor\u00eda, explic\u00f3 que se trata de una sentencia modulativa&#8211;reductiva, que entrar\u00e1 en vigencia de manera inmediata cuando se publique en el Registro Oficial y que tambi\u00e9n librar\u00e1 de condenas a los m\u00e9dicos que atiendan a las mujeres que decidan interrumpir su embarazo en casos de violaci\u00f3n. Nina Pacari, exjueza constitucional, y el jurista Hern\u00e1n P\u00e9rez Loose coincidieron en que la decisi\u00f3n de la Corte se apega a la jurisprudencia generada en otros pa\u00edses. \u201cEsa es la t\u00e9cnica que est\u00e1 aceptada ahora en el mundo con la cual las cortes no es que anulan por completo la ley que est\u00e1 cuestionada, sino que le dan un sentido en su aplicaci\u00f3n, modulan a la ley\u201d, manifest\u00f3 P\u00e9rez Loose. Pacari compar\u00f3 este caso con lo ocurrido en 2010, cuando la Corte dio paso a la inconstitucionalidad por el fondo de varios art\u00edculos de la Ley Minera, en vista de que afectaban a derechos colectivos. \u201cEs cierto que en el debate est\u00e1 que la legislaci\u00f3n es una cuesti\u00f3n privativa de la Asamblea y que se estar\u00eda invadiendo los espacios, pero de ninguna manera implica aquello en este caso\u201d, manifest\u00f3 Pacari. Otro caso se dio el 13 de junio de 2019, cuando la Corte, con cinco votos a favor y cuatro en contra, dio paso al matrimonio igualitario, a pesar de que la Constituci\u00f3n establec\u00eda al matrimonio como la uni\u00f3n entre hombre y mujer, cuesti\u00f3n que este organismo interpret\u00f3 que restring\u00eda derechos. En el caso de la despenalizaci\u00f3n, asamble\u00edstas conservadores como C\u00e9sar Roh\u00f3n (PSC) argumentaban que el art\u00edculo 45 de la norma suprema defiende la vida desde la concepci\u00f3n. Carri\u00f3n replic\u00f3 que la Asamblea perdi\u00f3 su oportunidad, en 2018, cuando aprob\u00f3 una reforma al COIP sin dar paso a la despenalizaci\u00f3n del aborto por violaci\u00f3n, incesto, malformaci\u00f3n del feto. \u201cEsta es una resoluci\u00f3n de car\u00e1cter obligatorio, una vez que se publique en el Registro Oficial, pero indudablemente como se est\u00e1 declarando la inconstitucionalidad de una parte del COIP, efectivamente tiene que haber una discusi\u00f3n por parte de la Asamblea para poder regular, modular esta resoluci\u00f3n que vaya en apego a lo resuelto\u201d, dijo Carri\u00f3n. Para esta decisi\u00f3n, la Corte no realiz\u00f3 audiencias p\u00fablicas, lo que fue cuestionado por el constitucionalista Juan Francisco Guerrero. \u201cLamentablemente se ha decidido fallar y resolver el tema sin una audiencia, y en tiempos extraordinariamente cortos en relaci\u00f3n a los tiempos normales que toma la Corte Constitucional, es decir, no es que hay plazos perentorios\u201d. \u201cHoy quiero manifestar mi total respeto a lo resuelto por la Corte Constitucional de nuestro pa\u00eds. Anticipo desde ya que este ser\u00e1 respetado tambi\u00e9n por todos los funcionarios que conformar\u00e1n mi futuro Gobierno\u201d. As\u00ed reaccion\u00f3 el Presidente electo de la Rep\u00fablica, Guillermo Lasso, luego de la decisi\u00f3n de la CC. Lasso, quien abiertamente ha defendido su fe cat\u00f3lica, dijo que mantiene un \u201cinquebrantable\u201d respeto a los valores democr\u00e1ticos y republicanos. Seg\u00fan el INEC, entre 2010 y 2017, un total de 17 688 ni\u00f1os nacieron en el pa\u00eds de madres menores de 14 a\u00f1os. https:\/\/www.elcomercio.com\/actualidad\/corte-constitucional-despenalizacion-aborto-violacion-1.html<\/p>\n","protected":false},"author":1,"featured_media":258434,"comment_status":"closed","ping_status":"closed","sticky":false,"template":"","format":"standard","meta":[],"categories":[35,24],"tags":[],"_links":{"self":[{"href":"https:\/\/www.ecuadortimes.net\/es\/wp-json\/wp\/v2\/posts\/258433"}],"collection":[{"href":"https:\/\/www.ecuadortimes.net\/es\/wp-json\/wp\/v2\/posts"}],"about":[{"href":"https:\/\/www.ecuadortimes.net\/es\/wp-json\/wp\/v2\/types\/post"}],"author":[{"embeddable":true,"href":"https:\/\/www.ecuadortimes.net\/es\/wp-json\/wp\/v2\/users\/1"}],"replies":[{"embeddable":true,"href":"https:\/\/www.ecuadortimes.net\/es\/wp-json\/wp\/v2\/comments?post=258433"}],"version-history":[{"count":1,"href":"https:\/\/www.ecuadortimes.net\/es\/wp-json\/wp\/v2\/posts\/258433\/revisions"}],"predecessor-version":[{"id":258435,"href":"https:\/\/www.ecuadortimes.net\/es\/wp-json\/wp\/v2\/posts\/258433\/revisions\/258435"}],"wp:featuredmedia":[{"embeddable":true,"href":"https:\/\/www.ecuadortimes.net\/es\/wp-json\/wp\/v2\/media\/258434"}],"wp:attachment":[{"href":"https:\/\/www.ecuadortimes.net\/es\/wp-json\/wp\/v2\/media?parent=258433"}],"wp:term":[{"taxonomy":"category","embeddable":true,"href":"https:\/\/www.ecuadortimes.net\/es\/wp-json\/wp\/v2\/categories?post=258433"},{"taxonomy":"post_tag","embeddable":true,"href":"https:\/\/www.ecuadortimes.net\/es\/wp-json\/wp\/v2\/tags?post=258433"}],"curies":[{"name":"wp","href":"https:\/\/api.w.org\/{rel}","templated":true}]}}