{"id":258445,"date":"2021-05-04T16:22:04","date_gmt":"2021-05-04T16:22:04","guid":{"rendered":"https:\/\/www.ecuadortimes.net\/es\/?p=258445"},"modified":"2021-05-04T16:22:04","modified_gmt":"2021-05-04T16:22:04","slug":"fiscalia-abre-una-indagacion-contra-la-alcaldesa-de-guayaquil-cynthia-viteri-por-presunto-peculado","status":"publish","type":"post","link":"https:\/\/www.ecuadortimes.net\/es\/fiscalia-abre-una-indagacion-contra-la-alcaldesa-de-guayaquil-cynthia-viteri-por-presunto-peculado\/","title":{"rendered":"Fiscal\u00eda abre una indagaci\u00f3n contra la alcaldesa de Guayaquil Cynthia Viteri por presunto peculado"},"content":{"rendered":"<div class=\"paragraphs\">\n<p id=\"m12-11-13\">Este 2 de mayo del 2021 se conoci\u00f3 que la <b>Fiscal\u00eda <\/b>abri\u00f3 una investigaci\u00f3n previa por el presunto delito de peculado en contra de la alcaldesa de Guayaquil, Cynthia Viteri y cuatro personas m\u00e1s.<\/p>\n<div id=\"attachment_258446\" style=\"width: 622px\" class=\"wp-caption alignnone\"><img aria-describedby=\"caption-attachment-258446\" loading=\"lazy\" class=\"size-full wp-image-258446\" src=\"https:\/\/www.ecuadortimes.net\/es\/wp-content\/uploads\/2021\/05\/ecuador-times-ecuador-news-prosecturo-opens-investigation-against-major-guayaquil-cynthia-viteri.jpeg\" alt=\"\" width=\"612\" height=\"340\" \/><p id=\"caption-attachment-258446\" class=\"wp-caption-text\">Fiscal\u00eda abre una indagaci\u00f3n contra la alcaldesa de Guayaquil Cynthia Viteri por presunto peculado<\/p><\/div>\n<p id=\"m64-1-65\">La fiscal del Guayas, <b>Yanina Villag\u00f3mez<\/b>, fue quien dispuso la apertura de esta indagaci\u00f3n.<\/p>\n<p>El <b>C\u00f3digo Integral Penal<\/b> (art. 278) sanciona el delito de peculado con c\u00e1rcel de 10 a 13 a\u00f1os.<\/p>\n<p>En un documento fiscal, Villag\u00f3mez llama a rendir su versi\u00f3n a la alcaldesa del Puerto Principal y al resto de investigados. Todos deben estar acompa\u00f1ados de sus <b>abogados<\/b>.<\/p>\n<p>En el caso de <b>Cynthia Viteri<\/b> debe comparecer \u202ael 4 de mayo del 2021\u202c.<\/p>\n<p>La diligencia est\u00e1 convocada \u202aa las 09:00\u202c en el despacho de la Fiscal\u00eda Provincial del Guayas, <b>edificio La Merced<\/b>, piso 13.<\/p>\n<p>Esta investigaci\u00f3n est\u00e1 relacionada con un contrato que ejecut\u00f3 el Municipio de Guayaquil para el <b>proyecto Letras Vivas. <\/b><\/p>\n<p>La iniciativa constaba en la contrataci\u00f3n del &#8220;servicio de dise\u00f1o, producci\u00f3n y coordinaci\u00f3n t\u00e9cnica, conceptual y log\u00edstica del pintado de 50 paredes en la v\u00eda p\u00fablica con frases de <b>literatura guayaquile\u00f1a. <\/b><\/p>\n<p>Seg\u00fan las primeras investigaciones este proyecto tuvo un cost\u00f3 de USD 389 350 m\u00e1s <b>IVA <\/b>y el <b>Cabildo <\/b>no habr\u00eda entregado remuneraciones a los autores de las frases utilizadas.<\/p>\n<p>Este 2 de mayo del 2021, el Municipio de Guayaquil indic\u00f3 que fue la Alcaldesa quien solicit\u00f3 a la <b>Fiscal\u00eda <\/b>el inicio de una investigaci\u00f3n por \u201clas actuaciones municipales relacionadas\u201d con el proyecto Letras Vivas. Dijo que ma\u00f1ana, lunes, habr\u00e1 un pronunciamiento sobre la apertura de la investigaci\u00f3n.<\/p>\n<p>Adem\u00e1s, la fiscal Villag\u00f3mez pidi\u00f3 a Viteri que remita copias certificadas del proceso precontractual y contractual.<\/p>\n<p>Tiene un plazo de 10 d\u00edas para remitir esa documentaci\u00f3n.<\/p>\n<p>Otro proyecto, que es indagado en este caso, corresponde a la elaboraci\u00f3n de seis<b> pinturas al \u00f3leo<\/b> para ser exhibidas \u202ael 9 de octubre\u202c, por la conmemoraci\u00f3n del bicentenario de la declaraci\u00f3n de independencia de esa ciudad. Este ten\u00eda un costo de USD 445 000.<\/p>\n<\/div>\n<p><a href=\"https:\/\/www.elcomercio.com\/actualidad\/fiscalia-indagacion-cynthia-viteri-peculado.html\">https:\/\/www.elcomercio.com\/actualidad\/fiscalia-indagacion-cynthia-viteri-peculado.html<\/a><\/p>\n","protected":false},"excerpt":{"rendered":"<p>Este 2 de mayo del 2021 se conoci\u00f3 que la Fiscal\u00eda abri\u00f3 una investigaci\u00f3n previa por el presunto delito de peculado en contra de la alcaldesa de Guayaquil, Cynthia Viteri y cuatro personas m\u00e1s. La fiscal del Guayas, Yanina Villag\u00f3mez, fue quien dispuso la apertura de esta indagaci\u00f3n. El C\u00f3digo Integral Penal (art. 278) sanciona el delito de peculado con c\u00e1rcel de 10 a 13 a\u00f1os. En un documento fiscal, Villag\u00f3mez llama a rendir su versi\u00f3n a la alcaldesa del Puerto Principal y al resto de investigados. Todos deben estar acompa\u00f1ados de sus abogados. En el caso de Cynthia Viteri debe comparecer \u202ael 4 de mayo del 2021\u202c. La diligencia est\u00e1 convocada \u202aa las 09:00\u202c en el despacho de la Fiscal\u00eda Provincial del Guayas, edificio La Merced, piso 13. Esta investigaci\u00f3n est\u00e1 relacionada con un contrato que ejecut\u00f3 el Municipio de Guayaquil para el proyecto Letras Vivas. La iniciativa constaba en la contrataci\u00f3n del &#8220;servicio de dise\u00f1o, producci\u00f3n y coordinaci\u00f3n t\u00e9cnica, conceptual y log\u00edstica del pintado de 50 paredes en la v\u00eda p\u00fablica con frases de literatura guayaquile\u00f1a. Seg\u00fan las primeras investigaciones este proyecto tuvo un cost\u00f3 de USD 389 350 m\u00e1s IVA y el Cabildo no habr\u00eda entregado remuneraciones a los autores de las frases utilizadas. Este 2 de mayo del 2021, el Municipio de Guayaquil indic\u00f3 que fue la Alcaldesa quien solicit\u00f3 a la Fiscal\u00eda el inicio de una investigaci\u00f3n por \u201clas actuaciones municipales relacionadas\u201d con el proyecto Letras Vivas. Dijo que ma\u00f1ana, lunes, habr\u00e1 un pronunciamiento sobre la apertura de la investigaci\u00f3n. Adem\u00e1s, la fiscal Villag\u00f3mez pidi\u00f3 a Viteri que remita copias certificadas del proceso precontractual y contractual. Tiene un plazo de 10 d\u00edas para remitir esa documentaci\u00f3n. Otro proyecto, que es indagado en este caso, corresponde a la elaboraci\u00f3n de seis pinturas al \u00f3leo para ser exhibidas \u202ael 9 de octubre\u202c, por la conmemoraci\u00f3n del bicentenario de la declaraci\u00f3n de independencia de esa ciudad. Este ten\u00eda un costo de USD 445 000. https:\/\/www.elcomercio.com\/actualidad\/fiscalia-indagacion-cynthia-viteri-peculado.html<\/p>\n","protected":false},"author":1,"featured_media":258446,"comment_status":"closed","ping_status":"closed","sticky":false,"template":"","format":"standard","meta":[],"categories":[40,24],"tags":[],"_links":{"self":[{"href":"https:\/\/www.ecuadortimes.net\/es\/wp-json\/wp\/v2\/posts\/258445"}],"collection":[{"href":"https:\/\/www.ecuadortimes.net\/es\/wp-json\/wp\/v2\/posts"}],"about":[{"href":"https:\/\/www.ecuadortimes.net\/es\/wp-json\/wp\/v2\/types\/post"}],"author":[{"embeddable":true,"href":"https:\/\/www.ecuadortimes.net\/es\/wp-json\/wp\/v2\/users\/1"}],"replies":[{"embeddable":true,"href":"https:\/\/www.ecuadortimes.net\/es\/wp-json\/wp\/v2\/comments?post=258445"}],"version-history":[{"count":1,"href":"https:\/\/www.ecuadortimes.net\/es\/wp-json\/wp\/v2\/posts\/258445\/revisions"}],"predecessor-version":[{"id":258447,"href":"https:\/\/www.ecuadortimes.net\/es\/wp-json\/wp\/v2\/posts\/258445\/revisions\/258447"}],"wp:featuredmedia":[{"embeddable":true,"href":"https:\/\/www.ecuadortimes.net\/es\/wp-json\/wp\/v2\/media\/258446"}],"wp:attachment":[{"href":"https:\/\/www.ecuadortimes.net\/es\/wp-json\/wp\/v2\/media?parent=258445"}],"wp:term":[{"taxonomy":"category","embeddable":true,"href":"https:\/\/www.ecuadortimes.net\/es\/wp-json\/wp\/v2\/categories?post=258445"},{"taxonomy":"post_tag","embeddable":true,"href":"https:\/\/www.ecuadortimes.net\/es\/wp-json\/wp\/v2\/tags?post=258445"}],"curies":[{"name":"wp","href":"https:\/\/api.w.org\/{rel}","templated":true}]}}