{"id":258454,"date":"2021-05-04T18:52:51","date_gmt":"2021-05-04T18:52:51","guid":{"rendered":"https:\/\/www.ecuadortimes.net\/es\/?p=258454"},"modified":"2021-05-04T18:52:51","modified_gmt":"2021-05-04T18:52:51","slug":"cinco-ejes-de-accion-contiene-la-primera-agenda-digital-de-ecuador","status":"publish","type":"post","link":"https:\/\/www.ecuadortimes.net\/es\/cinco-ejes-de-accion-contiene-la-primera-agenda-digital-de-ecuador\/","title":{"rendered":"Cinco ejes de acci\u00f3n contiene la primera agenda digital de Ecuador"},"content":{"rendered":"<p class=\"prose-text\">El Ministerio de Telecomunicaciones present\u00f3 la primera Agenda Digital, un instrumento de pol\u00edtica p\u00fablica que promueve la transformaci\u00f3n social, econ\u00f3mica y pol\u00edtica asociada con la adopci\u00f3n masiva de las Tecnolog\u00edas de Informaci\u00f3n y Comunicaci\u00f3n (TICs).<\/p>\n<div id=\"attachment_258455\" style=\"width: 1637px\" class=\"wp-caption alignnone\"><img aria-describedby=\"caption-attachment-258455\" loading=\"lazy\" class=\"size-full wp-image-258455\" src=\"https:\/\/www.ecuadortimes.net\/es\/wp-content\/uploads\/2021\/05\/ecuador-times-ecuador-news-five-axis-digital-agenda.jpg\" alt=\"\" width=\"1627\" height=\"670\" \/><p id=\"caption-attachment-258455\" class=\"wp-caption-text\">Cinco ejes de acci\u00f3n contiene la primera agenda digital de Ecuador<\/p><\/div>\n<p class=\"prose-text\">Dicha presentaci\u00f3n tuvo lugar en el marco del foro \u201cMillenials, pandemia y tecnolog\u00eda; el desaf\u00edo de cambiar en un mundo digital\u201d, en el auditorio de la Secretar\u00eda de Educaci\u00f3n Superior.<\/p>\n<p class=\"prose-text\">\u201cLa Agenda Digital plantea hitos disruptivo para los pr\u00f3ximos dos a\u00f1os que asegurar\u00e1n el camino andado, entre ellos: <b>la Primera Agenda Digital de Salud del Ecuador, la Estrategia de Inteligencia Artificial, la Historia Cl\u00ednica \u00danica Electr\u00f3nica<\/b>\u201d reconoci\u00f3 el ministro de Telecomunicaciones, Andr\u00e9s Michelena.<\/p>\n<p class=\"prose-text\">La elaboraci\u00f3n empez\u00f3 en diciembre de 2019 por el Ministerio de Telecomunicaciones y estuvo a cargo de organismos p\u00fablicos, privados y acad\u00e9micos bajo la asesor\u00eda de la Comisi\u00f3n Econ\u00f3mica para Am\u00e9rica Latina y el Caribe (CEPAL), a fin de identificar prioridades y oportunidades para la transformaci\u00f3n digital.<\/p>\n<p class=\"prose-text\"><b>\u201cLa brecha digital ahondar\u00e1 a una brecha social en donde habr\u00e1 quienes no estudien, no trabajen por falta de conectividad\u201d<\/b>, explic\u00f3 el ministro, por lo cual recalc\u00f3 la importancia de implementar acciones para reducir estas brechas.<\/p>\n<p class=\"prose-text\">La Agenda Digital incluye cinco ejes principales: <b>la infraestructura digital, cultura e inclusi\u00f3n digital, econom\u00eda digital, tecnolog\u00edas emergentes para el desarrollo sostenible y Gobierno digital.<\/b><\/p>\n<p class=\"prose-text\">Michelena dijo ya se pueden mostrar resultados en algunas \u00e1reas y que, por ejemplo, en infraestructura digital se logr\u00f3 \u201cel 60 % de cobertura 4G\u201d, se increment\u00f3 en un \u201c294 % la red de fibra \u00f3ptica\u201d y se instalaron \u201cm\u00e1s de 2.000 puntos wifi gratuitos\u201d.<\/p>\n<p class=\"prose-text\">En otras \u00e1reas, como cultura digital, se impuls\u00f3 el desarrollo de 1,3 millones de alfabetizaciones, m\u00e1s de 860 mil capacitaciones en los Infocentros, entre otros.<\/p>\n<p class=\"prose-text\">Mientras que en econom\u00eda digital se impuls\u00f3 la Estrategia Nacional de Comercio Electr\u00f3nico y en el eje de Gobierno digital, Michelena <b>destac\u00f3 que el 78 % de los tr\u00e1mites ya est\u00e1n digitalizados y 600 tr\u00e1mites se eliminaron.<\/b><\/p>\n<p class=\"prose-text\">De igual forma, este instrumento tiene como objetivo promover la reactivaci\u00f3n integral durante y despu\u00e9s de la pandemia, sentando las bases para prepararse ante otras posibles emergencias.<\/p>\n<p class=\"prose-text\">Adem\u00e1s, ayudar\u00e1 a consolidar la transformaci\u00f3n digital y la industria 4.0 de Ecuador, adem\u00e1s de impulsar un Gobierno electr\u00f3nico, el incremento del 98 % de la conectividad m\u00f3vil y el 80 % de cobertura 4G. <b>(I)<\/b><\/p>\n<p><a href=\"https:\/\/www.eluniverso.com\/noticias\/economia\/cinco-ejes-de-accion-contiene-la-primera-agenda-digital-de-ecuador-nota\/\">https:\/\/www.eluniverso.com\/noticias\/economia\/cinco-ejes-de-accion-contiene-la-primera-agenda-digital-de-ecuador-nota\/<\/a><\/p>\n","protected":false},"excerpt":{"rendered":"<p>El Ministerio de Telecomunicaciones present\u00f3 la primera Agenda Digital, un instrumento de pol\u00edtica p\u00fablica que promueve la transformaci\u00f3n social, econ\u00f3mica y pol\u00edtica asociada con la adopci\u00f3n masiva de las Tecnolog\u00edas de Informaci\u00f3n y Comunicaci\u00f3n (TICs). Dicha presentaci\u00f3n tuvo lugar en el marco del foro \u201cMillenials, pandemia y tecnolog\u00eda; el desaf\u00edo de cambiar en un mundo digital\u201d, en el auditorio de la Secretar\u00eda de Educaci\u00f3n Superior. \u201cLa Agenda Digital plantea hitos disruptivo para los pr\u00f3ximos dos a\u00f1os que asegurar\u00e1n el camino andado, entre ellos: la Primera Agenda Digital de Salud del Ecuador, la Estrategia de Inteligencia Artificial, la Historia Cl\u00ednica \u00danica Electr\u00f3nica\u201d reconoci\u00f3 el ministro de Telecomunicaciones, Andr\u00e9s Michelena. La elaboraci\u00f3n empez\u00f3 en diciembre de 2019 por el Ministerio de Telecomunicaciones y estuvo a cargo de organismos p\u00fablicos, privados y acad\u00e9micos bajo la asesor\u00eda de la Comisi\u00f3n Econ\u00f3mica para Am\u00e9rica Latina y el Caribe (CEPAL), a fin de identificar prioridades y oportunidades para la transformaci\u00f3n digital. \u201cLa brecha digital ahondar\u00e1 a una brecha social en donde habr\u00e1 quienes no estudien, no trabajen por falta de conectividad\u201d, explic\u00f3 el ministro, por lo cual recalc\u00f3 la importancia de implementar acciones para reducir estas brechas. La Agenda Digital incluye cinco ejes principales: la infraestructura digital, cultura e inclusi\u00f3n digital, econom\u00eda digital, tecnolog\u00edas emergentes para el desarrollo sostenible y Gobierno digital. Michelena dijo ya se pueden mostrar resultados en algunas \u00e1reas y que, por ejemplo, en infraestructura digital se logr\u00f3 \u201cel 60 % de cobertura 4G\u201d, se increment\u00f3 en un \u201c294 % la red de fibra \u00f3ptica\u201d y se instalaron \u201cm\u00e1s de 2.000 puntos wifi gratuitos\u201d. En otras \u00e1reas, como cultura digital, se impuls\u00f3 el desarrollo de 1,3 millones de alfabetizaciones, m\u00e1s de 860 mil capacitaciones en los Infocentros, entre otros. Mientras que en econom\u00eda digital se impuls\u00f3 la Estrategia Nacional de Comercio Electr\u00f3nico y en el eje de Gobierno digital, Michelena destac\u00f3 que el 78 % de los tr\u00e1mites ya est\u00e1n digitalizados y 600 tr\u00e1mites se eliminaron. De igual forma, este instrumento tiene como objetivo promover la reactivaci\u00f3n integral durante y despu\u00e9s de la pandemia, sentando las bases para prepararse ante otras posibles emergencias. Adem\u00e1s, ayudar\u00e1 a consolidar la transformaci\u00f3n digital y la industria 4.0 de Ecuador, adem\u00e1s de impulsar un Gobierno electr\u00f3nico, el incremento del 98 % de la conectividad m\u00f3vil y el 80 % de cobertura 4G. (I) https:\/\/www.eluniverso.com\/noticias\/economia\/cinco-ejes-de-accion-contiene-la-primera-agenda-digital-de-ecuador-nota\/<\/p>\n","protected":false},"author":1,"featured_media":258455,"comment_status":"closed","ping_status":"closed","sticky":false,"template":"","format":"standard","meta":[],"categories":[35,24],"tags":[],"_links":{"self":[{"href":"https:\/\/www.ecuadortimes.net\/es\/wp-json\/wp\/v2\/posts\/258454"}],"collection":[{"href":"https:\/\/www.ecuadortimes.net\/es\/wp-json\/wp\/v2\/posts"}],"about":[{"href":"https:\/\/www.ecuadortimes.net\/es\/wp-json\/wp\/v2\/types\/post"}],"author":[{"embeddable":true,"href":"https:\/\/www.ecuadortimes.net\/es\/wp-json\/wp\/v2\/users\/1"}],"replies":[{"embeddable":true,"href":"https:\/\/www.ecuadortimes.net\/es\/wp-json\/wp\/v2\/comments?post=258454"}],"version-history":[{"count":1,"href":"https:\/\/www.ecuadortimes.net\/es\/wp-json\/wp\/v2\/posts\/258454\/revisions"}],"predecessor-version":[{"id":258456,"href":"https:\/\/www.ecuadortimes.net\/es\/wp-json\/wp\/v2\/posts\/258454\/revisions\/258456"}],"wp:featuredmedia":[{"embeddable":true,"href":"https:\/\/www.ecuadortimes.net\/es\/wp-json\/wp\/v2\/media\/258455"}],"wp:attachment":[{"href":"https:\/\/www.ecuadortimes.net\/es\/wp-json\/wp\/v2\/media?parent=258454"}],"wp:term":[{"taxonomy":"category","embeddable":true,"href":"https:\/\/www.ecuadortimes.net\/es\/wp-json\/wp\/v2\/categories?post=258454"},{"taxonomy":"post_tag","embeddable":true,"href":"https:\/\/www.ecuadortimes.net\/es\/wp-json\/wp\/v2\/tags?post=258454"}],"curies":[{"name":"wp","href":"https:\/\/api.w.org\/{rel}","templated":true}]}}