{"id":258457,"date":"2021-05-04T19:39:49","date_gmt":"2021-05-04T19:39:49","guid":{"rendered":"https:\/\/www.ecuadortimes.net\/es\/?p=258457"},"modified":"2021-05-04T19:39:49","modified_gmt":"2021-05-04T19:39:49","slug":"en-guayaquil-la-incidencia-de-contagios-por-dia-disminuye","status":"publish","type":"post","link":"https:\/\/www.ecuadortimes.net\/es\/en-guayaquil-la-incidencia-de-contagios-por-dia-disminuye\/","title":{"rendered":"En Guayaquil la incidencia de contagios por d\u00eda disminuye"},"content":{"rendered":"<p>Una \u00ableve mejor\u00eda\u00bb se reporta en el \u00faltimo informe epidemiol\u00f3gico en Guayaquil, en relaci\u00f3n a la incidencia de nuevos contagios de coronavirus por d\u00eda, que pas\u00f3 a 130 esta semana, frente a los 170 casos en semanas anteriores.<\/p>\n<div id=\"attachment_258458\" style=\"width: 688px\" class=\"wp-caption alignnone\"><img aria-describedby=\"caption-attachment-258458\" loading=\"lazy\" class=\"size-full wp-image-258458\" src=\"https:\/\/www.ecuadortimes.net\/es\/wp-content\/uploads\/2021\/05\/ecuador-times-ecuador-news-guayaquil-less-sick-coronavirus.jpg\" alt=\"\" width=\"678\" height=\"381\" \/><p id=\"caption-attachment-258458\" class=\"wp-caption-text\">En Guayaquil la incidencia de contagios por d\u00eda disminuye<\/p><\/div>\n<p>En el reporte de fecha 26 de abril al 2 de mayo de 2021, se registra una disminuci\u00f3n en la incidencia de casos sospechosos que pas\u00f3 de 13,9 a 11,1 por cada 10.000 habitantes.<\/p>\n<p>El n\u00famero de casos confirmados de covid-19 pas\u00f3 de 3,8 a 3,2 por cada 10.000 habitantes, seg\u00fan reporta la Mesa T\u00e9cnica de Salud del Municipio.<\/p>\n<p>Sin embargo, la ocupaci\u00f3n de las Unidades de Cuidado Intensivos (UCI) de la ciudad se mantienen al 100 %, tanto en los hospitales p\u00fablicos y privados.<\/p>\n<p>\u00abLas UCI siguen elevadas. Van a demorar en liberarse. Las camas de hospitalizaci\u00f3n lentamente se van liberando\u00ab, inform\u00f3 el epidemi\u00f3logo Carlos Farhat, coordinador de la Mesa.<\/p>\n<p>En cuanto a las muertes por d\u00eda provocadas por el coronavirus, pas\u00f3 de 32 a 28. \u00abEs decir que todos los par\u00e1metros de comportamiento nos indican que hay un respiro y una leve mejor\u00eda\u00bb.<\/p>\n<p>\u00abNos podemos decir que esto es una tendencia. Para decir que esto es una tendencia y que estamos ganando la batalla tenemos que seguirla analizando en el tiempo. En una o dos semanas si vemos que las cifras van bajando entonces quiere decir que ir\u00edamos por buen camino\u00ab, dijo Farhat.<\/p>\n<p><a href=\"https:\/\/www.larepublica.ec\/blog\/2021\/05\/03\/en-guayaquil-la-incidencia-de-contagios-disminuye\/\">https:\/\/www.larepublica.ec\/blog\/2021\/05\/03\/en-guayaquil-la-incidencia-de-contagios-disminuye\/<\/a><\/p>\n","protected":false},"excerpt":{"rendered":"<p>Una \u00ableve mejor\u00eda\u00bb se reporta en el \u00faltimo informe epidemiol\u00f3gico en Guayaquil, en relaci\u00f3n a la incidencia de nuevos contagios de coronavirus por d\u00eda, que pas\u00f3 a 130 esta semana, frente a los 170 casos en semanas anteriores. En el reporte de fecha 26 de abril al 2 de mayo de 2021, se registra una disminuci\u00f3n en la incidencia de casos sospechosos que pas\u00f3 de 13,9 a 11,1 por cada 10.000 habitantes. El n\u00famero de casos confirmados de covid-19 pas\u00f3 de 3,8 a 3,2 por cada 10.000 habitantes, seg\u00fan reporta la Mesa T\u00e9cnica de Salud del Municipio. Sin embargo, la ocupaci\u00f3n de las Unidades de Cuidado Intensivos (UCI) de la ciudad se mantienen al 100 %, tanto en los hospitales p\u00fablicos y privados. \u00abLas UCI siguen elevadas. Van a demorar en liberarse. Las camas de hospitalizaci\u00f3n lentamente se van liberando\u00ab, inform\u00f3 el epidemi\u00f3logo Carlos Farhat, coordinador de la Mesa. En cuanto a las muertes por d\u00eda provocadas por el coronavirus, pas\u00f3 de 32 a 28. \u00abEs decir que todos los par\u00e1metros de comportamiento nos indican que hay un respiro y una leve mejor\u00eda\u00bb. \u00abNos podemos decir que esto es una tendencia. Para decir que esto es una tendencia y que estamos ganando la batalla tenemos que seguirla analizando en el tiempo. En una o dos semanas si vemos que las cifras van bajando entonces quiere decir que ir\u00edamos por buen camino\u00ab, dijo Farhat. https:\/\/www.larepublica.ec\/blog\/2021\/05\/03\/en-guayaquil-la-incidencia-de-contagios-disminuye\/<\/p>\n","protected":false},"author":1,"featured_media":258458,"comment_status":"closed","ping_status":"closed","sticky":false,"template":"","format":"standard","meta":[],"categories":[35,24],"tags":[],"_links":{"self":[{"href":"https:\/\/www.ecuadortimes.net\/es\/wp-json\/wp\/v2\/posts\/258457"}],"collection":[{"href":"https:\/\/www.ecuadortimes.net\/es\/wp-json\/wp\/v2\/posts"}],"about":[{"href":"https:\/\/www.ecuadortimes.net\/es\/wp-json\/wp\/v2\/types\/post"}],"author":[{"embeddable":true,"href":"https:\/\/www.ecuadortimes.net\/es\/wp-json\/wp\/v2\/users\/1"}],"replies":[{"embeddable":true,"href":"https:\/\/www.ecuadortimes.net\/es\/wp-json\/wp\/v2\/comments?post=258457"}],"version-history":[{"count":1,"href":"https:\/\/www.ecuadortimes.net\/es\/wp-json\/wp\/v2\/posts\/258457\/revisions"}],"predecessor-version":[{"id":258459,"href":"https:\/\/www.ecuadortimes.net\/es\/wp-json\/wp\/v2\/posts\/258457\/revisions\/258459"}],"wp:featuredmedia":[{"embeddable":true,"href":"https:\/\/www.ecuadortimes.net\/es\/wp-json\/wp\/v2\/media\/258458"}],"wp:attachment":[{"href":"https:\/\/www.ecuadortimes.net\/es\/wp-json\/wp\/v2\/media?parent=258457"}],"wp:term":[{"taxonomy":"category","embeddable":true,"href":"https:\/\/www.ecuadortimes.net\/es\/wp-json\/wp\/v2\/categories?post=258457"},{"taxonomy":"post_tag","embeddable":true,"href":"https:\/\/www.ecuadortimes.net\/es\/wp-json\/wp\/v2\/tags?post=258457"}],"curies":[{"name":"wp","href":"https:\/\/api.w.org\/{rel}","templated":true}]}}