{"id":259256,"date":"2021-10-04T20:26:48","date_gmt":"2021-10-04T20:26:48","guid":{"rendered":"https:\/\/www.ecuadortimes.net\/es\/?p=259256"},"modified":"2021-10-04T20:26:48","modified_gmt":"2021-10-04T20:26:48","slug":"el-pais-deja-de-vender-a-sus-socios-138-millones-de-cajas-de-banano","status":"publish","type":"post","link":"https:\/\/www.ecuadortimes.net\/es\/el-pais-deja-de-vender-a-sus-socios-138-millones-de-cajas-de-banano\/","title":{"rendered":"El pa\u00eds deja de vender a sus socios 13,8 millones de cajas de banano"},"content":{"rendered":"<div class=\"content-modules-container\">\n<p id=\"m103-102-104\" class=\"paragraph \">Hasta agosto de este a\u00f1o, las exportaciones de banano continuaron reflejando un decrecimiento sostenido. Seg\u00fan las cifras de la Asociaci\u00f3n de<strong> Exportadores de Banano de Ecuador (AEBE),<\/strong> hasta ese mes se exportaron 13,8 millones de cajas menos, lo que represent\u00f3 una ca\u00edda del 5%.<\/p>\n<div id=\"attachment_259257\" style=\"width: 710px\" class=\"wp-caption alignnone\"><img aria-describedby=\"caption-attachment-259257\" loading=\"lazy\" class=\"size-full wp-image-259257\" src=\"https:\/\/www.ecuadortimes.net\/es\/wp-content\/uploads\/2021\/10\/ecuador-times-ecuador-news-the-country-stops-selling-13-8-million-boxes-of-bananas-to-its-partners.jpeg\" alt=\"\" width=\"700\" height=\"402\" \/><p id=\"caption-attachment-259257\" class=\"wp-caption-text\">Los env\u00edos del banano descendieron un 5%, hasta agosto.<\/p><\/div>\n<p id=\"m140-139-141\" class=\"paragraph \">En un informe difundido ayer se se\u00f1ala que el mes de mayor ca\u00edda fue mayo con un 10%, mientras que julio fue el de mejor comportamient<strong>o al registrar un 0,3% de incremento<\/strong> de env\u00edos comparados con igual mes del a\u00f1o pasado.<\/p>\n<p id=\"m145-144-146\" class=\"paragraph \">Esta baja de cifras se atribuyen a varios factores: por un lado a las variaciones clim\u00e1ticas y problemas fitosanitarios que afectan la oferta de la fruta; por otro lado, la baja reposici\u00f3n de contenedores para trasladarla. Ante este escenario se ha visto la ca\u00edda en mercados tan estables como Europa,<strong> donde va el 33% de la fruta<\/strong>. Seg\u00fan AEBE, las ventas a ese destino disminuyeron un 1%. Aunque respecto a otros meses se observa una leve mejor\u00eda, el resultado sigue estando en negativo.<\/p>\n<p id=\"m150-149-151\" class=\"paragraph \">Decrecimientos de mayor magnitud se presentan en otros mercados que contin\u00faan siendo un reto para la colocaci\u00f3n de la fruta ecuatoriana: Medio Oriente y Asia, con un 19 % y 28 %, respectivamente. Otra realidad se observa en compradores m\u00e1s cercanos como los pa\u00edses del <strong>Cono Sur y Estados Unidos<\/strong>, donde los env\u00edos subieron un 3% y 2%.<\/p>\n<\/div>\n<p><a href=\"https:\/\/www.expreso.ec\/actualidad\/economia\/pais-deja-vender-socios-13-8-millones-cajas-banano-113016.html\">https:\/\/www.expreso.ec\/actualidad\/economia\/pais-deja-vender-socios-13-8-millones-cajas-banano-113016.html<\/a><\/p>\n","protected":false},"excerpt":{"rendered":"<p>Hasta agosto de este a\u00f1o, las exportaciones de banano continuaron reflejando un decrecimiento sostenido. Seg\u00fan las cifras de la Asociaci\u00f3n de Exportadores de Banano de Ecuador (AEBE), hasta ese mes se exportaron 13,8 millones de cajas menos, lo que represent\u00f3 una ca\u00edda del 5%. En un informe difundido ayer se se\u00f1ala que el mes de mayor ca\u00edda fue mayo con un 10%, mientras que julio fue el de mejor comportamiento al registrar un 0,3% de incremento de env\u00edos comparados con igual mes del a\u00f1o pasado. Esta baja de cifras se atribuyen a varios factores: por un lado a las variaciones clim\u00e1ticas y problemas fitosanitarios que afectan la oferta de la fruta; por otro lado, la baja reposici\u00f3n de contenedores para trasladarla. Ante este escenario se ha visto la ca\u00edda en mercados tan estables como Europa, donde va el 33% de la fruta. Seg\u00fan AEBE, las ventas a ese destino disminuyeron un 1%. Aunque respecto a otros meses se observa una leve mejor\u00eda, el resultado sigue estando en negativo. Decrecimientos de mayor magnitud se presentan en otros mercados que contin\u00faan siendo un reto para la colocaci\u00f3n de la fruta ecuatoriana: Medio Oriente y Asia, con un 19 % y 28 %, respectivamente. Otra realidad se observa en compradores m\u00e1s cercanos como los pa\u00edses del Cono Sur y Estados Unidos, donde los env\u00edos subieron un 3% y 2%. https:\/\/www.expreso.ec\/actualidad\/economia\/pais-deja-vender-socios-13-8-millones-cajas-banano-113016.html<\/p>\n","protected":false},"author":1,"featured_media":259257,"comment_status":"closed","ping_status":"closed","sticky":false,"template":"","format":"standard","meta":[],"categories":[43,24],"tags":[],"_links":{"self":[{"href":"https:\/\/www.ecuadortimes.net\/es\/wp-json\/wp\/v2\/posts\/259256"}],"collection":[{"href":"https:\/\/www.ecuadortimes.net\/es\/wp-json\/wp\/v2\/posts"}],"about":[{"href":"https:\/\/www.ecuadortimes.net\/es\/wp-json\/wp\/v2\/types\/post"}],"author":[{"embeddable":true,"href":"https:\/\/www.ecuadortimes.net\/es\/wp-json\/wp\/v2\/users\/1"}],"replies":[{"embeddable":true,"href":"https:\/\/www.ecuadortimes.net\/es\/wp-json\/wp\/v2\/comments?post=259256"}],"version-history":[{"count":1,"href":"https:\/\/www.ecuadortimes.net\/es\/wp-json\/wp\/v2\/posts\/259256\/revisions"}],"predecessor-version":[{"id":259258,"href":"https:\/\/www.ecuadortimes.net\/es\/wp-json\/wp\/v2\/posts\/259256\/revisions\/259258"}],"wp:featuredmedia":[{"embeddable":true,"href":"https:\/\/www.ecuadortimes.net\/es\/wp-json\/wp\/v2\/media\/259257"}],"wp:attachment":[{"href":"https:\/\/www.ecuadortimes.net\/es\/wp-json\/wp\/v2\/media?parent=259256"}],"wp:term":[{"taxonomy":"category","embeddable":true,"href":"https:\/\/www.ecuadortimes.net\/es\/wp-json\/wp\/v2\/categories?post=259256"},{"taxonomy":"post_tag","embeddable":true,"href":"https:\/\/www.ecuadortimes.net\/es\/wp-json\/wp\/v2\/tags?post=259256"}],"curies":[{"name":"wp","href":"https:\/\/api.w.org\/{rel}","templated":true}]}}