{"id":259259,"date":"2021-10-04T20:34:56","date_gmt":"2021-10-04T20:34:56","guid":{"rendered":"https:\/\/www.ecuadortimes.net\/es\/?p=259259"},"modified":"2021-10-04T20:34:56","modified_gmt":"2021-10-04T20:34:56","slug":"ecuador-inicia-la-campana-de-vacunacion-en-menores-de-5-anos","status":"publish","type":"post","link":"https:\/\/www.ecuadortimes.net\/es\/ecuador-inicia-la-campana-de-vacunacion-en-menores-de-5-anos\/","title":{"rendered":"Ecuador inicia la campa\u00f1a de vacunaci\u00f3n en menores de 5 a\u00f1os"},"content":{"rendered":"<div class=\"itemFullText\">\n<p>Desde este lunes 4 de octubre del 2021, el Ministerio de Salud P\u00fablica arranca con la campa\u00f1a &#8220;Todo Campe\u00f3n se Vacuna&#8221;, para inocular con las dosis pendientes (no covid) a los ni\u00f1os y ni\u00f1as menores de 5 a\u00f1os que no pudieron recibir el biol\u00f3gico a causa de la pandemia.<\/p>\n<div id=\"attachment_259260\" style=\"width: 1210px\" class=\"wp-caption alignnone\"><img aria-describedby=\"caption-attachment-259260\" loading=\"lazy\" class=\"size-full wp-image-259260\" src=\"https:\/\/www.ecuadortimes.net\/es\/wp-content\/uploads\/2021\/10\/ecuador-times-ecuador-news-ecuador-starts-the-vaccination-campaign-in-children-under-5-years-of-age.jpg\" alt=\"\" width=\"1200\" height=\"810\" srcset=\"https:\/\/www.ecuadortimes.net\/es\/wp-content\/uploads\/2021\/10\/ecuador-times-ecuador-news-ecuador-starts-the-vaccination-campaign-in-children-under-5-years-of-age.jpg 1200w, https:\/\/www.ecuadortimes.net\/es\/wp-content\/uploads\/2021\/10\/ecuador-times-ecuador-news-ecuador-starts-the-vaccination-campaign-in-children-under-5-years-of-age-75x52.jpg 75w\" sizes=\"(max-width: 1200px) 100vw, 1200px\" \/><p id=\"caption-attachment-259260\" class=\"wp-caption-text\">La campa\u00f1a nacional se cataloga como &#8220;Todo Campe\u00f3n se Vacuna&#8221; y est\u00e1 respaldada por atletas nacionales<\/p><\/div>\n<p>El objetivo del MSP es cubrir a m\u00e1s de 160.000 ni\u00f1as y ni\u00f1os que se retrasaron en sus esquemas de vacunaci\u00f3n. Los menores recibir\u00e1n el biol\u00f3gico para prevenir enfermedades como Sarampi\u00f3n, Neumococo, Rotavirus, Fiebre Amarilla, Polio, Difteria, Varicela, entre otras.\u00a0Las madres y padres de familia deben llevar a sus hijos a cualquiera de los 1.900 centros de salud p\u00fablica, a escala nacional, donde ser\u00e1n inmunizados por el personal del MSP, as\u00ed como a trav\u00e9s de brigadas comunitarias.<\/p>\n<p>Esta campa\u00f1a se llevar\u00e1 a cabo en un periodo ininterrumpido de cuatro semanas, con fines de semana y se continuar\u00e1 con el esquema regular hasta diciembre del 2021.<\/p>\n<p>La Ministra de esta Cartera de Estado, Ximena Garz\u00f3n, dispuso la inversi\u00f3n de $17 millones para la adquisici\u00f3n de las dosis necesarias que ser\u00e1n direccionadas a la poblaci\u00f3n infantil.<\/p>\n<\/div>\n<p><a href=\"https:\/\/www.eltelegrafo.com.ec\/noticias\/salud\/1\/el-ministerio-de-salud-inicia-la-campana-de-vacunacion-regular-no-covid-19-a-los-menores-de-5-anos\">https:\/\/www.eltelegrafo.com.ec\/noticias\/salud\/1\/el-ministerio-de-salud-inicia-la-campana-de-vacunacion-regular-no-covid-19-a-los-menores-de-5-anos<\/a><\/p>\n","protected":false},"excerpt":{"rendered":"<p>Desde este lunes 4 de octubre del 2021, el Ministerio de Salud P\u00fablica arranca con la campa\u00f1a &#8220;Todo Campe\u00f3n se Vacuna&#8221;, para inocular con las dosis pendientes (no covid) a los ni\u00f1os y ni\u00f1as menores de 5 a\u00f1os que no pudieron recibir el biol\u00f3gico a causa de la pandemia. El objetivo del MSP es cubrir a m\u00e1s de 160.000 ni\u00f1as y ni\u00f1os que se retrasaron en sus esquemas de vacunaci\u00f3n. Los menores recibir\u00e1n el biol\u00f3gico para prevenir enfermedades como Sarampi\u00f3n, Neumococo, Rotavirus, Fiebre Amarilla, Polio, Difteria, Varicela, entre otras.\u00a0Las madres y padres de familia deben llevar a sus hijos a cualquiera de los 1.900 centros de salud p\u00fablica, a escala nacional, donde ser\u00e1n inmunizados por el personal del MSP, as\u00ed como a trav\u00e9s de brigadas comunitarias. Esta campa\u00f1a se llevar\u00e1 a cabo en un periodo ininterrumpido de cuatro semanas, con fines de semana y se continuar\u00e1 con el esquema regular hasta diciembre del 2021. La Ministra de esta Cartera de Estado, Ximena Garz\u00f3n, dispuso la inversi\u00f3n de $17 millones para la adquisici\u00f3n de las dosis necesarias que ser\u00e1n direccionadas a la poblaci\u00f3n infantil. https:\/\/www.eltelegrafo.com.ec\/noticias\/salud\/1\/el-ministerio-de-salud-inicia-la-campana-de-vacunacion-regular-no-covid-19-a-los-menores-de-5-anos<\/p>\n","protected":false},"author":1,"featured_media":259260,"comment_status":"closed","ping_status":"closed","sticky":false,"template":"","format":"standard","meta":[],"categories":[35,24],"tags":[],"_links":{"self":[{"href":"https:\/\/www.ecuadortimes.net\/es\/wp-json\/wp\/v2\/posts\/259259"}],"collection":[{"href":"https:\/\/www.ecuadortimes.net\/es\/wp-json\/wp\/v2\/posts"}],"about":[{"href":"https:\/\/www.ecuadortimes.net\/es\/wp-json\/wp\/v2\/types\/post"}],"author":[{"embeddable":true,"href":"https:\/\/www.ecuadortimes.net\/es\/wp-json\/wp\/v2\/users\/1"}],"replies":[{"embeddable":true,"href":"https:\/\/www.ecuadortimes.net\/es\/wp-json\/wp\/v2\/comments?post=259259"}],"version-history":[{"count":1,"href":"https:\/\/www.ecuadortimes.net\/es\/wp-json\/wp\/v2\/posts\/259259\/revisions"}],"predecessor-version":[{"id":259261,"href":"https:\/\/www.ecuadortimes.net\/es\/wp-json\/wp\/v2\/posts\/259259\/revisions\/259261"}],"wp:featuredmedia":[{"embeddable":true,"href":"https:\/\/www.ecuadortimes.net\/es\/wp-json\/wp\/v2\/media\/259260"}],"wp:attachment":[{"href":"https:\/\/www.ecuadortimes.net\/es\/wp-json\/wp\/v2\/media?parent=259259"}],"wp:term":[{"taxonomy":"category","embeddable":true,"href":"https:\/\/www.ecuadortimes.net\/es\/wp-json\/wp\/v2\/categories?post=259259"},{"taxonomy":"post_tag","embeddable":true,"href":"https:\/\/www.ecuadortimes.net\/es\/wp-json\/wp\/v2\/tags?post=259259"}],"curies":[{"name":"wp","href":"https:\/\/api.w.org\/{rel}","templated":true}]}}