{"id":259265,"date":"2021-10-05T19:06:39","date_gmt":"2021-10-05T19:06:39","guid":{"rendered":"https:\/\/www.ecuadortimes.net\/es\/?p=259265"},"modified":"2021-10-05T19:06:39","modified_gmt":"2021-10-05T19:06:39","slug":"europa-se-reencontro-con-las-frutas-del-ecuador-en-la-fruit-attraction-2021-en-madrid","status":"publish","type":"post","link":"https:\/\/www.ecuadortimes.net\/es\/europa-se-reencontro-con-las-frutas-del-ecuador-en-la-fruit-attraction-2021-en-madrid\/","title":{"rendered":"Europa se reencontr\u00f3 con las frutas del Ecuador en la Fruit Attraction 2021, en Madrid"},"content":{"rendered":"<section class=\"article-body prose prose-lg md:prose mx-auto space-y-3 font-primary\">\n<p class=\"prose-text\">Aunque no hab\u00eda rueda de negociaciones oficiales, las mesas estaban llenas. Dos a\u00f1os despu\u00e9s de la \u00faltima cita, 45 empresas exportadoras de frutas ecuatorianas se volvieron a contactar personalmente con sus clientes del mercado europeo.<\/p>\n<div id=\"attachment_259266\" style=\"width: 1015px\" class=\"wp-caption alignnone\"><img aria-describedby=\"caption-attachment-259266\" loading=\"lazy\" class=\"size-full wp-image-259266\" src=\"https:\/\/www.ecuadortimes.net\/es\/wp-content\/uploads\/2021\/10\/ecuador-times-ecuador-news-europe-met-again-with-the-fruits-of-ecuador-at-fruit-attraction-2021-in-madrid.jpg\" alt=\"\" width=\"1005\" height=\"670\" \/><p id=\"caption-attachment-259266\" class=\"wp-caption-text\">En Madrid inici\u00f3 este martes la feria Fruit Attraction, donde 45 empresas ecuatorianas llegaron para reencontrarse con sus clientes internacionales y buscar nuevos negocis.<\/p><\/div>\n<p class=\"prose-text\">El encuentro tiene como escenario la feria<b> Fruit Attraction 2021<\/b>, que se lleva a cabo en Madrid durante los d\u00edas 5, 6 y 7 de octubre. En el evento, considerado ventana mundial para los productos de este tipo, Ecuador busca fortalecer la imagen de frutas como el banano, mango o pi\u00f1a como opciones atractivas de exportaci\u00f3n ecuatoriana.<\/p>\n<p class=\"prose-text\">De acuerdo con <b>Luis Montoya, presidente de la Corporaci\u00f3n de Promoci\u00f3n de Exportaciones e Inversiones (Corpei Capital),<\/b> y quien lidera la delegaci\u00f3n por su instituci\u00f3n la feria presencial potencializa la confianza de los compradores.<\/p>\n<p class=\"prose-text\">\u201cNo hay nada como poder ver la fruta, probarla y sentarte con el cliente\u201d indic\u00f3. Esto, a pesar de que Corpei se preocup\u00f3 de mantener las l\u00edneas comerciales abiertas durante la pandemia a trav\u00e9s de conversaciones virtuales entre los mercados.<\/p>\n<p class=\"prose-text\">Gracias a acciones como estas, Ecuador se mantuvo como l\u00edder exportador a pesar del COVID-19. Montoya reitera que la fecha de esta feria es estrat\u00e9gica debido a que en diciembre se cierran los contratos con el mercado europeo, sobre todo con el banano, \u201cnuestro buque insignia\u201d.<\/p>\n<p class=\"prose-text\">De acuerdo con<b> Jos\u00e9 Antonio Hidalgo, presidente de la Asociaci\u00f3n de Exportadores de Banano del Ecuador (AEBE),<\/b> la importancia de la participaci\u00f3n ecuatoriana radica en mantener ese liderazgo comercial en la UE a trav\u00e9s de la confianza que genera una reuni\u00f3n presencial y en la apertura a nuevos pa\u00edses como Rusia.<\/p>\n<p class=\"prose-text\">\u201cEl fin del bananero es reencontrarse con sus clientes\u201d. Y a\u00f1ade: \u201cLos mejores negocios se forjan cuando te sientas a conversar personalmente\u201d.<\/p>\n<div class=\"flex justify-center\" data-oembed-type=\"twitter\">\n<div class=\"twitter-tweet twitter-tweet-rendered\" style=\"display: flex; max-width: 550px; width: 100%; margin-top: 10px; margin-bottom: 10px;\"><iframe id=\"twitter-widget-0\" class=\"\" style=\"position: static; visibility: visible; width: 550px; height: 706px; display: block; flex-grow: 1;\" title=\"Twitter Tweet\" src=\"https:\/\/platform.twitter.com\/embed\/Tweet.html?creatorScreenName=eluniversocom&amp;creatorUserId=1597931854&amp;dnt=false&amp;embedId=twitter-widget-0&amp;features=eyJ0ZndfZXhwZXJpbWVudHNfY29va2llX2V4cGlyYXRpb24iOnsiYnVja2V0IjoxMjA5NjAwLCJ2ZXJzaW9uIjpudWxsfSwidGZ3X2hvcml6b25fdHdlZXRfZW1iZWRfOTU1NSI6eyJidWNrZXQiOiJodGUiLCJ2ZXJzaW9uIjpudWxsfSwidGZ3X3NwYWNlX2NhcmQiOnsiYnVja2V0Ijoib2ZmIiwidmVyc2lvbiI6bnVsbH19&amp;frame=false&amp;hideCard=false&amp;hideThread=false&amp;id=1445385008223510528&amp;lang=es&amp;origin=https%3A%2F%2Fwww.eluniverso.com%2Fnoticias%2Feconomia%2Feuropa-se-reencontro-con-las-frutas-del-ecuador-en-la-fruit-attraction-2021-en-madrid-nota%2F&amp;sessionId=5d170d9d1b116ee16704065422c60115c9453391&amp;siteScreenName=eluniversocom&amp;siteUserId=1597931854&amp;theme=light&amp;widgetsVersion=fcb1942%3A1632982954711&amp;width=550px\" frameborder=\"0\" scrolling=\"no\" allowfullscreen=\"allowfullscreen\" data-tweet-id=\"1445385008223510528\"><\/iframe><\/div>\n<p><script async=\"\" src=\"https:\/\/platform.twitter.com\/widgets.js\" charset=\"utf-8\"><\/script><\/p>\n<\/div>\n<p class=\"prose-text\">Para <b>Richard Salazar, presidente de la Asociaci\u00f3n de Comercializaci\u00f3n y Exportaci\u00f3n de Banano (Acorbanec)<\/b>, la expectativa del gremio exportador es muy alta. No solo por la cantidad de primeros contactos que se realizan sino porque tambi\u00e9n sirve como plataforma para renegociar los precios de productos como el banano.<\/p>\n<p class=\"prose-text\">Seg\u00fan se\u00f1ala las certificaciones que ahora exige el mercado europeo generan un gasto importante, por lo que en este acercamiento plantean realizar conversaciones extraoficiales sobre ajustes para el precio de la fruta.<\/p>\n<p class=\"prose-text\">Ver\u00f3nica Pe\u00f1a, la encargada de negocios de la Embajada de Ecuador en Espa\u00f1a, resalta que la feria tambi\u00e9n se presenta como un escaparate gastron\u00f3mico. Para ella, la presencia del pa\u00eds \u201cabre mercados, son nichos de oportunidades y posiciona mejor\u201d la calidad de los productos ecuatorianos.<\/p>\n<h3 class=\"\">Fusarium raza 4 preocupa a compradores<\/h3>\n<p class=\"prose-text\">La plaga del hongo <b>Fusarium raza 4<\/b>, que acecha al banano de pa\u00edses vecinos al Ecuador, tambi\u00e9n fue un tema de conversaci\u00f3n en esta feria.<\/p>\n<p class=\"prose-text\">Tanto Luis Montoya como Jos\u00e9 Antonio Hidalgo reconocen que los compradores han expresado su preocupaci\u00f3n por la proximidad de la plaga al pa\u00eds. Sin embargo, ambos consideran que las medidas de contenci\u00f3n que se han desplegado protegen en un alto porcentaje a la fruta nacional.<\/p>\n<p class=\"prose-text\">Y adem\u00e1s el tema ya ha sido abordado con el gobierno de Guillermo Lasso como prioritario, por el importante aporte en divisas que genera el banano para el pa\u00eds.<\/p>\n<\/section>\n<p><a href=\"https:\/\/www.eluniverso.com\/noticias\/economia\/europa-se-reencontro-con-las-frutas-del-ecuador-en-la-fruit-attraction-2021-en-madrid-nota\/?modulo=lo-ultimo&amp;plantilla=home\">https:\/\/www.eluniverso.com\/noticias\/economia\/europa-se-reencontro-con-las-frutas-del-ecuador-en-la-fruit-attraction-2021-en-madrid-nota\/?modulo=lo-ultimo&amp;plantilla=home<\/a><\/p>\n","protected":false},"excerpt":{"rendered":"<p>Aunque no hab\u00eda rueda de negociaciones oficiales, las mesas estaban llenas. Dos a\u00f1os despu\u00e9s de la \u00faltima cita, 45 empresas exportadoras de frutas ecuatorianas se volvieron a contactar personalmente con sus clientes del mercado europeo. El encuentro tiene como escenario la feria Fruit Attraction 2021, que se lleva a cabo en Madrid durante los d\u00edas 5, 6 y 7 de octubre. En el evento, considerado ventana mundial para los productos de este tipo, Ecuador busca fortalecer la imagen de frutas como el banano, mango o pi\u00f1a como opciones atractivas de exportaci\u00f3n ecuatoriana. De acuerdo con Luis Montoya, presidente de la Corporaci\u00f3n de Promoci\u00f3n de Exportaciones e Inversiones (Corpei Capital), y quien lidera la delegaci\u00f3n por su instituci\u00f3n la feria presencial potencializa la confianza de los compradores. \u201cNo hay nada como poder ver la fruta, probarla y sentarte con el cliente\u201d indic\u00f3. Esto, a pesar de que Corpei se preocup\u00f3 de mantener las l\u00edneas comerciales abiertas durante la pandemia a trav\u00e9s de conversaciones virtuales entre los mercados. Gracias a acciones como estas, Ecuador se mantuvo como l\u00edder exportador a pesar del COVID-19. Montoya reitera que la fecha de esta feria es estrat\u00e9gica debido a que en diciembre se cierran los contratos con el mercado europeo, sobre todo con el banano, \u201cnuestro buque insignia\u201d. De acuerdo con Jos\u00e9 Antonio Hidalgo, presidente de la Asociaci\u00f3n de Exportadores de Banano del Ecuador (AEBE), la importancia de la participaci\u00f3n ecuatoriana radica en mantener ese liderazgo comercial en la UE a trav\u00e9s de la confianza que genera una reuni\u00f3n presencial y en la apertura a nuevos pa\u00edses como Rusia. \u201cEl fin del bananero es reencontrarse con sus clientes\u201d. Y a\u00f1ade: \u201cLos mejores negocios se forjan cuando te sientas a conversar personalmente\u201d. Para Richard Salazar, presidente de la Asociaci\u00f3n de Comercializaci\u00f3n y Exportaci\u00f3n de Banano (Acorbanec), la expectativa del gremio exportador es muy alta. No solo por la cantidad de primeros contactos que se realizan sino porque tambi\u00e9n sirve como plataforma para renegociar los precios de productos como el banano. Seg\u00fan se\u00f1ala las certificaciones que ahora exige el mercado europeo generan un gasto importante, por lo que en este acercamiento plantean realizar conversaciones extraoficiales sobre ajustes para el precio de la fruta. Ver\u00f3nica Pe\u00f1a, la encargada de negocios de la Embajada de Ecuador en Espa\u00f1a, resalta que la feria tambi\u00e9n se presenta como un escaparate gastron\u00f3mico. Para ella, la presencia del pa\u00eds \u201cabre mercados, son nichos de oportunidades y posiciona mejor\u201d la calidad de los productos ecuatorianos. Fusarium raza 4 preocupa a compradores La plaga del hongo Fusarium raza 4, que acecha al banano de pa\u00edses vecinos al Ecuador, tambi\u00e9n fue un tema de conversaci\u00f3n en esta feria. Tanto Luis Montoya como Jos\u00e9 Antonio Hidalgo reconocen que los compradores han expresado su preocupaci\u00f3n por la proximidad de la plaga al pa\u00eds. Sin embargo, ambos consideran que las medidas de contenci\u00f3n que se han desplegado protegen en un alto porcentaje a la fruta nacional. Y adem\u00e1s el tema ya ha sido abordado con el gobierno de Guillermo Lasso como prioritario, por el importante aporte en divisas que genera el banano para el pa\u00eds. https:\/\/www.eluniverso.com\/noticias\/economia\/europa-se-reencontro-con-las-frutas-del-ecuador-en-la-fruit-attraction-2021-en-madrid-nota\/?modulo=lo-ultimo&amp;plantilla=home<\/p>\n","protected":false},"author":1,"featured_media":259266,"comment_status":"closed","ping_status":"closed","sticky":false,"template":"","format":"standard","meta":[],"categories":[43,23],"tags":[],"_links":{"self":[{"href":"https:\/\/www.ecuadortimes.net\/es\/wp-json\/wp\/v2\/posts\/259265"}],"collection":[{"href":"https:\/\/www.ecuadortimes.net\/es\/wp-json\/wp\/v2\/posts"}],"about":[{"href":"https:\/\/www.ecuadortimes.net\/es\/wp-json\/wp\/v2\/types\/post"}],"author":[{"embeddable":true,"href":"https:\/\/www.ecuadortimes.net\/es\/wp-json\/wp\/v2\/users\/1"}],"replies":[{"embeddable":true,"href":"https:\/\/www.ecuadortimes.net\/es\/wp-json\/wp\/v2\/comments?post=259265"}],"version-history":[{"count":1,"href":"https:\/\/www.ecuadortimes.net\/es\/wp-json\/wp\/v2\/posts\/259265\/revisions"}],"predecessor-version":[{"id":259267,"href":"https:\/\/www.ecuadortimes.net\/es\/wp-json\/wp\/v2\/posts\/259265\/revisions\/259267"}],"wp:featuredmedia":[{"embeddable":true,"href":"https:\/\/www.ecuadortimes.net\/es\/wp-json\/wp\/v2\/media\/259266"}],"wp:attachment":[{"href":"https:\/\/www.ecuadortimes.net\/es\/wp-json\/wp\/v2\/media?parent=259265"}],"wp:term":[{"taxonomy":"category","embeddable":true,"href":"https:\/\/www.ecuadortimes.net\/es\/wp-json\/wp\/v2\/categories?post=259265"},{"taxonomy":"post_tag","embeddable":true,"href":"https:\/\/www.ecuadortimes.net\/es\/wp-json\/wp\/v2\/tags?post=259265"}],"curies":[{"name":"wp","href":"https:\/\/api.w.org\/{rel}","templated":true}]}}