{"id":259274,"date":"2021-10-06T21:36:52","date_gmt":"2021-10-06T21:36:52","guid":{"rendered":"https:\/\/www.ecuadortimes.net\/es\/?p=259274"},"modified":"2021-10-06T21:36:52","modified_gmt":"2021-10-06T21:36:52","slug":"daniel-noboa-viaja-con-recursos-propios-para-interactuar-con-emprendedores-migrantes-en-espana","status":"publish","type":"post","link":"https:\/\/www.ecuadortimes.net\/es\/daniel-noboa-viaja-con-recursos-propios-para-interactuar-con-emprendedores-migrantes-en-espana\/","title":{"rendered":"Daniel Noboa viaja con recursos propios para interactuar con emprendedores migrantes en Espa\u00f1a"},"content":{"rendered":"<div class=\"tdb-block-inner td-fix-index\">\n<p>El Representante de la Asamblea Nacional ante los Organismos Internacionales, Daniel Noboa Az\u00edn, se encuentra de visita en Espa\u00f1a del 5 al 10 de octubre para asistir al evento Fruit Attraction 2021, platicar con los migrantes ecuatorianos y trabajar para fortalecer el proyecto de Ley de Protecci\u00f3n de Datos en Ecuador.<\/p>\n<div id=\"attachment_259275\" style=\"width: 1078px\" class=\"wp-caption alignnone\"><img aria-describedby=\"caption-attachment-259275\" loading=\"lazy\" class=\"size-full wp-image-259275\" src=\"https:\/\/www.ecuadortimes.net\/es\/wp-content\/uploads\/2021\/10\/ecuador-times-ecuador-news-daniel-noboa-travels-with-his-own-resources-to-interact-with-migrant-entrepreneurs-in-spain.jpeg\" alt=\"\" width=\"1068\" height=\"713\" \/><p id=\"caption-attachment-259275\" class=\"wp-caption-text\">Noboa se reunir\u00e1 tambi\u00e9n con la encargada de negocios de la Embajada del Ecuador en Espa\u00f1a, Ver\u00f3nica Pe\u00f1a, y con Rub\u00e9n Mart\u00ednez, de fondos de inversi\u00f3n para plataformas de energ\u00eda renovable y proyectos innovadores para Latinoam\u00e9rica y Centroam\u00e9rica.<\/p><\/div>\n<p>El Presidente de la Comisi\u00f3n de Desarrollo Econ\u00f3mico, Productivo y la Microempresa de la Asamblea Nacional del Ecuador acompa\u00f1ado de la Vicepresidenta de la Comisi\u00f3n, Wilma Andrade participan en el Fruit Attraction 2021, el evento de referencia global para la comercializaci\u00f3n de frutas y hortalizas que se lleva a cabo desde este 5 al 7 de octubre en la ciudad de Madrid donde comparten con emprendedores ecuatorianos que forman parte de este encuentro.<\/p>\n<p>Daniel Noboa Azin considera un orgullo reunirse con estos compatriotas que con esfuerzo, \u00edmpetu y sacrificio han logrado destacar fuera del pa\u00eds y dar apertura a crear m\u00e1s plazas de trabajo en Ecuador.<\/p>\n<p>El asamble\u00edsta, siendo el \u00fanico funcionario en renunciar a los recursos de vi\u00e1ticos, cubre personalmente los gastos del viaje para participar en este evento con operadores hortofrut\u00edcolas del mundo.<\/p>\n<p>En otro aspecto, como punto importante en la agenda del funcionario est\u00e1 prevista una reuni\u00f3n con migrantes ecuatorianos asentados en Espa\u00f1a en un esfuerzo por conocer las necesidades que afrontan los compatriotas asentados en ese territorio.<\/p>\n<p>&nbsp;<\/p>\n<\/div>\n<p><a href=\"https:\/\/ultimahoraec.com\/2021\/10\/05\/daniel-noboa-viaja-con-recursos-propios-para-interactuar-con-emprendedores-migrantes-en-espana\/\">https:\/\/ultimahoraec.com\/2021\/10\/05\/daniel-noboa-viaja-con-recursos-propios-para-interactuar-con-emprendedores-migrantes-en-espana\/<\/a><\/p>\n","protected":false},"excerpt":{"rendered":"<p>El Representante de la Asamblea Nacional ante los Organismos Internacionales, Daniel Noboa Az\u00edn, se encuentra de visita en Espa\u00f1a del 5 al 10 de octubre para asistir al evento Fruit Attraction 2021, platicar con los migrantes ecuatorianos y trabajar para fortalecer el proyecto de Ley de Protecci\u00f3n de Datos en Ecuador. El Presidente de la Comisi\u00f3n de Desarrollo Econ\u00f3mico, Productivo y la Microempresa de la Asamblea Nacional del Ecuador acompa\u00f1ado de la Vicepresidenta de la Comisi\u00f3n, Wilma Andrade participan en el Fruit Attraction 2021, el evento de referencia global para la comercializaci\u00f3n de frutas y hortalizas que se lleva a cabo desde este 5 al 7 de octubre en la ciudad de Madrid donde comparten con emprendedores ecuatorianos que forman parte de este encuentro. Daniel Noboa Azin considera un orgullo reunirse con estos compatriotas que con esfuerzo, \u00edmpetu y sacrificio han logrado destacar fuera del pa\u00eds y dar apertura a crear m\u00e1s plazas de trabajo en Ecuador. El asamble\u00edsta, siendo el \u00fanico funcionario en renunciar a los recursos de vi\u00e1ticos, cubre personalmente los gastos del viaje para participar en este evento con operadores hortofrut\u00edcolas del mundo. En otro aspecto, como punto importante en la agenda del funcionario est\u00e1 prevista una reuni\u00f3n con migrantes ecuatorianos asentados en Espa\u00f1a en un esfuerzo por conocer las necesidades que afrontan los compatriotas asentados en ese territorio. &nbsp; https:\/\/ultimahoraec.com\/2021\/10\/05\/daniel-noboa-viaja-con-recursos-propios-para-interactuar-con-emprendedores-migrantes-en-espana\/<\/p>\n","protected":false},"author":1,"featured_media":259275,"comment_status":"closed","ping_status":"closed","sticky":false,"template":"","format":"standard","meta":[],"categories":[40,23],"tags":[],"_links":{"self":[{"href":"https:\/\/www.ecuadortimes.net\/es\/wp-json\/wp\/v2\/posts\/259274"}],"collection":[{"href":"https:\/\/www.ecuadortimes.net\/es\/wp-json\/wp\/v2\/posts"}],"about":[{"href":"https:\/\/www.ecuadortimes.net\/es\/wp-json\/wp\/v2\/types\/post"}],"author":[{"embeddable":true,"href":"https:\/\/www.ecuadortimes.net\/es\/wp-json\/wp\/v2\/users\/1"}],"replies":[{"embeddable":true,"href":"https:\/\/www.ecuadortimes.net\/es\/wp-json\/wp\/v2\/comments?post=259274"}],"version-history":[{"count":1,"href":"https:\/\/www.ecuadortimes.net\/es\/wp-json\/wp\/v2\/posts\/259274\/revisions"}],"predecessor-version":[{"id":259276,"href":"https:\/\/www.ecuadortimes.net\/es\/wp-json\/wp\/v2\/posts\/259274\/revisions\/259276"}],"wp:featuredmedia":[{"embeddable":true,"href":"https:\/\/www.ecuadortimes.net\/es\/wp-json\/wp\/v2\/media\/259275"}],"wp:attachment":[{"href":"https:\/\/www.ecuadortimes.net\/es\/wp-json\/wp\/v2\/media?parent=259274"}],"wp:term":[{"taxonomy":"category","embeddable":true,"href":"https:\/\/www.ecuadortimes.net\/es\/wp-json\/wp\/v2\/categories?post=259274"},{"taxonomy":"post_tag","embeddable":true,"href":"https:\/\/www.ecuadortimes.net\/es\/wp-json\/wp\/v2\/tags?post=259274"}],"curies":[{"name":"wp","href":"https:\/\/api.w.org\/{rel}","templated":true}]}}