{"id":259293,"date":"2021-10-11T19:56:22","date_gmt":"2021-10-11T19:56:22","guid":{"rendered":"https:\/\/www.ecuadortimes.net\/es\/?p=259293"},"modified":"2021-10-11T19:56:22","modified_gmt":"2021-10-11T19:56:22","slug":"europa-es-un-mercado-estable-para-ecuador","status":"publish","type":"post","link":"https:\/\/www.ecuadortimes.net\/es\/europa-es-un-mercado-estable-para-ecuador\/","title":{"rendered":"\u201cEuropa es un mercado estable para Ecuador\u201d"},"content":{"rendered":"<div class=\"content-modules-container\">\n<p id=\"m103-102-104\" class=\"paragraph \"><em>La feria comercial Expo Europa Virtual 2021, que se realizar\u00e1 del 19 al 22 de octubre de 2021, busca ayudar en la recuperaci\u00f3n econ\u00f3mica de Ecuador, tras la crisis econ\u00f3mica agravada por la pandemia de COVID-19.<\/em><\/p>\n<div id=\"attachment_259294\" style=\"width: 710px\" class=\"wp-caption alignnone\"><img aria-describedby=\"caption-attachment-259294\" loading=\"lazy\" class=\"size-full wp-image-259294\" src=\"https:\/\/www.ecuadortimes.net\/es\/wp-content\/uploads\/2021\/10\/ecuador-times-ecuador-news-europe-is-a-stable-market-for-ecuador.jpeg\" alt=\"\" width=\"700\" height=\"402\" \/><p id=\"caption-attachment-259294\" class=\"wp-caption-text\">Charles-Michel Geurts, embajador de la UE en Ecuador. Entre 2008 y 2013, trabaj\u00f3 en derechos humanos como subdirector de divisi\u00f3n en la Comisi\u00f3n Europea.<\/p><\/div>\n<p id=\"m140-139-141\" class=\"paragraph \"><em>Como parte del evento los participantes podr\u00e1n asistir a conferencias y seminarios virtuales gratuitos organizados por la Uni\u00f3n Europea. Estas jornadas de seminarios tienen el objetivo de profundizar sobre temas del Acuerdo Comercial Uni\u00f3n Europea-Ecuador para aprovechar mejor su implementaci\u00f3n. Los seminarios tambi\u00e9n se realizar\u00e1n entre el 19 y 22 de octubre. M\u00e1s informaci\u00f3n en: https:\/\/expoeuropa.org\/seminarios-ue\/<\/em><\/p>\n<p id=\"m145-144-146\" class=\"paragraph \"><em>Charles-Michel Geurts, embajador de la UE en Ecuador, convers\u00f3 con EXPRESO sobre el evento.<\/em><\/p>\n<p id=\"m150-149-151\" class=\"paragraph \"><strong>&#8211; \u00bfQu\u00e9 busca el evento?<\/strong><\/p>\n<p id=\"m155-154-156\" class=\"paragraph \">&#8211; Es un evento mayor que busca unir fuerzas con todas las c\u00e1maras binacionales de pa\u00edses europeos y Ecuador para presentar a Ecuador y la Uni\u00f3n Europea una gran oferta de empresas, lazos comerciales, quiz\u00e1 inversiones. Es el mayor evento de su tipo en la regi\u00f3n. En segundo lugar, es muy importante hacerlo ahora cuando vemos se\u00f1ales muy tangibles de recuperaci\u00f3n econ\u00f3mica en Europa como aqu\u00ed en Ecuador, gracias al proceso exitoso de vacunaci\u00f3n. Es un momento muy oportuno para hacer esta feria comercial de gran tama\u00f1o entre Ecuador, la regi\u00f3n y la UE.<\/p>\n<p id=\"m160-159-161\" class=\"paragraph \"><strong>&#8211; \u00bfC\u00f3mo se mira a Ecuador en estos momentos? El actual r\u00e9gimen busca impulsar las inversiones.<\/strong><\/p>\n<p id=\"m196-195-197\" class=\"paragraph \">&#8211; Me parece que el lema del nuevo Gobierno:\u201cM\u00e1s Ecuador en el mundo, m\u00e1s mundo en el Ecuador\u201d corresponde muy bien a la experiencia que Ecuador y la Uni\u00f3n Europea poseen de su acuerdo comercial que ya tiene cuatro a\u00f1os. Me parece que en esos cuatro a\u00f1os se ha demostrado que el acuerdo puede ser un modelo de apertura econ\u00f3mica en beneficio de Ecuador y de su socio comercial, la UE. Hemos visto un incremento anual de las exportaciones de Ecuador a la UE. Hemos visto tambi\u00e9n este incremento en tiempos de crisis y en la primera parte de 2021 el comercio bilateral sigue creciendo m\u00e1s de 2 %. Es ganar-ganar.<\/p>\n<p id=\"m201-200-202\" class=\"paragraph \"><strong>&#8211; \u00bfQu\u00e9 expectativas puede haber para los productos ecuatorianos?<\/strong><\/p>\n<p id=\"m206-205-207\" class=\"paragraph \">&#8211; De Ecuador hacia la UE, vemos que es el mayor mercado de exportaci\u00f3n no petrolero del pa\u00eds. Hablamos de las exportaciones emblem\u00e1ticas que son el camar\u00f3n, el banano, el at\u00fan, el cacao, las flores, por ejemplo. Que han mantenido y fortalecido su posici\u00f3n en el mercado europeo, incluyendo en el tiempo de crisis, en 2020. Eso significa que hay un mercado estable en la UE para las exportaciones de Ecuador porque son productos que no producimos en Europa. La complementariedad es uno de los factores esenciales del acuerdo comercial entre nuestras econom\u00edas. Pero al lado de esas exportaciones emblem\u00e1ticas vemos una diversificaci\u00f3n de exportaciones del Ecuador hacia productos con m\u00e1s valor agregado con un nivel de transformaci\u00f3n. Con ayuda de la Corporaci\u00f3n de Promoci\u00f3n de Exportaciones e Inversiones (Corpei), vemos una diversificaci\u00f3n de unos 200 nuevos productos de Ecuador en la UE.<\/p>\n<\/div>\n<p><a href=\"https:\/\/www.expreso.ec\/actualidad\/economia\/europa-mercado-estable-ecuador-113429.html\">https:\/\/www.expreso.ec\/actualidad\/economia\/europa-mercado-estable-ecuador-113429.html<\/a><\/p>\n","protected":false},"excerpt":{"rendered":"<p>La feria comercial Expo Europa Virtual 2021, que se realizar\u00e1 del 19 al 22 de octubre de 2021, busca ayudar en la recuperaci\u00f3n econ\u00f3mica de Ecuador, tras la crisis econ\u00f3mica agravada por la pandemia de COVID-19. Como parte del evento los participantes podr\u00e1n asistir a conferencias y seminarios virtuales gratuitos organizados por la Uni\u00f3n Europea. Estas jornadas de seminarios tienen el objetivo de profundizar sobre temas del Acuerdo Comercial Uni\u00f3n Europea-Ecuador para aprovechar mejor su implementaci\u00f3n. Los seminarios tambi\u00e9n se realizar\u00e1n entre el 19 y 22 de octubre. M\u00e1s informaci\u00f3n en: https:\/\/expoeuropa.org\/seminarios-ue\/ Charles-Michel Geurts, embajador de la UE en Ecuador, convers\u00f3 con EXPRESO sobre el evento. &#8211; \u00bfQu\u00e9 busca el evento? &#8211; Es un evento mayor que busca unir fuerzas con todas las c\u00e1maras binacionales de pa\u00edses europeos y Ecuador para presentar a Ecuador y la Uni\u00f3n Europea una gran oferta de empresas, lazos comerciales, quiz\u00e1 inversiones. Es el mayor evento de su tipo en la regi\u00f3n. En segundo lugar, es muy importante hacerlo ahora cuando vemos se\u00f1ales muy tangibles de recuperaci\u00f3n econ\u00f3mica en Europa como aqu\u00ed en Ecuador, gracias al proceso exitoso de vacunaci\u00f3n. Es un momento muy oportuno para hacer esta feria comercial de gran tama\u00f1o entre Ecuador, la regi\u00f3n y la UE. &#8211; \u00bfC\u00f3mo se mira a Ecuador en estos momentos? El actual r\u00e9gimen busca impulsar las inversiones. &#8211; Me parece que el lema del nuevo Gobierno:\u201cM\u00e1s Ecuador en el mundo, m\u00e1s mundo en el Ecuador\u201d corresponde muy bien a la experiencia que Ecuador y la Uni\u00f3n Europea poseen de su acuerdo comercial que ya tiene cuatro a\u00f1os. Me parece que en esos cuatro a\u00f1os se ha demostrado que el acuerdo puede ser un modelo de apertura econ\u00f3mica en beneficio de Ecuador y de su socio comercial, la UE. Hemos visto un incremento anual de las exportaciones de Ecuador a la UE. Hemos visto tambi\u00e9n este incremento en tiempos de crisis y en la primera parte de 2021 el comercio bilateral sigue creciendo m\u00e1s de 2 %. Es ganar-ganar. &#8211; \u00bfQu\u00e9 expectativas puede haber para los productos ecuatorianos? &#8211; De Ecuador hacia la UE, vemos que es el mayor mercado de exportaci\u00f3n no petrolero del pa\u00eds. Hablamos de las exportaciones emblem\u00e1ticas que son el camar\u00f3n, el banano, el at\u00fan, el cacao, las flores, por ejemplo. Que han mantenido y fortalecido su posici\u00f3n en el mercado europeo, incluyendo en el tiempo de crisis, en 2020. Eso significa que hay un mercado estable en la UE para las exportaciones de Ecuador porque son productos que no producimos en Europa. La complementariedad es uno de los factores esenciales del acuerdo comercial entre nuestras econom\u00edas. Pero al lado de esas exportaciones emblem\u00e1ticas vemos una diversificaci\u00f3n de exportaciones del Ecuador hacia productos con m\u00e1s valor agregado con un nivel de transformaci\u00f3n. Con ayuda de la Corporaci\u00f3n de Promoci\u00f3n de Exportaciones e Inversiones (Corpei), vemos una diversificaci\u00f3n de unos 200 nuevos productos de Ecuador en la UE. https:\/\/www.expreso.ec\/actualidad\/economia\/europa-mercado-estable-ecuador-113429.html<\/p>\n","protected":false},"author":1,"featured_media":259294,"comment_status":"closed","ping_status":"closed","sticky":false,"template":"","format":"standard","meta":[],"categories":[43,23],"tags":[],"_links":{"self":[{"href":"https:\/\/www.ecuadortimes.net\/es\/wp-json\/wp\/v2\/posts\/259293"}],"collection":[{"href":"https:\/\/www.ecuadortimes.net\/es\/wp-json\/wp\/v2\/posts"}],"about":[{"href":"https:\/\/www.ecuadortimes.net\/es\/wp-json\/wp\/v2\/types\/post"}],"author":[{"embeddable":true,"href":"https:\/\/www.ecuadortimes.net\/es\/wp-json\/wp\/v2\/users\/1"}],"replies":[{"embeddable":true,"href":"https:\/\/www.ecuadortimes.net\/es\/wp-json\/wp\/v2\/comments?post=259293"}],"version-history":[{"count":1,"href":"https:\/\/www.ecuadortimes.net\/es\/wp-json\/wp\/v2\/posts\/259293\/revisions"}],"predecessor-version":[{"id":259295,"href":"https:\/\/www.ecuadortimes.net\/es\/wp-json\/wp\/v2\/posts\/259293\/revisions\/259295"}],"wp:featuredmedia":[{"embeddable":true,"href":"https:\/\/www.ecuadortimes.net\/es\/wp-json\/wp\/v2\/media\/259294"}],"wp:attachment":[{"href":"https:\/\/www.ecuadortimes.net\/es\/wp-json\/wp\/v2\/media?parent=259293"}],"wp:term":[{"taxonomy":"category","embeddable":true,"href":"https:\/\/www.ecuadortimes.net\/es\/wp-json\/wp\/v2\/categories?post=259293"},{"taxonomy":"post_tag","embeddable":true,"href":"https:\/\/www.ecuadortimes.net\/es\/wp-json\/wp\/v2\/tags?post=259293"}],"curies":[{"name":"wp","href":"https:\/\/api.w.org\/{rel}","templated":true}]}}