{"id":259308,"date":"2021-10-12T20:37:59","date_gmt":"2021-10-12T20:37:59","guid":{"rendered":"https:\/\/www.ecuadortimes.net\/es\/?p=259308"},"modified":"2021-10-12T20:37:59","modified_gmt":"2021-10-12T20:37:59","slug":"anuga-una-vitrina-al-mundo-para-los-productos-procesados-de-16-empresas-ecuatorianas","status":"publish","type":"post","link":"https:\/\/www.ecuadortimes.net\/es\/anuga-una-vitrina-al-mundo-para-los-productos-procesados-de-16-empresas-ecuatorianas\/","title":{"rendered":"ANUGA, una vitrina al mundo para los productos procesados de 16 empresas ecuatorianas"},"content":{"rendered":"<section class=\"article-body prose prose-lg md:prose mx-auto space-y-3 font-primary\">\n<p class=\"prose-text\">La transformaci\u00f3n que inevitablemente ha debido tener la alimentaci\u00f3n, acelerada por el COVID-19, hasta alcanzar un cambio global, es uno de los temas principales en la edici\u00f3n 2021 de ANUGA, la feria de los productos alimenticios procesados en la cual, con la coordinaci\u00f3n de la Corporaci\u00f3n de Promoci\u00f3n de Exportaciones e Inversiones (Corpei) y el Ministerio de Producci\u00f3n, Comercio Exterior, Inversiones y Pesca, est\u00e1n presentes 16 empresas ecuatorianas, hasta este mi\u00e9rcoles 13 de octubre.<\/p>\n<div id=\"attachment_259309\" style=\"width: 1015px\" class=\"wp-caption alignnone\"><img aria-describedby=\"caption-attachment-259309\" loading=\"lazy\" class=\"size-full wp-image-259309\" src=\"https:\/\/www.ecuadortimes.net\/es\/wp-content\/uploads\/2021\/10\/ecuador-times-ecuador-news-anuga-a-showcase-to-the-world-for-the-processed-products-of-16-ecuadorian-companies.jpg\" alt=\"\" width=\"1005\" height=\"670\" \/><p id=\"caption-attachment-259309\" class=\"wp-caption-text\">El pabell\u00f3n de Ecuador cuenta con aproximadamente 170 m2, el cual ha sido coordinado desde inicios de 2021 y es parte de una planificaci\u00f3n estrat\u00e9gica de eventos de promoci\u00f3n internacional para fortalecer y posicionar las exportaciones y reactivar la econom\u00eda del pa\u00eds.<\/p><\/div>\n<p class=\"prose-text\">Para<b> Jean Pierre Grandes, gerente general de Nindalgo S.A., <\/b>participar en esta feria internacional significa ampliar sus mercados y conectar con ese consumidor que demanda una alimentaci\u00f3n saludable; esta empresa exporta chochos en diferentes presentaciones, tales como harina y con coberturas actualmente y su destino principal es Estados Unidos.<\/p>\n<p class=\"prose-text\">\u201cDesde hace tres a\u00f1os hab\u00edamos buscado ser parte de ANUGA; esta es nuestra segunda participaci\u00f3n en un evento internacional y hasta el momento las expectativas se est\u00e1n cumpliendo. Al d\u00eda recibimos entre 20 y 25 clientes potenciales que realmente se interesan por este superalimento\u201d, manifest\u00f3.<\/p>\n<p class=\"prose-text\">Este encuentro internacional pretende reconectar, a trav\u00e9s de sus diez ferias tem\u00e1ticas internas, a la oferta y demanda de la industria de alimentos y bebidas procesadas, mostrando las \u00faltimas tendencias tecnol\u00f3gicas y de innovaci\u00f3n.<\/p>\n<p class=\"prose-text\">En la anterior edici\u00f3n realizada en el 2019, en ANUGA hubo m\u00e1s de 170.000 visitantes profesionales procedentes de 201 pa\u00edses, y 7.590 empresas expositoras de 106 pa\u00edses. Para esta nueva edici\u00f3n, tomando en cuenta la pandemia a causa del COVID-19, esta vitrina global recibe a m\u00e1s de 4.000 expositores de 98 pa\u00edses.<\/p>\n<div class=\"flex justify-center\" data-oembed-type=\"twitter\">\n<div class=\"twitter-tweet twitter-tweet-rendered\" style=\"display: flex; max-width: 550px; width: 100%; margin-top: 10px; margin-bottom: 10px;\"><iframe id=\"twitter-widget-0\" class=\"\" style=\"position: static; visibility: visible; width: 550px; height: 610px; display: block; flex-grow: 1;\" title=\"Twitter Tweet\" src=\"https:\/\/platform.twitter.com\/embed\/Tweet.html?creatorScreenName=eluniversocom&amp;creatorUserId=1597931854&amp;dnt=false&amp;embedId=twitter-widget-0&amp;features=eyJ0ZndfZXhwZXJpbWVudHNfY29va2llX2V4cGlyYXRpb24iOnsiYnVja2V0IjoxMjA5NjAwLCJ2ZXJzaW9uIjpudWxsfSwidGZ3X2hvcml6b25fdHdlZXRfZW1iZWRfOTU1NSI6eyJidWNrZXQiOiJodGUiLCJ2ZXJzaW9uIjpudWxsfSwidGZ3X3NwYWNlX2NhcmQiOnsiYnVja2V0Ijoib2ZmIiwidmVyc2lvbiI6bnVsbH19&amp;frame=false&amp;hideCard=false&amp;hideThread=false&amp;id=1446962402663145474&amp;lang=es&amp;origin=https%3A%2F%2Fwww.eluniverso.com%2Fnoticias%2Feconomia%2Fanuga-una-vitrina-al-mundo-para-los-productos-procesados-de-16-empresas-ecuatorianas-nota%2F&amp;sessionId=c6c4027e5e93412f3c30991ca47ea3ffd62ff19d&amp;siteScreenName=eluniversocom&amp;siteUserId=1597931854&amp;theme=light&amp;widgetsVersion=fcb1942%3A1632982954711&amp;width=550px\" frameborder=\"0\" scrolling=\"no\" allowfullscreen=\"allowfullscreen\" data-tweet-id=\"1446962402663145474\"><\/iframe><\/div>\n<p><script async=\"\" src=\"https:\/\/platform.twitter.com\/widgets.js\" charset=\"utf-8\"><\/script><\/p>\n<\/div>\n<p class=\"prose-text\">Adem\u00e1s, en ANUGA 2021 las tendencias actuales y futuras desempe\u00f1an un papel importante en diferentes exhibiciones, por ello<b> Xavier Hervas, excandidato presidencial, en su faceta de presidente de Nova Alimentos S.A.,<\/b> empresa dedicada a la comercializaci\u00f3n y exportaci\u00f3n de frutas y verduras frescas congeladas, ha acudido por cuarta vez a este evento.<\/p>\n<p class=\"prose-text\">\u201cAsistir nos da la oportunidad de visitar a otras empresas que est\u00e1n en el negocio y conocer tendencias en cuanto al desarrollo de los productos, es as\u00ed como estar en esta feria no solo te enriquece en temas comerciales, sino en t\u00e9rminos estrat\u00e9gicos\u201d. Adicionalmente, declara que esperaba menos concurrencia, sin embargo, ha habido una respuesta positiva por parte de los visitantes. \u201cLa calidad de las reuniones ha sido de alto nivel, lo que confirma la importancia de ANUGA\u201d, sostiene el empresario, que ha mantenido reuniones con potenciales clientes de Canad\u00e1, Israel, Jap\u00f3n, Alemania, Rusia, entre otros.<\/p>\n<p class=\"prose-text\">El pabell\u00f3n de Ecuador cuenta con aproximadamente 170 m2, ha sido coordinado desde inicios del 2021 y es parte de una planificaci\u00f3n estrat\u00e9gica de eventos de promoci\u00f3n internacional para fortalecer y posicionar las exportaciones y reactivar la econom\u00eda del pa\u00eds.<\/p>\n<p class=\"prose-text\">La presencia ecuatoriana en Colonia busca fortalecer la oferta exportable y colocarla en diferentes destinos a nivel mundial. Las 16 empresas ecuatorianas presentes procesan y exportan quinoa, especias, pescado, camar\u00f3n, at\u00fan, premezclas, <i>snacks<\/i> de banano, de pitahaya, y de quinoa, aceite de coco, frutas y verduras IQF, chochos, pulpas de frutas, entre otros. (I)<\/p>\n<\/section>\n<p><a href=\"https:\/\/www.eluniverso.com\/noticias\/economia\/anuga-una-vitrina-al-mundo-para-los-productos-procesados-de-16-empresas-ecuatorianas-nota\/?modulo=destacadas-tres&amp;plantilla=home\">https:\/\/www.eluniverso.com\/noticias\/economia\/anuga-una-vitrina-al-mundo-para-los-productos-procesados-de-16-empresas-ecuatorianas-nota\/?modulo=destacadas-tres&amp;plantilla=home<\/a><\/p>\n","protected":false},"excerpt":{"rendered":"<p>La transformaci\u00f3n que inevitablemente ha debido tener la alimentaci\u00f3n, acelerada por el COVID-19, hasta alcanzar un cambio global, es uno de los temas principales en la edici\u00f3n 2021 de ANUGA, la feria de los productos alimenticios procesados en la cual, con la coordinaci\u00f3n de la Corporaci\u00f3n de Promoci\u00f3n de Exportaciones e Inversiones (Corpei) y el Ministerio de Producci\u00f3n, Comercio Exterior, Inversiones y Pesca, est\u00e1n presentes 16 empresas ecuatorianas, hasta este mi\u00e9rcoles 13 de octubre. Para Jean Pierre Grandes, gerente general de Nindalgo S.A., participar en esta feria internacional significa ampliar sus mercados y conectar con ese consumidor que demanda una alimentaci\u00f3n saludable; esta empresa exporta chochos en diferentes presentaciones, tales como harina y con coberturas actualmente y su destino principal es Estados Unidos. \u201cDesde hace tres a\u00f1os hab\u00edamos buscado ser parte de ANUGA; esta es nuestra segunda participaci\u00f3n en un evento internacional y hasta el momento las expectativas se est\u00e1n cumpliendo. Al d\u00eda recibimos entre 20 y 25 clientes potenciales que realmente se interesan por este superalimento\u201d, manifest\u00f3. Este encuentro internacional pretende reconectar, a trav\u00e9s de sus diez ferias tem\u00e1ticas internas, a la oferta y demanda de la industria de alimentos y bebidas procesadas, mostrando las \u00faltimas tendencias tecnol\u00f3gicas y de innovaci\u00f3n. En la anterior edici\u00f3n realizada en el 2019, en ANUGA hubo m\u00e1s de 170.000 visitantes profesionales procedentes de 201 pa\u00edses, y 7.590 empresas expositoras de 106 pa\u00edses. Para esta nueva edici\u00f3n, tomando en cuenta la pandemia a causa del COVID-19, esta vitrina global recibe a m\u00e1s de 4.000 expositores de 98 pa\u00edses. Adem\u00e1s, en ANUGA 2021 las tendencias actuales y futuras desempe\u00f1an un papel importante en diferentes exhibiciones, por ello Xavier Hervas, excandidato presidencial, en su faceta de presidente de Nova Alimentos S.A., empresa dedicada a la comercializaci\u00f3n y exportaci\u00f3n de frutas y verduras frescas congeladas, ha acudido por cuarta vez a este evento. \u201cAsistir nos da la oportunidad de visitar a otras empresas que est\u00e1n en el negocio y conocer tendencias en cuanto al desarrollo de los productos, es as\u00ed como estar en esta feria no solo te enriquece en temas comerciales, sino en t\u00e9rminos estrat\u00e9gicos\u201d. Adicionalmente, declara que esperaba menos concurrencia, sin embargo, ha habido una respuesta positiva por parte de los visitantes. \u201cLa calidad de las reuniones ha sido de alto nivel, lo que confirma la importancia de ANUGA\u201d, sostiene el empresario, que ha mantenido reuniones con potenciales clientes de Canad\u00e1, Israel, Jap\u00f3n, Alemania, Rusia, entre otros. El pabell\u00f3n de Ecuador cuenta con aproximadamente 170 m2, ha sido coordinado desde inicios del 2021 y es parte de una planificaci\u00f3n estrat\u00e9gica de eventos de promoci\u00f3n internacional para fortalecer y posicionar las exportaciones y reactivar la econom\u00eda del pa\u00eds. La presencia ecuatoriana en Colonia busca fortalecer la oferta exportable y colocarla en diferentes destinos a nivel mundial. Las 16 empresas ecuatorianas presentes procesan y exportan quinoa, especias, pescado, camar\u00f3n, at\u00fan, premezclas, snacks de banano, de pitahaya, y de quinoa, aceite de coco, frutas y verduras IQF, chochos, pulpas de frutas, entre otros. (I) https:\/\/www.eluniverso.com\/noticias\/economia\/anuga-una-vitrina-al-mundo-para-los-productos-procesados-de-16-empresas-ecuatorianas-nota\/?modulo=destacadas-tres&amp;plantilla=home<\/p>\n","protected":false},"author":1,"featured_media":259309,"comment_status":"closed","ping_status":"closed","sticky":false,"template":"","format":"standard","meta":[],"categories":[43,24],"tags":[],"_links":{"self":[{"href":"https:\/\/www.ecuadortimes.net\/es\/wp-json\/wp\/v2\/posts\/259308"}],"collection":[{"href":"https:\/\/www.ecuadortimes.net\/es\/wp-json\/wp\/v2\/posts"}],"about":[{"href":"https:\/\/www.ecuadortimes.net\/es\/wp-json\/wp\/v2\/types\/post"}],"author":[{"embeddable":true,"href":"https:\/\/www.ecuadortimes.net\/es\/wp-json\/wp\/v2\/users\/1"}],"replies":[{"embeddable":true,"href":"https:\/\/www.ecuadortimes.net\/es\/wp-json\/wp\/v2\/comments?post=259308"}],"version-history":[{"count":1,"href":"https:\/\/www.ecuadortimes.net\/es\/wp-json\/wp\/v2\/posts\/259308\/revisions"}],"predecessor-version":[{"id":259310,"href":"https:\/\/www.ecuadortimes.net\/es\/wp-json\/wp\/v2\/posts\/259308\/revisions\/259310"}],"wp:featuredmedia":[{"embeddable":true,"href":"https:\/\/www.ecuadortimes.net\/es\/wp-json\/wp\/v2\/media\/259309"}],"wp:attachment":[{"href":"https:\/\/www.ecuadortimes.net\/es\/wp-json\/wp\/v2\/media?parent=259308"}],"wp:term":[{"taxonomy":"category","embeddable":true,"href":"https:\/\/www.ecuadortimes.net\/es\/wp-json\/wp\/v2\/categories?post=259308"},{"taxonomy":"post_tag","embeddable":true,"href":"https:\/\/www.ecuadortimes.net\/es\/wp-json\/wp\/v2\/tags?post=259308"}],"curies":[{"name":"wp","href":"https:\/\/api.w.org\/{rel}","templated":true}]}}