{"id":259311,"date":"2021-10-13T17:18:58","date_gmt":"2021-10-13T17:18:58","guid":{"rendered":"https:\/\/www.ecuadortimes.net\/es\/?p=259311"},"modified":"2021-10-13T17:18:58","modified_gmt":"2021-10-13T17:18:58","slug":"en-septiembre-se-colocaron-12-135-vehiculos-la-mayor-venta-en-lo-que-va-de-la-pandemia","status":"publish","type":"post","link":"https:\/\/www.ecuadortimes.net\/es\/en-septiembre-se-colocaron-12-135-vehiculos-la-mayor-venta-en-lo-que-va-de-la-pandemia\/","title":{"rendered":"En septiembre se colocaron 12.135 veh\u00edculos, la mayor venta en lo que va de la pandemia"},"content":{"rendered":"<section class=\"article-body prose prose-lg md:prose mx-auto space-y-3 font-primary\">\n<p class=\"prose-text\">El sector automotor alcanz\u00f3 en septiembre la mejor venta mensual de lo que va de la pandemia y super\u00f3 ya incluso al mejor mes del 2019.<\/p>\n<div id=\"attachment_259312\" style=\"width: 1290px\" class=\"wp-caption alignnone\"><img aria-describedby=\"caption-attachment-259312\" loading=\"lazy\" class=\"size-full wp-image-259312\" src=\"https:\/\/www.ecuadortimes.net\/es\/wp-content\/uploads\/2021\/10\/ecuador-times-ecuador-news-12135-vehicles-were-placed-in-september-the-highest-sale-so-far-in-the-pandemic.jpg\" alt=\"\" width=\"1280\" height=\"621\" \/><p id=\"caption-attachment-259312\" class=\"wp-caption-text\">La venta de autom\u00f3viles se va recuperando en Ecuador. En septiembre se vendi\u00f3 la cifra m\u00e1s alta del 2021.<\/p><\/div>\n<p class=\"prose-text\">Los datos de la Asociaci\u00f3n Ecuatoriana de Empresas Automotrices del Ecuador (Aeade) refieren que las ventas de septiembre alcanzaron 12.135 veh\u00edculos nuevos.<\/p>\n<p class=\"prose-text\">Esa cifra representa la mejor colocaci\u00f3n de los \u00faltimos 17 meses desde que comenz\u00f3 el COVID-19. Lo m\u00e1s alto que se hab\u00eda alcanzado en este lapso eran 10.779 en junio pasado.<\/p>\n<p class=\"prose-text\">Para el sector, la comercializaci\u00f3n de septiembre de este a\u00f1o supera ligeramente los niveles de julio del 2019, cuando se vendieron 12.052 unidades.<\/p>\n<p class=\"prose-text\">En septiembre, los veh\u00edculos livianos presentaron un mayor crecimiento interanual que los veh\u00edculos comerciales, 58 % y 32 %, respectivamente. En relaci\u00f3n con el mes anterior (agosto de 2021), los veh\u00edculos livianos y comerciales registraron un crecimiento del 16 % y 23 %, respectivamente.<\/p>\n<p class=\"prose-text\">Dentro del segmento de veh\u00edculos livianos, las camionetas registraron el mayor crecimiento interanual, el 47 % mayor a lo registrado en el mismo mes del a\u00f1o anterior, seg\u00fan datos del gremio automotor.<\/p>\n<p class=\"prose-text\">Mientras que el segmento de las vanes registr\u00f3 el mayor crecimiento interanual (43 %) entre los veh\u00edculos comerciales. Por otra parte, los camiones presentaron el mayor crecimiento mensual de 29 %. El segmento de buses presenta un decrecimiento tanto mensual como interanual, 12 % en los dos casos.<\/p>\n<p class=\"prose-text\">Porcentualmente, las ventas de veh\u00edculos nuevos de septiembre de 2021 representan un crecimiento interanual del 40 % frente al mismo mes de 2020 y un crecimiento mensual de 16 % con relaci\u00f3n al mes anterior (agosto de 2021). En el acumulado enero-septiembre se reporta un crecimiento del 54 %.<\/p>\n<table class=\"prose-table\">\n<tbody>\n<tr>\n<th>Ventas de veh\u00edculos en Ecuador<\/th>\n<th>2020<\/th>\n<th>2021<\/th>\n<\/tr>\n<tr>\n<td>Enero<\/td>\n<td>10.212<\/td>\n<td>8.491<\/td>\n<\/tr>\n<tr>\n<td>Febrero<\/td>\n<td>9.412<\/td>\n<td>8.100<\/td>\n<\/tr>\n<tr>\n<td>Marzo<\/td>\n<td>3.573<\/td>\n<td>9.789<\/td>\n<\/tr>\n<tr>\n<td>Abril<\/td>\n<td>761<\/td>\n<td>8.633<\/td>\n<\/tr>\n<tr>\n<td>Mayo<\/td>\n<td>2.861<\/td>\n<td>9.139<\/td>\n<\/tr>\n<tr>\n<td>Junio<\/td>\n<td>6.366<\/td>\n<td>10.779<\/td>\n<\/tr>\n<tr>\n<td>Julio<\/td>\n<td>7.567<\/td>\n<td>10.673<\/td>\n<\/tr>\n<tr>\n<td>Agosto<\/td>\n<td>7.686<\/td>\n<td>10.423<\/td>\n<\/tr>\n<tr>\n<td>Septiembre<\/td>\n<td>8.665<\/td>\n<td>12.135<\/td>\n<\/tr>\n<tr>\n<td>Octubre<\/td>\n<td>9.224<\/td>\n<td><\/td>\n<\/tr>\n<tr>\n<td>Noviembre<\/td>\n<td>9.941<\/td>\n<td><\/td>\n<\/tr>\n<tr>\n<td>Diciembre<\/td>\n<td>9.550<\/td>\n<td><\/td>\n<\/tr>\n<tr>\n<td>Fuente: Aeade<\/td>\n<td><\/td>\n<td><\/td>\n<\/tr>\n<\/tbody>\n<\/table>\n<p class=\"prose-text\">En el acumulado total, las ventas de veh\u00edculos nuevos suman 88.165 unidades, lo que ya supera todas las unidades del a\u00f1o pasado, que fueron 85.818.<\/p>\n<p class=\"prose-text\">A nivel de marcas, Chevrolet, Kia, Hyundai, Toyota y Great Wall son las marcas que m\u00e1s unidades han colocado en lo que va del a\u00f1o. (I)<\/p>\n<\/section>\n<p><a href=\"https:\/\/www.eluniverso.com\/noticias\/economia\/en-septiembre-se-colocaron-12135-carros-la-mayor-venta-en-lo-que-va-de-la-pandemia-nota\/\">https:\/\/www.eluniverso.com\/noticias\/economia\/en-septiembre-se-colocaron-12135-carros-la-mayor-venta-en-lo-que-va-de-la-pandemia-nota\/<\/a><\/p>\n","protected":false},"excerpt":{"rendered":"<p>El sector automotor alcanz\u00f3 en septiembre la mejor venta mensual de lo que va de la pandemia y super\u00f3 ya incluso al mejor mes del 2019. Los datos de la Asociaci\u00f3n Ecuatoriana de Empresas Automotrices del Ecuador (Aeade) refieren que las ventas de septiembre alcanzaron 12.135 veh\u00edculos nuevos. Esa cifra representa la mejor colocaci\u00f3n de los \u00faltimos 17 meses desde que comenz\u00f3 el COVID-19. Lo m\u00e1s alto que se hab\u00eda alcanzado en este lapso eran 10.779 en junio pasado. Para el sector, la comercializaci\u00f3n de septiembre de este a\u00f1o supera ligeramente los niveles de julio del 2019, cuando se vendieron 12.052 unidades. En septiembre, los veh\u00edculos livianos presentaron un mayor crecimiento interanual que los veh\u00edculos comerciales, 58 % y 32 %, respectivamente. En relaci\u00f3n con el mes anterior (agosto de 2021), los veh\u00edculos livianos y comerciales registraron un crecimiento del 16 % y 23 %, respectivamente. Dentro del segmento de veh\u00edculos livianos, las camionetas registraron el mayor crecimiento interanual, el 47 % mayor a lo registrado en el mismo mes del a\u00f1o anterior, seg\u00fan datos del gremio automotor. Mientras que el segmento de las vanes registr\u00f3 el mayor crecimiento interanual (43 %) entre los veh\u00edculos comerciales. Por otra parte, los camiones presentaron el mayor crecimiento mensual de 29 %. El segmento de buses presenta un decrecimiento tanto mensual como interanual, 12 % en los dos casos. Porcentualmente, las ventas de veh\u00edculos nuevos de septiembre de 2021 representan un crecimiento interanual del 40 % frente al mismo mes de 2020 y un crecimiento mensual de 16 % con relaci\u00f3n al mes anterior (agosto de 2021). En el acumulado enero-septiembre se reporta un crecimiento del 54 %. Ventas de veh\u00edculos en Ecuador 2020 2021 Enero 10.212 8.491 Febrero 9.412 8.100 Marzo 3.573 9.789 Abril 761 8.633 Mayo 2.861 9.139 Junio 6.366 10.779 Julio 7.567 10.673 Agosto 7.686 10.423 Septiembre 8.665 12.135 Octubre 9.224 Noviembre 9.941 Diciembre 9.550 Fuente: Aeade En el acumulado total, las ventas de veh\u00edculos nuevos suman 88.165 unidades, lo que ya supera todas las unidades del a\u00f1o pasado, que fueron 85.818. A nivel de marcas, Chevrolet, Kia, Hyundai, Toyota y Great Wall son las marcas que m\u00e1s unidades han colocado en lo que va del a\u00f1o. (I) https:\/\/www.eluniverso.com\/noticias\/economia\/en-septiembre-se-colocaron-12135-carros-la-mayor-venta-en-lo-que-va-de-la-pandemia-nota\/<\/p>\n","protected":false},"author":1,"featured_media":259312,"comment_status":"closed","ping_status":"closed","sticky":false,"template":"","format":"standard","meta":[],"categories":[43,23],"tags":[],"_links":{"self":[{"href":"https:\/\/www.ecuadortimes.net\/es\/wp-json\/wp\/v2\/posts\/259311"}],"collection":[{"href":"https:\/\/www.ecuadortimes.net\/es\/wp-json\/wp\/v2\/posts"}],"about":[{"href":"https:\/\/www.ecuadortimes.net\/es\/wp-json\/wp\/v2\/types\/post"}],"author":[{"embeddable":true,"href":"https:\/\/www.ecuadortimes.net\/es\/wp-json\/wp\/v2\/users\/1"}],"replies":[{"embeddable":true,"href":"https:\/\/www.ecuadortimes.net\/es\/wp-json\/wp\/v2\/comments?post=259311"}],"version-history":[{"count":1,"href":"https:\/\/www.ecuadortimes.net\/es\/wp-json\/wp\/v2\/posts\/259311\/revisions"}],"predecessor-version":[{"id":259313,"href":"https:\/\/www.ecuadortimes.net\/es\/wp-json\/wp\/v2\/posts\/259311\/revisions\/259313"}],"wp:featuredmedia":[{"embeddable":true,"href":"https:\/\/www.ecuadortimes.net\/es\/wp-json\/wp\/v2\/media\/259312"}],"wp:attachment":[{"href":"https:\/\/www.ecuadortimes.net\/es\/wp-json\/wp\/v2\/media?parent=259311"}],"wp:term":[{"taxonomy":"category","embeddable":true,"href":"https:\/\/www.ecuadortimes.net\/es\/wp-json\/wp\/v2\/categories?post=259311"},{"taxonomy":"post_tag","embeddable":true,"href":"https:\/\/www.ecuadortimes.net\/es\/wp-json\/wp\/v2\/tags?post=259311"}],"curies":[{"name":"wp","href":"https:\/\/api.w.org\/{rel}","templated":true}]}}