{"id":259323,"date":"2021-10-14T20:42:08","date_gmt":"2021-10-14T20:42:08","guid":{"rendered":"https:\/\/www.ecuadortimes.net\/es\/?p=259323"},"modified":"2021-10-14T20:42:08","modified_gmt":"2021-10-14T20:42:08","slug":"con-inversion-de-85-millones-la-espanola-construye-nueva-planta-de-carnicos","status":"publish","type":"post","link":"https:\/\/www.ecuadortimes.net\/es\/con-inversion-de-85-millones-la-espanola-construye-nueva-planta-de-carnicos\/","title":{"rendered":"Con inversi\u00f3n de $ 8,5 millones, La Espa\u00f1ola construye nueva planta de c\u00e1rnicos"},"content":{"rendered":"<section class=\"article-body prose prose-lg md:prose mx-auto space-y-3 font-primary\">\n<p class=\"prose-text\">A partir del pr\u00f3ximo a\u00f1o, el grupo La Espa\u00f1ola tendr\u00e1 una nueva planta procesadora de c\u00e1rnicos que aumentar\u00e1 considerablemente su capacidad de producci\u00f3n.<\/p>\n<div id=\"attachment_259324\" style=\"width: 922px\" class=\"wp-caption alignnone\"><img aria-describedby=\"caption-attachment-259324\" loading=\"lazy\" class=\"size-full wp-image-259324\" src=\"https:\/\/www.ecuadortimes.net\/es\/wp-content\/uploads\/2021\/10\/ecuador-times-ecuador-news-with-an-investment-of-8-5-million-la-espanola-builds-a-new-meat-plant.jpg\" alt=\"\" width=\"912\" height=\"475\" \/><p id=\"caption-attachment-259324\" class=\"wp-caption-text\">Dise\u00f1o de la nueva planta procesadora de c\u00e1rnicos de La Espa\u00f1ola.<\/p><\/div>\n<p class=\"prose-text\">El proyecto est\u00e1 en construcci\u00f3n desde inicios de este a\u00f1o y la empresa prev\u00e9 que est\u00e9 listo en enero del 2022.<\/p>\n<p class=\"prose-text\">Ser\u00e1 una planta tipo 1 con tecnolog\u00eda europea, que tiene un \u00e1rea total de 24.500 m2 y 8.600 m2 de construcci\u00f3n. Se levanta en el sector de la v\u00eda Dur\u00e1n-Yaguachi.<\/p>\n<p class=\"prose-text\">Una vez operativa, su capacidad instalada podr\u00e1 permitir faenar 2.500 reses, 4.000 cerdos, 36.000 pollos y 1.100 toneladas de productos procesados mensuales.<\/p>\n<p class=\"prose-text\">La planta procesadora de c\u00e1rnicos demanda una inversi\u00f3n aproximada de $ 8,5 millones. El 70 % de la maquinaria y equipos de la nueva planta ya forma parte de los activos, por lo que esa inversi\u00f3n no es mayor.<\/p>\n<p class=\"prose-text\">\u201cEs una planta nueva que sustituye a dos plantas operativas actuales, con esta procesadora logramos aumentar en un 240 % nuestra capacidad actual\u201d, sostiene Juan Francisco Tabares, director de Operaciones del grupo La Espa\u00f1ola.<\/p>\n<p class=\"prose-text\">La Espa\u00f1ola es una firma que maneja su marca de embutidos, c\u00e1rnicos y supermercados de carnes. Sus locales est\u00e1n en la Alborada, avenida de las Am\u00e9ricas, Samborond\u00f3n y La Joya, sector de desarrollo en el que entr\u00f3 a competir hace pocos meses. En ese supermercado, que abri\u00f3 a fines del a\u00f1o pasado, destin\u00f3 aproximadamente $ 5 millones.<\/p>\n<p class=\"prose-text\">Precisamente, la nueva planta abastecer\u00e1 a la Unidad de Negocios de Retail que atiende los supermercados operativos y los locales que se vayan aperturando acorde al plan de expansi\u00f3n que tiene el grupo en el mediano y largo plazo.<\/p>\n<p class=\"prose-text\">Adicionalmente, tambi\u00e9n se cubrir\u00e1 la distribuci\u00f3n de la Unidad de Negocio Industrial, que atiende el canal tradicional, food service y mayoristas. Tabares dice que son canales donde est\u00e1n creciendo significativamente en participaci\u00f3n de mercado con su marca de embutidos La Espa\u00f1ola.<\/p>\n<p class=\"prose-text\">El rubro de los supermercados c\u00e1rnicos est\u00e1 en expansi\u00f3n en los \u00faltimos a\u00f1os, con formatos que han ido a nuevos barrios de Guayaquil. En ese ramo compiten Corporaci\u00f3n Fern\u00e1ndez, Del Portal.<\/p>\n<p class=\"prose-text\">Tabares indic\u00f3 que con la operaci\u00f3n de la nueva planta de c\u00e1rnicos se incrementar\u00e1 la n\u00f3mina entre personal administrativo y operativo. (I)<\/p>\n<\/section>\n<p><a href=\"https:\/\/www.eluniverso.com\/noticias\/economia\/con-inversion-de-85-millones-la-espanola-construye-nueva-planta-de-carnicos-nota\/\">https:\/\/www.eluniverso.com\/noticias\/economia\/con-inversion-de-85-millones-la-espanola-construye-nueva-planta-de-carnicos-nota\/<\/a><\/p>\n","protected":false},"excerpt":{"rendered":"<p>A partir del pr\u00f3ximo a\u00f1o, el grupo La Espa\u00f1ola tendr\u00e1 una nueva planta procesadora de c\u00e1rnicos que aumentar\u00e1 considerablemente su capacidad de producci\u00f3n. El proyecto est\u00e1 en construcci\u00f3n desde inicios de este a\u00f1o y la empresa prev\u00e9 que est\u00e9 listo en enero del 2022. Ser\u00e1 una planta tipo 1 con tecnolog\u00eda europea, que tiene un \u00e1rea total de 24.500 m2 y 8.600 m2 de construcci\u00f3n. Se levanta en el sector de la v\u00eda Dur\u00e1n-Yaguachi. Una vez operativa, su capacidad instalada podr\u00e1 permitir faenar 2.500 reses, 4.000 cerdos, 36.000 pollos y 1.100 toneladas de productos procesados mensuales. La planta procesadora de c\u00e1rnicos demanda una inversi\u00f3n aproximada de $ 8,5 millones. El 70 % de la maquinaria y equipos de la nueva planta ya forma parte de los activos, por lo que esa inversi\u00f3n no es mayor. \u201cEs una planta nueva que sustituye a dos plantas operativas actuales, con esta procesadora logramos aumentar en un 240 % nuestra capacidad actual\u201d, sostiene Juan Francisco Tabares, director de Operaciones del grupo La Espa\u00f1ola. La Espa\u00f1ola es una firma que maneja su marca de embutidos, c\u00e1rnicos y supermercados de carnes. Sus locales est\u00e1n en la Alborada, avenida de las Am\u00e9ricas, Samborond\u00f3n y La Joya, sector de desarrollo en el que entr\u00f3 a competir hace pocos meses. En ese supermercado, que abri\u00f3 a fines del a\u00f1o pasado, destin\u00f3 aproximadamente $ 5 millones. Precisamente, la nueva planta abastecer\u00e1 a la Unidad de Negocios de Retail que atiende los supermercados operativos y los locales que se vayan aperturando acorde al plan de expansi\u00f3n que tiene el grupo en el mediano y largo plazo. Adicionalmente, tambi\u00e9n se cubrir\u00e1 la distribuci\u00f3n de la Unidad de Negocio Industrial, que atiende el canal tradicional, food service y mayoristas. Tabares dice que son canales donde est\u00e1n creciendo significativamente en participaci\u00f3n de mercado con su marca de embutidos La Espa\u00f1ola. El rubro de los supermercados c\u00e1rnicos est\u00e1 en expansi\u00f3n en los \u00faltimos a\u00f1os, con formatos que han ido a nuevos barrios de Guayaquil. En ese ramo compiten Corporaci\u00f3n Fern\u00e1ndez, Del Portal. Tabares indic\u00f3 que con la operaci\u00f3n de la nueva planta de c\u00e1rnicos se incrementar\u00e1 la n\u00f3mina entre personal administrativo y operativo. (I) https:\/\/www.eluniverso.com\/noticias\/economia\/con-inversion-de-85-millones-la-espanola-construye-nueva-planta-de-carnicos-nota\/<\/p>\n","protected":false},"author":1,"featured_media":259324,"comment_status":"closed","ping_status":"closed","sticky":false,"template":"","format":"standard","meta":[],"categories":[43,24],"tags":[],"_links":{"self":[{"href":"https:\/\/www.ecuadortimes.net\/es\/wp-json\/wp\/v2\/posts\/259323"}],"collection":[{"href":"https:\/\/www.ecuadortimes.net\/es\/wp-json\/wp\/v2\/posts"}],"about":[{"href":"https:\/\/www.ecuadortimes.net\/es\/wp-json\/wp\/v2\/types\/post"}],"author":[{"embeddable":true,"href":"https:\/\/www.ecuadortimes.net\/es\/wp-json\/wp\/v2\/users\/1"}],"replies":[{"embeddable":true,"href":"https:\/\/www.ecuadortimes.net\/es\/wp-json\/wp\/v2\/comments?post=259323"}],"version-history":[{"count":1,"href":"https:\/\/www.ecuadortimes.net\/es\/wp-json\/wp\/v2\/posts\/259323\/revisions"}],"predecessor-version":[{"id":259325,"href":"https:\/\/www.ecuadortimes.net\/es\/wp-json\/wp\/v2\/posts\/259323\/revisions\/259325"}],"wp:featuredmedia":[{"embeddable":true,"href":"https:\/\/www.ecuadortimes.net\/es\/wp-json\/wp\/v2\/media\/259324"}],"wp:attachment":[{"href":"https:\/\/www.ecuadortimes.net\/es\/wp-json\/wp\/v2\/media?parent=259323"}],"wp:term":[{"taxonomy":"category","embeddable":true,"href":"https:\/\/www.ecuadortimes.net\/es\/wp-json\/wp\/v2\/categories?post=259323"},{"taxonomy":"post_tag","embeddable":true,"href":"https:\/\/www.ecuadortimes.net\/es\/wp-json\/wp\/v2\/tags?post=259323"}],"curies":[{"name":"wp","href":"https:\/\/api.w.org\/{rel}","templated":true}]}}