{"id":259326,"date":"2021-10-14T20:51:51","date_gmt":"2021-10-14T20:51:51","guid":{"rendered":"https:\/\/www.ecuadortimes.net\/es\/?p=259326"},"modified":"2021-10-14T20:51:51","modified_gmt":"2021-10-14T20:51:51","slug":"daniel-noboa-inicia-debate-sobre-la-proteccion-de-datos-privados","status":"publish","type":"post","link":"https:\/\/www.ecuadortimes.net\/es\/daniel-noboa-inicia-debate-sobre-la-proteccion-de-datos-privados\/","title":{"rendered":"Daniel Noboa inicia debate sobre la protecci\u00f3n de Datos privados"},"content":{"rendered":"<p>Como asamble\u00edsta y ecuatoriano es impostergable iniciar el debate sobre la protecci\u00f3n de datos privados, la vulnerabilidad de los ciudadanos y el peligro al que nos somete por a\u00f1os el sistema por no tener los controles adecuados.<br \/>\n#RuedaDePresa \ud83d\udd34<\/p>\n<p><img loading=\"lazy\" class=\"alignnone size-full wp-image-259327\" src=\"https:\/\/www.ecuadortimes.net\/es\/wp-content\/uploads\/2021\/10\/ecuador-times-ecuador-news-daniel-noboa-initiates-debate-on-the-protection-of-private-data.jpg\" alt=\"\" width=\"680\" height=\"383\" \/><\/p>\n<p><a href=\"https:\/\/twitter.com\/DanielNoboaOk\/status\/1448074099843125248?ref_src=twsrc%5Egoogle%7Ctwcamp%5Eserp%7Ctwgr%5Etweet\">https:\/\/twitter.com\/DanielNoboaOk\/status\/1448074099843125248?ref_src=twsrc%5Egoogle%7Ctwcamp%5Eserp%7Ctwgr%5Etweet<\/a><\/p>\n","protected":false},"excerpt":{"rendered":"<p>Como asamble\u00edsta y ecuatoriano es impostergable iniciar el debate sobre la protecci\u00f3n de datos privados, la vulnerabilidad de los ciudadanos y el peligro al que nos somete por a\u00f1os el sistema por no tener los controles adecuados. #RuedaDePresa \ud83d\udd34 https:\/\/twitter.com\/DanielNoboaOk\/status\/1448074099843125248?ref_src=twsrc%5Egoogle%7Ctwcamp%5Eserp%7Ctwgr%5Etweet<\/p>\n","protected":false},"author":1,"featured_media":259327,"comment_status":"closed","ping_status":"closed","sticky":false,"template":"","format":"standard","meta":[],"categories":[40,24],"tags":[],"_links":{"self":[{"href":"https:\/\/www.ecuadortimes.net\/es\/wp-json\/wp\/v2\/posts\/259326"}],"collection":[{"href":"https:\/\/www.ecuadortimes.net\/es\/wp-json\/wp\/v2\/posts"}],"about":[{"href":"https:\/\/www.ecuadortimes.net\/es\/wp-json\/wp\/v2\/types\/post"}],"author":[{"embeddable":true,"href":"https:\/\/www.ecuadortimes.net\/es\/wp-json\/wp\/v2\/users\/1"}],"replies":[{"embeddable":true,"href":"https:\/\/www.ecuadortimes.net\/es\/wp-json\/wp\/v2\/comments?post=259326"}],"version-history":[{"count":1,"href":"https:\/\/www.ecuadortimes.net\/es\/wp-json\/wp\/v2\/posts\/259326\/revisions"}],"predecessor-version":[{"id":259328,"href":"https:\/\/www.ecuadortimes.net\/es\/wp-json\/wp\/v2\/posts\/259326\/revisions\/259328"}],"wp:featuredmedia":[{"embeddable":true,"href":"https:\/\/www.ecuadortimes.net\/es\/wp-json\/wp\/v2\/media\/259327"}],"wp:attachment":[{"href":"https:\/\/www.ecuadortimes.net\/es\/wp-json\/wp\/v2\/media?parent=259326"}],"wp:term":[{"taxonomy":"category","embeddable":true,"href":"https:\/\/www.ecuadortimes.net\/es\/wp-json\/wp\/v2\/categories?post=259326"},{"taxonomy":"post_tag","embeddable":true,"href":"https:\/\/www.ecuadortimes.net\/es\/wp-json\/wp\/v2\/tags?post=259326"}],"curies":[{"name":"wp","href":"https:\/\/api.w.org\/{rel}","templated":true}]}}