{"id":259329,"date":"2021-10-15T22:16:17","date_gmt":"2021-10-15T22:16:17","guid":{"rendered":"https:\/\/www.ecuadortimes.net\/es\/?p=259329"},"modified":"2021-10-15T22:16:17","modified_gmt":"2021-10-15T22:16:17","slug":"asamblea-pide-a-la-comision-calificadora-que-revise-su-decision-para-que-sus-candidatos-participen-en-concurso-de-jueces-de-la-corte-constitucional","status":"publish","type":"post","link":"https:\/\/www.ecuadortimes.net\/es\/asamblea-pide-a-la-comision-calificadora-que-revise-su-decision-para-que-sus-candidatos-participen-en-concurso-de-jueces-de-la-corte-constitucional\/","title":{"rendered":"Asamblea pide a la Comisi\u00f3n Calificadora que \u2018revise su decisi\u00f3n\u2019 para que sus candidatos participen en concurso de jueces de la Corte Constitucional"},"content":{"rendered":"<section class=\"article-body prose prose-lg md:prose mx-auto space-y-3 font-primary\">\n<p class=\"prose-text\">Que se permita la participaci\u00f3n de sus tres candidatos a ser juez de la <b>Corte Constitucional (CC)<\/b>, pidi\u00f3 la Asamblea Nacional a la Comisi\u00f3n Calificadora, que lleva a cabo el concurso p\u00fablico de selecci\u00f3n de estas autoridades.<\/p>\n<div id=\"attachment_259330\" style=\"width: 1015px\" class=\"wp-caption alignnone\"><img aria-describedby=\"caption-attachment-259330\" loading=\"lazy\" class=\"size-full wp-image-259330\" src=\"https:\/\/www.ecuadortimes.net\/es\/wp-content\/uploads\/2021\/10\/ecuador-times-ecuador-news-assembly-asks-qualifying-commission-to-review-its-decision-so-that-its-candidates-participate-in-the-contest-of-judges-of-the-cc.jpg\" alt=\"\" width=\"1005\" height=\"670\" \/><p id=\"caption-attachment-259330\" class=\"wp-caption-text\">El 11 de octubre se designaron a los candidatos para participar en el concurso de selecci\u00f3n de los jueces de la Corte Constitucional. Foto tomada de la Asamblea Nacional.<\/p><\/div>\n<p class=\"prose-text\">La Comisi\u00f3n Calificadora resolvi\u00f3 este 14 de octubre no dar un plazo adicional para que el Parlamento remita su terna para el concurso p\u00fablico de oposici\u00f3n, m\u00e9ritos e impugnaci\u00f3n ciudadana de tres jueces de la Corte Constitucional, dejando fuera a sus postulantes.<\/p>\n<p class=\"prose-text\">La Comisi\u00f3n hab\u00eda dado un plazo de 15 d\u00edas para que las funciones del Estado, como la Presidencia de la Rep\u00fablica, la Funci\u00f3n de Transparencia y Control Social y la Asamblea Nacional remitan tres nombres cada una para que participen en el concurso p\u00fablico para la selecci\u00f3n de tres jueces constitucionales, como parte de la renovaci\u00f3n parcial que debe realizarse en la CC.<\/p>\n<p class=\"prose-text\">Sin embargo, la noche del pasado 11 de octubre, \u00faltimo d\u00eda de plazo para remitir la terna, con 89 votos de los legisladores se eligi\u00f3 a Milton Vel\u00e1squez D\u00edaz, Pamela Aguirre Castro y Luis Sarango Macas, para que participen en el concurso.<\/p>\n<p class=\"prose-text\">Su resoluci\u00f3n se hab\u00eda notificado mediante correo electr\u00f3nico a la Comisi\u00f3n Calificadora, pero la documentaci\u00f3n f\u00edsica no lleg\u00f3 hasta la secretar\u00eda de la Comisi\u00f3n como se hab\u00eda establecido en la convocatoria remitida a las instituciones.<\/p>\n<p class=\"prose-text\">Este 15 de octubre, la Asamblea Nacional divulg\u00f3 un comunicado en el que solicita a la Comisi\u00f3n que \u201crevise su decisi\u00f3n en aras de llevar adelante un proceso transparente de selecci\u00f3n de los jueces de la Corte Constitucional\u201d.<\/p>\n<p class=\"prose-text\">Se justific\u00f3 que el 11 de octubre se realiz\u00f3 la notificaci\u00f3n a los seis miembros de la Comisi\u00f3n por medios electr\u00f3nicos, cuya validez est\u00e1 reconocida en el ordenamiento jur\u00eddico, seg\u00fan el art\u00edculo 12 de la Ley de Comercio Electr\u00f3nico.<\/p>\n<p class=\"prose-text\">Los correos electr\u00f3nicos se hab\u00edan enviado a las 22:18, por lo que se encontraban dentro del plazo legal, seg\u00fan el Legislativo.<\/p>\n<div class=\"flex justify-center\" data-oembed-type=\"twitter\">\n<div class=\"twitter-tweet twitter-tweet-rendered\" style=\"display: flex; max-width: 550px; width: 100%; margin-top: 10px; margin-bottom: 10px;\"><iframe id=\"twitter-widget-0\" class=\"\" style=\"position: static; visibility: visible; width: 550px; height: 811px; display: block; flex-grow: 1;\" title=\"Twitter Tweet\" src=\"https:\/\/platform.twitter.com\/embed\/Tweet.html?creatorScreenName=eluniversocom&amp;creatorUserId=1597931854&amp;dnt=false&amp;embedId=twitter-widget-0&amp;features=eyJ0ZndfZXhwZXJpbWVudHNfY29va2llX2V4cGlyYXRpb24iOnsiYnVja2V0IjoxMjA5NjAwLCJ2ZXJzaW9uIjpudWxsfSwidGZ3X2hvcml6b25fdHdlZXRfZW1iZWRfOTU1NSI6eyJidWNrZXQiOiJodGUiLCJ2ZXJzaW9uIjpudWxsfSwidGZ3X3NwYWNlX2NhcmQiOnsiYnVja2V0Ijoib2ZmIiwidmVyc2lvbiI6bnVsbH19&amp;frame=false&amp;hideCard=false&amp;hideThread=false&amp;id=1449076049900363783&amp;lang=es&amp;origin=https%3A%2F%2Fwww.eluniverso.com%2Fnoticias%2Fpolitica%2Fasamblea-pide-a-la-comision-calificadora-que-revise-su-decision-para-que-sus-candidatos-participen-en-concurso-de-jueces-de-la-corte-constitucional-nota%2F&amp;sessionId=696595f17272e966e6c96eee16213b73556a5af4&amp;siteScreenName=eluniversocom&amp;siteUserId=1597931854&amp;theme=light&amp;widgetsVersion=fcb1942%3A1632982954711&amp;width=550px\" frameborder=\"0\" scrolling=\"no\" allowfullscreen=\"allowfullscreen\" data-tweet-id=\"1449076049900363783\"><\/iframe><\/div>\n<p><script async=\"\" src=\"https:\/\/platform.twitter.com\/widgets.js\" charset=\"utf-8\"><\/script><\/p>\n<\/div>\n<p class=\"prose-text\">\u201cEn tal virtud, la Asamblea Nacional remiti\u00f3 la lista de los tres postulantes a la Comisi\u00f3n Calificadora con su respectiva documentaci\u00f3n de sustento, dentro del t\u00e9rmino legal y de manera oficial, por lo que solicita a la Comisi\u00f3n que revise su decisi\u00f3n en aras de llevar adelante un proceso transparente de selecci\u00f3n de los jueces\u201d, cita la misiva.<\/p>\n<p class=\"prose-text\">Por el momento, la Comisi\u00f3n dio un plazo adicional de tres d\u00edas a la Presidencia de la Rep\u00fablica y a la Funci\u00f3n de Transparencia y Control Social para que sus candidatos completen informaci\u00f3n requerida para la calificaci\u00f3n de sus carpetas.<\/p>\n<p class=\"prose-text\">Por la Funci\u00f3n de Transparencia y Control Social (que la integran nueve entidades del Estado) se postul\u00f3 a Jorge Benavides Ord\u00f3\u00f1ez, Mauricio Guim Alfago y Mar\u00eda Fernanda \u00c1lvarez Alc\u00edvar.<\/p>\n<p class=\"prose-text\">Y, la Presidencia de la Rep\u00fablica candidatiz\u00f3 a Andr\u00e9s Mart\u00ednez Moscoso, B\u00e1rbara Ter\u00e1n y Jhoel Escudero Soliz. (I)<\/p>\n<\/section>\n<p><a href=\"https:\/\/www.eluniverso.com\/noticias\/politica\/asamblea-pide-a-la-comision-calificadora-que-revise-su-decision-para-que-sus-candidatos-participen-en-concurso-de-jueces-de-la-corte-constitucional-nota\/?modulo=destacadas-uno&amp;plantilla=home\">https:\/\/www.eluniverso.com\/noticias\/politica\/asamblea-pide-a-la-comision-calificadora-que-revise-su-decision-para-que-sus-candidatos-participen-en-concurso-de-jueces-de-la-corte-constitucional-nota\/?modulo=destacadas-uno&amp;plantilla=home<\/a><\/p>\n","protected":false},"excerpt":{"rendered":"<p>Que se permita la participaci\u00f3n de sus tres candidatos a ser juez de la Corte Constitucional (CC), pidi\u00f3 la Asamblea Nacional a la Comisi\u00f3n Calificadora, que lleva a cabo el concurso p\u00fablico de selecci\u00f3n de estas autoridades. La Comisi\u00f3n Calificadora resolvi\u00f3 este 14 de octubre no dar un plazo adicional para que el Parlamento remita su terna para el concurso p\u00fablico de oposici\u00f3n, m\u00e9ritos e impugnaci\u00f3n ciudadana de tres jueces de la Corte Constitucional, dejando fuera a sus postulantes. La Comisi\u00f3n hab\u00eda dado un plazo de 15 d\u00edas para que las funciones del Estado, como la Presidencia de la Rep\u00fablica, la Funci\u00f3n de Transparencia y Control Social y la Asamblea Nacional remitan tres nombres cada una para que participen en el concurso p\u00fablico para la selecci\u00f3n de tres jueces constitucionales, como parte de la renovaci\u00f3n parcial que debe realizarse en la CC. Sin embargo, la noche del pasado 11 de octubre, \u00faltimo d\u00eda de plazo para remitir la terna, con 89 votos de los legisladores se eligi\u00f3 a Milton Vel\u00e1squez D\u00edaz, Pamela Aguirre Castro y Luis Sarango Macas, para que participen en el concurso. Su resoluci\u00f3n se hab\u00eda notificado mediante correo electr\u00f3nico a la Comisi\u00f3n Calificadora, pero la documentaci\u00f3n f\u00edsica no lleg\u00f3 hasta la secretar\u00eda de la Comisi\u00f3n como se hab\u00eda establecido en la convocatoria remitida a las instituciones. Este 15 de octubre, la Asamblea Nacional divulg\u00f3 un comunicado en el que solicita a la Comisi\u00f3n que \u201crevise su decisi\u00f3n en aras de llevar adelante un proceso transparente de selecci\u00f3n de los jueces de la Corte Constitucional\u201d. Se justific\u00f3 que el 11 de octubre se realiz\u00f3 la notificaci\u00f3n a los seis miembros de la Comisi\u00f3n por medios electr\u00f3nicos, cuya validez est\u00e1 reconocida en el ordenamiento jur\u00eddico, seg\u00fan el art\u00edculo 12 de la Ley de Comercio Electr\u00f3nico. Los correos electr\u00f3nicos se hab\u00edan enviado a las 22:18, por lo que se encontraban dentro del plazo legal, seg\u00fan el Legislativo. \u201cEn tal virtud, la Asamblea Nacional remiti\u00f3 la lista de los tres postulantes a la Comisi\u00f3n Calificadora con su respectiva documentaci\u00f3n de sustento, dentro del t\u00e9rmino legal y de manera oficial, por lo que solicita a la Comisi\u00f3n que revise su decisi\u00f3n en aras de llevar adelante un proceso transparente de selecci\u00f3n de los jueces\u201d, cita la misiva. Por el momento, la Comisi\u00f3n dio un plazo adicional de tres d\u00edas a la Presidencia de la Rep\u00fablica y a la Funci\u00f3n de Transparencia y Control Social para que sus candidatos completen informaci\u00f3n requerida para la calificaci\u00f3n de sus carpetas. Por la Funci\u00f3n de Transparencia y Control Social (que la integran nueve entidades del Estado) se postul\u00f3 a Jorge Benavides Ord\u00f3\u00f1ez, Mauricio Guim Alfago y Mar\u00eda Fernanda \u00c1lvarez Alc\u00edvar. Y, la Presidencia de la Rep\u00fablica candidatiz\u00f3 a Andr\u00e9s Mart\u00ednez Moscoso, B\u00e1rbara Ter\u00e1n y Jhoel Escudero Soliz. (I) https:\/\/www.eluniverso.com\/noticias\/politica\/asamblea-pide-a-la-comision-calificadora-que-revise-su-decision-para-que-sus-candidatos-participen-en-concurso-de-jueces-de-la-corte-constitucional-nota\/?modulo=destacadas-uno&amp;plantilla=home<\/p>\n","protected":false},"author":1,"featured_media":259330,"comment_status":"closed","ping_status":"closed","sticky":false,"template":"","format":"standard","meta":[],"categories":[40,23],"tags":[],"_links":{"self":[{"href":"https:\/\/www.ecuadortimes.net\/es\/wp-json\/wp\/v2\/posts\/259329"}],"collection":[{"href":"https:\/\/www.ecuadortimes.net\/es\/wp-json\/wp\/v2\/posts"}],"about":[{"href":"https:\/\/www.ecuadortimes.net\/es\/wp-json\/wp\/v2\/types\/post"}],"author":[{"embeddable":true,"href":"https:\/\/www.ecuadortimes.net\/es\/wp-json\/wp\/v2\/users\/1"}],"replies":[{"embeddable":true,"href":"https:\/\/www.ecuadortimes.net\/es\/wp-json\/wp\/v2\/comments?post=259329"}],"version-history":[{"count":1,"href":"https:\/\/www.ecuadortimes.net\/es\/wp-json\/wp\/v2\/posts\/259329\/revisions"}],"predecessor-version":[{"id":259331,"href":"https:\/\/www.ecuadortimes.net\/es\/wp-json\/wp\/v2\/posts\/259329\/revisions\/259331"}],"wp:featuredmedia":[{"embeddable":true,"href":"https:\/\/www.ecuadortimes.net\/es\/wp-json\/wp\/v2\/media\/259330"}],"wp:attachment":[{"href":"https:\/\/www.ecuadortimes.net\/es\/wp-json\/wp\/v2\/media?parent=259329"}],"wp:term":[{"taxonomy":"category","embeddable":true,"href":"https:\/\/www.ecuadortimes.net\/es\/wp-json\/wp\/v2\/categories?post=259329"},{"taxonomy":"post_tag","embeddable":true,"href":"https:\/\/www.ecuadortimes.net\/es\/wp-json\/wp\/v2\/tags?post=259329"}],"curies":[{"name":"wp","href":"https:\/\/api.w.org\/{rel}","templated":true}]}}