{"id":259332,"date":"2021-10-15T22:26:01","date_gmt":"2021-10-15T22:26:01","guid":{"rendered":"https:\/\/www.ecuadortimes.net\/es\/?p=259332"},"modified":"2021-10-15T22:26:01","modified_gmt":"2021-10-15T22:26:01","slug":"vacunacion-de-ninos-de-5-a-11-anos-se-inicia-el-18-de-octubre","status":"publish","type":"post","link":"https:\/\/www.ecuadortimes.net\/es\/vacunacion-de-ninos-de-5-a-11-anos-se-inicia-el-18-de-octubre\/","title":{"rendered":"Vacunaci\u00f3n de ni\u00f1os de 5 a 11 a\u00f1os se inicia el 18 de octubre"},"content":{"rendered":"<div class=\"itemFullText\">\n<p>La ministra de Salud P\u00fablica, Ximena Garz\u00f3n, anunci\u00f3, a trav\u00e9s de un comunicado, que a partir del lunes 18 de octubre se aplicar\u00e1n las dosis de la vacuna contra el covid-19 a ni\u00f1os de 5 a 11 a\u00f1os.<\/p>\n<div id=\"attachment_259333\" style=\"width: 1210px\" class=\"wp-caption alignnone\"><img aria-describedby=\"caption-attachment-259333\" loading=\"lazy\" class=\"size-full wp-image-259333\" src=\"https:\/\/www.ecuadortimes.net\/es\/wp-content\/uploads\/2021\/10\/ecuador-times-ecuador-news-vaccination-of-children-from-5-to-11-years-old-begins-on-october-18.jpg\" alt=\"\" width=\"1200\" height=\"810\" srcset=\"https:\/\/www.ecuadortimes.net\/es\/wp-content\/uploads\/2021\/10\/ecuador-times-ecuador-news-vaccination-of-children-from-5-to-11-years-old-begins-on-october-18.jpg 1200w, https:\/\/www.ecuadortimes.net\/es\/wp-content\/uploads\/2021\/10\/ecuador-times-ecuador-news-vaccination-of-children-from-5-to-11-years-old-begins-on-october-18-75x52.jpg 75w\" sizes=\"(max-width: 1200px) 100vw, 1200px\" \/><p id=\"caption-attachment-259333\" class=\"wp-caption-text\">Se defini\u00f3 el cronograma de vacunaci\u00f3n para inmunizar a este segmento de la poblaci\u00f3n.<\/p><\/div>\n<p>\u201cTomamos en cuenta la evidencia mundial y las recomendaciones internacionales\u201d, asegur\u00f3 la Autoridad Sanitaria, durante el conversatorio con los representantes de los medios de comunicaci\u00f3n.<\/p>\n<p>La estrategia ser\u00e1 progresiva. De acuerdo al lineamiento del Ministerio de Salud P\u00fablica (MSP), los ni\u00f1os de 6 a 11 a\u00f1os, con 11 meses y 29 d\u00edas de edad recibir\u00e1n la vacuna Sinovac en un esquema de dos dosis y en un intervalo de 28 d\u00edas. Mientras que los ni\u00f1os desde 5 a\u00f1os hasta 5 a\u00f1os con 11 meses y 29 d\u00edas ser\u00e1n inoculados con Pfizer.<\/p>\n<p>En primera instancia se vacunar\u00e1 a la poblaci\u00f3n de 6 a 11 a\u00f1os y luego a los de 5 a\u00f1os. La fecha exacta de inicio de este \u00faltimo grupo depender\u00e1 del ritmo de vacunaci\u00f3n.<\/p>\n<p>En total, son dos millones de menores de edad que ser\u00e1n inmunizados contra el virus. Ellos tendr\u00e1n tres espacios para cumplir con este proceso. El primero ser\u00e1 en las instituciones educativas. El segundo ser\u00e1 en los centros de salud; y el tercero, en los puntos masivos de inoculaci\u00f3n.<\/p>\n<p>En Quito, por ejemplo, hay dos: Centro de Convenciones Bicentenario, en el norte de la urbe, y el Instituto Consejo Provincial, en el sur.<\/p>\n<p>Para acceder al biol\u00f3gico, los infantes de 5 a\u00f1os deber\u00e1n tener su cuadro de vacunaci\u00f3n regular completo. Es decir, las vacunas de refuerzo para prevenir la Difteria, Paperas y T\u00e9tanos (DPT) y Poliomielitis (Antipoliomiel\u00edtica bOPB). Tras un mes de estas vacunas, se podr\u00e1n inocular contra la COVID-19.<\/p>\n<\/div>\n<p><a href=\"https:\/\/www.eltelegrafo.com.ec\/noticias\/salud\/1\/vacunacion-de-ninos-de-5-a-11-anos-inicia-el-18-de-octubre\">https:\/\/www.eltelegrafo.com.ec\/noticias\/salud\/1\/vacunacion-de-ninos-de-5-a-11-anos-inicia-el-18-de-octubre<\/a><\/p>\n","protected":false},"excerpt":{"rendered":"<p>La ministra de Salud P\u00fablica, Ximena Garz\u00f3n, anunci\u00f3, a trav\u00e9s de un comunicado, que a partir del lunes 18 de octubre se aplicar\u00e1n las dosis de la vacuna contra el covid-19 a ni\u00f1os de 5 a 11 a\u00f1os. \u201cTomamos en cuenta la evidencia mundial y las recomendaciones internacionales\u201d, asegur\u00f3 la Autoridad Sanitaria, durante el conversatorio con los representantes de los medios de comunicaci\u00f3n. La estrategia ser\u00e1 progresiva. De acuerdo al lineamiento del Ministerio de Salud P\u00fablica (MSP), los ni\u00f1os de 6 a 11 a\u00f1os, con 11 meses y 29 d\u00edas de edad recibir\u00e1n la vacuna Sinovac en un esquema de dos dosis y en un intervalo de 28 d\u00edas. Mientras que los ni\u00f1os desde 5 a\u00f1os hasta 5 a\u00f1os con 11 meses y 29 d\u00edas ser\u00e1n inoculados con Pfizer. En primera instancia se vacunar\u00e1 a la poblaci\u00f3n de 6 a 11 a\u00f1os y luego a los de 5 a\u00f1os. La fecha exacta de inicio de este \u00faltimo grupo depender\u00e1 del ritmo de vacunaci\u00f3n. En total, son dos millones de menores de edad que ser\u00e1n inmunizados contra el virus. Ellos tendr\u00e1n tres espacios para cumplir con este proceso. El primero ser\u00e1 en las instituciones educativas. El segundo ser\u00e1 en los centros de salud; y el tercero, en los puntos masivos de inoculaci\u00f3n. En Quito, por ejemplo, hay dos: Centro de Convenciones Bicentenario, en el norte de la urbe, y el Instituto Consejo Provincial, en el sur. Para acceder al biol\u00f3gico, los infantes de 5 a\u00f1os deber\u00e1n tener su cuadro de vacunaci\u00f3n regular completo. Es decir, las vacunas de refuerzo para prevenir la Difteria, Paperas y T\u00e9tanos (DPT) y Poliomielitis (Antipoliomiel\u00edtica bOPB). Tras un mes de estas vacunas, se podr\u00e1n inocular contra la COVID-19. https:\/\/www.eltelegrafo.com.ec\/noticias\/salud\/1\/vacunacion-de-ninos-de-5-a-11-anos-inicia-el-18-de-octubre<\/p>\n","protected":false},"author":1,"featured_media":259333,"comment_status":"closed","ping_status":"closed","sticky":false,"template":"","format":"standard","meta":[],"categories":[35,24],"tags":[],"_links":{"self":[{"href":"https:\/\/www.ecuadortimes.net\/es\/wp-json\/wp\/v2\/posts\/259332"}],"collection":[{"href":"https:\/\/www.ecuadortimes.net\/es\/wp-json\/wp\/v2\/posts"}],"about":[{"href":"https:\/\/www.ecuadortimes.net\/es\/wp-json\/wp\/v2\/types\/post"}],"author":[{"embeddable":true,"href":"https:\/\/www.ecuadortimes.net\/es\/wp-json\/wp\/v2\/users\/1"}],"replies":[{"embeddable":true,"href":"https:\/\/www.ecuadortimes.net\/es\/wp-json\/wp\/v2\/comments?post=259332"}],"version-history":[{"count":1,"href":"https:\/\/www.ecuadortimes.net\/es\/wp-json\/wp\/v2\/posts\/259332\/revisions"}],"predecessor-version":[{"id":259334,"href":"https:\/\/www.ecuadortimes.net\/es\/wp-json\/wp\/v2\/posts\/259332\/revisions\/259334"}],"wp:featuredmedia":[{"embeddable":true,"href":"https:\/\/www.ecuadortimes.net\/es\/wp-json\/wp\/v2\/media\/259333"}],"wp:attachment":[{"href":"https:\/\/www.ecuadortimes.net\/es\/wp-json\/wp\/v2\/media?parent=259332"}],"wp:term":[{"taxonomy":"category","embeddable":true,"href":"https:\/\/www.ecuadortimes.net\/es\/wp-json\/wp\/v2\/categories?post=259332"},{"taxonomy":"post_tag","embeddable":true,"href":"https:\/\/www.ecuadortimes.net\/es\/wp-json\/wp\/v2\/tags?post=259332"}],"curies":[{"name":"wp","href":"https:\/\/api.w.org\/{rel}","templated":true}]}}