{"id":259341,"date":"2021-10-18T22:36:37","date_gmt":"2021-10-18T22:36:37","guid":{"rendered":"https:\/\/www.ecuadortimes.net\/es\/?p=259341"},"modified":"2021-10-18T22:36:37","modified_gmt":"2021-10-18T22:36:37","slug":"mineria-artesanal-una-vision-nueva-para-la-actividad-minera-en-comunidades-indigenas","status":"publish","type":"post","link":"https:\/\/www.ecuadortimes.net\/es\/mineria-artesanal-una-vision-nueva-para-la-actividad-minera-en-comunidades-indigenas\/","title":{"rendered":"Miner\u00eda artesanal, una visi\u00f3n nueva para la actividad minera en comunidades ind\u00edgenas"},"content":{"rendered":"<div class=\"itemFullText\">\n<p>\u2018Solaris Resources\u2019 y los directores de la Asociaci\u00f3n de miner\u00eda artesanal \u2018ArcoIris\u2019, compuesta por personas de la comunidad shuar de Warints, se reunieron este viernes 15 de octubre en el hotel \u2018Sheraton\u2019 para la firma de un convenio de miner\u00eda artesanal para cuidar el medio ambiente y los derechos de las comunidades ind\u00edgenas de la Amazon\u00eda, donde se explota cobre.<\/p>\n<div id=\"attachment_259342\" style=\"width: 1210px\" class=\"wp-caption alignnone\"><img aria-describedby=\"caption-attachment-259342\" loading=\"lazy\" class=\"size-full wp-image-259342\" src=\"https:\/\/www.ecuadortimes.net\/es\/wp-content\/uploads\/2021\/10\/ecuador-times-ecuador-news-artisanal-mining-a-new-vision-for-mining-activity-in-indigenous-communities.jpg\" alt=\"\" width=\"1200\" height=\"810\" srcset=\"https:\/\/www.ecuadortimes.net\/es\/wp-content\/uploads\/2021\/10\/ecuador-times-ecuador-news-artisanal-mining-a-new-vision-for-mining-activity-in-indigenous-communities.jpg 1200w, https:\/\/www.ecuadortimes.net\/es\/wp-content\/uploads\/2021\/10\/ecuador-times-ecuador-news-artisanal-mining-a-new-vision-for-mining-activity-in-indigenous-communities-75x52.jpg 75w\" sizes=\"(max-width: 1200px) 100vw, 1200px\" \/><p id=\"caption-attachment-259342\" class=\"wp-caption-text\">El Proyecto Warintza fue planteado para marcar un antes y un despu\u00e9s en el desarrollo de la miner\u00eda artesanal.<\/p><\/div>\n<p>La compa\u00f1\u00eda internacional sell\u00f3 un acuerdo con la empresa PACT INTERNATIONAL, una organizaci\u00f3n internacional de desarrollo que opera en 40 pa\u00edses con experiencia en comunidades ind\u00edgenas.<\/p>\n<p>Federico Vel\u00e1squez, vicepresidente de \u2018Solaris Resources\u2019, afirm\u00f3 que \u201ccon el apoyo del Gobierno Nacional para trabajar juntos en la reforma de las regulaciones de la ley de miner\u00eda artesanal se ayudar\u00e1 a descifrar el potencial minero ancestral\u201d.<\/p>\n<p>El objetivo del programa se basa en el modelo Warintza, en el que se cre\u00f3 una mesa de di\u00e1logos con los centros shuar Warints y Yawi, en la Cordillera del C\u00f3ndor. Adem\u00e1s de tener una coordinaci\u00f3n sostenible con partes interesadas como el Gobierno, la sociedad civil y las comunidades de la provincia de Morona Santiago.<\/p>\n<p>La empresa PACT INTERNATIONAL brindar\u00e1 servicios de asesor\u00eda e implementaci\u00f3n para el apoyo de la estrategia de miner\u00eda artesanal con conciencia. \u2018Solaris Resources\u2019 y \u2018PACT\u2019 creen que los individuos deben beneficiarse del uso responsable de los recursos minerales.<\/p>\n<\/div>\n<p><a href=\"https:\/\/www.eltelegrafo.com.ec\/noticias\/empresariales\/172\/mineria-artesanal-una-vision-nueva-para-la-actividad-minera-en-comunidades-indigenas\">https:\/\/www.eltelegrafo.com.ec\/noticias\/empresariales\/172\/mineria-artesanal-una-vision-nueva-para-la-actividad-minera-en-comunidades-indigenas<\/a><\/p>\n","protected":false},"excerpt":{"rendered":"<p>\u2018Solaris Resources\u2019 y los directores de la Asociaci\u00f3n de miner\u00eda artesanal \u2018ArcoIris\u2019, compuesta por personas de la comunidad shuar de Warints, se reunieron este viernes 15 de octubre en el hotel \u2018Sheraton\u2019 para la firma de un convenio de miner\u00eda artesanal para cuidar el medio ambiente y los derechos de las comunidades ind\u00edgenas de la Amazon\u00eda, donde se explota cobre. La compa\u00f1\u00eda internacional sell\u00f3 un acuerdo con la empresa PACT INTERNATIONAL, una organizaci\u00f3n internacional de desarrollo que opera en 40 pa\u00edses con experiencia en comunidades ind\u00edgenas. Federico Vel\u00e1squez, vicepresidente de \u2018Solaris Resources\u2019, afirm\u00f3 que \u201ccon el apoyo del Gobierno Nacional para trabajar juntos en la reforma de las regulaciones de la ley de miner\u00eda artesanal se ayudar\u00e1 a descifrar el potencial minero ancestral\u201d. El objetivo del programa se basa en el modelo Warintza, en el que se cre\u00f3 una mesa de di\u00e1logos con los centros shuar Warints y Yawi, en la Cordillera del C\u00f3ndor. Adem\u00e1s de tener una coordinaci\u00f3n sostenible con partes interesadas como el Gobierno, la sociedad civil y las comunidades de la provincia de Morona Santiago. La empresa PACT INTERNATIONAL brindar\u00e1 servicios de asesor\u00eda e implementaci\u00f3n para el apoyo de la estrategia de miner\u00eda artesanal con conciencia. \u2018Solaris Resources\u2019 y \u2018PACT\u2019 creen que los individuos deben beneficiarse del uso responsable de los recursos minerales. https:\/\/www.eltelegrafo.com.ec\/noticias\/empresariales\/172\/mineria-artesanal-una-vision-nueva-para-la-actividad-minera-en-comunidades-indigenas<\/p>\n","protected":false},"author":1,"featured_media":259342,"comment_status":"closed","ping_status":"closed","sticky":false,"template":"","format":"standard","meta":[],"categories":[43,24],"tags":[],"_links":{"self":[{"href":"https:\/\/www.ecuadortimes.net\/es\/wp-json\/wp\/v2\/posts\/259341"}],"collection":[{"href":"https:\/\/www.ecuadortimes.net\/es\/wp-json\/wp\/v2\/posts"}],"about":[{"href":"https:\/\/www.ecuadortimes.net\/es\/wp-json\/wp\/v2\/types\/post"}],"author":[{"embeddable":true,"href":"https:\/\/www.ecuadortimes.net\/es\/wp-json\/wp\/v2\/users\/1"}],"replies":[{"embeddable":true,"href":"https:\/\/www.ecuadortimes.net\/es\/wp-json\/wp\/v2\/comments?post=259341"}],"version-history":[{"count":1,"href":"https:\/\/www.ecuadortimes.net\/es\/wp-json\/wp\/v2\/posts\/259341\/revisions"}],"predecessor-version":[{"id":259343,"href":"https:\/\/www.ecuadortimes.net\/es\/wp-json\/wp\/v2\/posts\/259341\/revisions\/259343"}],"wp:featuredmedia":[{"embeddable":true,"href":"https:\/\/www.ecuadortimes.net\/es\/wp-json\/wp\/v2\/media\/259342"}],"wp:attachment":[{"href":"https:\/\/www.ecuadortimes.net\/es\/wp-json\/wp\/v2\/media?parent=259341"}],"wp:term":[{"taxonomy":"category","embeddable":true,"href":"https:\/\/www.ecuadortimes.net\/es\/wp-json\/wp\/v2\/categories?post=259341"},{"taxonomy":"post_tag","embeddable":true,"href":"https:\/\/www.ecuadortimes.net\/es\/wp-json\/wp\/v2\/tags?post=259341"}],"curies":[{"name":"wp","href":"https:\/\/api.w.org\/{rel}","templated":true}]}}