{"id":259344,"date":"2021-10-19T15:35:06","date_gmt":"2021-10-19T15:35:06","guid":{"rendered":"https:\/\/www.ecuadortimes.net\/es\/?p=259344"},"modified":"2021-10-19T15:35:06","modified_gmt":"2021-10-19T15:35:06","slug":"lasso-declara-estado-de-excepcion-en-ecuador-para-frenar-la-delincuencia-y-el-narcotrafico-las-ff-aa-van-a-las-calles","status":"publish","type":"post","link":"https:\/\/www.ecuadortimes.net\/es\/lasso-declara-estado-de-excepcion-en-ecuador-para-frenar-la-delincuencia-y-el-narcotrafico-las-ff-aa-van-a-las-calles\/","title":{"rendered":"Lasso declara estado de excepci\u00f3n en Ecuador para frenar la delincuencia y el narcotr\u00e1fico. Las FF. AA. van a las calles"},"content":{"rendered":"<section class=\"article-body prose prose-lg md:prose mx-auto space-y-3 font-primary\">\n<p class=\"prose-text\">El presidente Guillermo Lasso se pronunci\u00f3 la noche de este lunes, 18 de octubre, sobre los \u00faltimos hechos delincuenciales y anunci\u00f3 medidas que se adoptar\u00e1n de forma inmediata.<\/p>\n<div id=\"attachment_259345\" style=\"width: 1086px\" class=\"wp-caption alignnone\"><img aria-describedby=\"caption-attachment-259345\" loading=\"lazy\" class=\"size-full wp-image-259345\" src=\"https:\/\/www.ecuadortimes.net\/es\/wp-content\/uploads\/2021\/10\/ecuador-times-ecuador-news-lasso-declares-a-state-of-exception-in-ecuador-to-stop-crime-and-drug-trafficking-the-ffaa-go-to-the-streets.jpg\" alt=\"\" width=\"1076\" height=\"670\" srcset=\"https:\/\/www.ecuadortimes.net\/es\/wp-content\/uploads\/2021\/10\/ecuador-times-ecuador-news-lasso-declares-a-state-of-exception-in-ecuador-to-stop-crime-and-drug-trafficking-the-ffaa-go-to-the-streets.jpg 1076w, https:\/\/www.ecuadortimes.net\/es\/wp-content\/uploads\/2021\/10\/ecuador-times-ecuador-news-lasso-declares-a-state-of-exception-in-ecuador-to-stop-crime-and-drug-trafficking-the-ffaa-go-to-the-streets-400x250.jpg 400w\" sizes=\"(max-width: 1076px) 100vw, 1076px\" \/><p id=\"caption-attachment-259345\" class=\"wp-caption-text\">El Guasmo, en el sur de Guayaquil, es uno de los sitios m\u00e1s conflictivos de la ciudad.<\/p><\/div>\n<p class=\"prose-text\">Una de ellas es declarar el estado de <b>excepci\u00f3n a nivel nacional, por 60 d\u00edas<\/b>, para permitir que las Fuerzas Armadas se unan al trabajo de la Polic\u00eda Nacional en las calles, en todo el territorio nacional, especialmente en provincias como Guayas, donde se sufre una ola delictiva.<\/p>\n<p class=\"prose-text\">El decreto 224, firmado esta noche por el presidente, incluye la movilizaci\u00f3n de las FF. AA. a otras provincias como Manab\u00ed, Santa Elena, El Oro, Los R\u00edos, Esmeraldas, Santo Domingo de los Ts\u00e1chilas, Pichincha y Sucumb\u00edos.<\/p>\n<p class=\"prose-text\">\u201cTodos los sectores sociales y pol\u00edticos debemos trabajar con absoluta unidad\u201d, dijo el presidente. \u201cEn las calles hay un solo enemigo: el narcotr\u00e1fico\u201d.<\/p>\n<p class=\"prose-text\">As\u00ed, Lasso matiz\u00f3 que de este problema surgen otros delitos, como la gran cantidad de cr\u00edmenes que tienen relaci\u00f3n con el narcotr\u00e1fico.<\/p>\n<p class=\"prose-text\">\u201cCuando el narcotr\u00e1fico crece, aumentan tambi\u00e9n el sicariato, asesinatos, robos a domicilios y veh\u00edculos. M\u00e1s del 70 % de muertes violentas en Guayas est\u00e1 relacionado con el tr\u00e1fico de drogas\u201d, insisti\u00f3 Lasso.<\/p>\n<h3 class=\"\">Apoyo legal a los uniformados<\/h3>\n<p class=\"prose-text\">El presidente tambi\u00e9n anunci\u00f3 la creaci\u00f3n de la Unidad de Defensa Legal de la Fuerza P\u00fablica, con esto el Gobierno muestra su respaldo a los servidores que pudieran ser demandados por cumplir con su deber. \u201cLa ley debe intimidar al delincuente, mas no al polic\u00eda\u201d, dijo Lasso, quien pidi\u00f3 que act\u00faen con valent\u00eda a los polic\u00edas y militares.<\/p>\n<p class=\"prose-text\">El Gobierno indultar\u00e1 a todos los que han sido condenados por cumplir con su labor, anticip\u00f3 el presidente. \u201cNuestros jueces deben garantizar la paz y el orden, no la impunidad y el crimen\u201d, remarc\u00f3 en su mensaje para la funci\u00f3n judicial.<\/p>\n<div class=\"flex justify-center\" data-oembed-type=\"youtube\"><iframe loading=\"lazy\" src=\"https:\/\/www.youtube.com\/embed\/89yFM5oM0iM?feature=oembed\" width=\"560\" height=\"315\" frameborder=\"0\" allowfullscreen=\"allowfullscreen\"><\/iframe><\/div>\n<p class=\"prose-text\">El Ejecutivo enviar\u00e1 un nuevo proyecto de ley dedicado a respaldar a los agentes del orden \u201cpara devolver la seguridad a los ciudadanos\u201d. Y habl\u00f3 de otras aristas.<\/p>\n<p class=\"prose-text\">El mandatario dijo que la falta de oportunidades lleva a muchos al consumo de drogas. Por eso, se formar\u00e1 un comit\u00e9 interinstitucional para prevenir el consumo y tambi\u00e9n para tratar la rehabilitaci\u00f3n.<\/p>\n<p class=\"prose-text\">Finalmente, Lasso expres\u00f3 su solidaridad y condolencias a la familia del menor que perdi\u00f3 la vida la noche del domingo en medio del fuego cruzado entre delincuentes y un polic\u00eda en un restaurante en el sur de Guayaquil.<\/p>\n<p class=\"prose-text\">\u201cSin seguridad no hay desarrollo\u201d, finaliz\u00f3. (I)<\/p>\n<\/section>\n<p><a href=\"https:\/\/www.eluniverso.com\/noticias\/seguridad\/lasso-declara-estado-de-excepcion-en-ecuador-para-frenar-la-delincuencia-y-el-narcotrafico-las-ff-aa-van-a-las-calles-nota\/?modulo=destacadas-dos&amp;plantilla=home\">https:\/\/www.eluniverso.com\/noticias\/seguridad\/lasso-declara-estado-de-excepcion-en-ecuador-para-frenar-la-delincuencia-y-el-narcotrafico-las-ff-aa-van-a-las-calles-nota\/?modulo=destacadas-dos&amp;plantilla=home<\/a><\/p>\n","protected":false},"excerpt":{"rendered":"<p>El presidente Guillermo Lasso se pronunci\u00f3 la noche de este lunes, 18 de octubre, sobre los \u00faltimos hechos delincuenciales y anunci\u00f3 medidas que se adoptar\u00e1n de forma inmediata. Una de ellas es declarar el estado de excepci\u00f3n a nivel nacional, por 60 d\u00edas, para permitir que las Fuerzas Armadas se unan al trabajo de la Polic\u00eda Nacional en las calles, en todo el territorio nacional, especialmente en provincias como Guayas, donde se sufre una ola delictiva. El decreto 224, firmado esta noche por el presidente, incluye la movilizaci\u00f3n de las FF. AA. a otras provincias como Manab\u00ed, Santa Elena, El Oro, Los R\u00edos, Esmeraldas, Santo Domingo de los Ts\u00e1chilas, Pichincha y Sucumb\u00edos. \u201cTodos los sectores sociales y pol\u00edticos debemos trabajar con absoluta unidad\u201d, dijo el presidente. \u201cEn las calles hay un solo enemigo: el narcotr\u00e1fico\u201d. As\u00ed, Lasso matiz\u00f3 que de este problema surgen otros delitos, como la gran cantidad de cr\u00edmenes que tienen relaci\u00f3n con el narcotr\u00e1fico. \u201cCuando el narcotr\u00e1fico crece, aumentan tambi\u00e9n el sicariato, asesinatos, robos a domicilios y veh\u00edculos. M\u00e1s del 70 % de muertes violentas en Guayas est\u00e1 relacionado con el tr\u00e1fico de drogas\u201d, insisti\u00f3 Lasso. Apoyo legal a los uniformados El presidente tambi\u00e9n anunci\u00f3 la creaci\u00f3n de la Unidad de Defensa Legal de la Fuerza P\u00fablica, con esto el Gobierno muestra su respaldo a los servidores que pudieran ser demandados por cumplir con su deber. \u201cLa ley debe intimidar al delincuente, mas no al polic\u00eda\u201d, dijo Lasso, quien pidi\u00f3 que act\u00faen con valent\u00eda a los polic\u00edas y militares. El Gobierno indultar\u00e1 a todos los que han sido condenados por cumplir con su labor, anticip\u00f3 el presidente. \u201cNuestros jueces deben garantizar la paz y el orden, no la impunidad y el crimen\u201d, remarc\u00f3 en su mensaje para la funci\u00f3n judicial. El Ejecutivo enviar\u00e1 un nuevo proyecto de ley dedicado a respaldar a los agentes del orden \u201cpara devolver la seguridad a los ciudadanos\u201d. Y habl\u00f3 de otras aristas. El mandatario dijo que la falta de oportunidades lleva a muchos al consumo de drogas. Por eso, se formar\u00e1 un comit\u00e9 interinstitucional para prevenir el consumo y tambi\u00e9n para tratar la rehabilitaci\u00f3n. Finalmente, Lasso expres\u00f3 su solidaridad y condolencias a la familia del menor que perdi\u00f3 la vida la noche del domingo en medio del fuego cruzado entre delincuentes y un polic\u00eda en un restaurante en el sur de Guayaquil. \u201cSin seguridad no hay desarrollo\u201d, finaliz\u00f3. (I) https:\/\/www.eluniverso.com\/noticias\/seguridad\/lasso-declara-estado-de-excepcion-en-ecuador-para-frenar-la-delincuencia-y-el-narcotrafico-las-ff-aa-van-a-las-calles-nota\/?modulo=destacadas-dos&amp;plantilla=home<\/p>\n","protected":false},"author":1,"featured_media":259345,"comment_status":"closed","ping_status":"closed","sticky":false,"template":"","format":"standard","meta":[],"categories":[35,23],"tags":[],"_links":{"self":[{"href":"https:\/\/www.ecuadortimes.net\/es\/wp-json\/wp\/v2\/posts\/259344"}],"collection":[{"href":"https:\/\/www.ecuadortimes.net\/es\/wp-json\/wp\/v2\/posts"}],"about":[{"href":"https:\/\/www.ecuadortimes.net\/es\/wp-json\/wp\/v2\/types\/post"}],"author":[{"embeddable":true,"href":"https:\/\/www.ecuadortimes.net\/es\/wp-json\/wp\/v2\/users\/1"}],"replies":[{"embeddable":true,"href":"https:\/\/www.ecuadortimes.net\/es\/wp-json\/wp\/v2\/comments?post=259344"}],"version-history":[{"count":1,"href":"https:\/\/www.ecuadortimes.net\/es\/wp-json\/wp\/v2\/posts\/259344\/revisions"}],"predecessor-version":[{"id":259346,"href":"https:\/\/www.ecuadortimes.net\/es\/wp-json\/wp\/v2\/posts\/259344\/revisions\/259346"}],"wp:featuredmedia":[{"embeddable":true,"href":"https:\/\/www.ecuadortimes.net\/es\/wp-json\/wp\/v2\/media\/259345"}],"wp:attachment":[{"href":"https:\/\/www.ecuadortimes.net\/es\/wp-json\/wp\/v2\/media?parent=259344"}],"wp:term":[{"taxonomy":"category","embeddable":true,"href":"https:\/\/www.ecuadortimes.net\/es\/wp-json\/wp\/v2\/categories?post=259344"},{"taxonomy":"post_tag","embeddable":true,"href":"https:\/\/www.ecuadortimes.net\/es\/wp-json\/wp\/v2\/tags?post=259344"}],"curies":[{"name":"wp","href":"https:\/\/api.w.org\/{rel}","templated":true}]}}