{"id":259359,"date":"2021-10-20T22:43:47","date_gmt":"2021-10-20T22:43:47","guid":{"rendered":"https:\/\/www.ecuadortimes.net\/es\/?p=259359"},"modified":"2021-10-20T22:43:47","modified_gmt":"2021-10-20T22:43:47","slug":"antony-blinken-hablo-sobre-la-importancia-y-riesgos-de-la-democracia","status":"publish","type":"post","link":"https:\/\/www.ecuadortimes.net\/es\/antony-blinken-hablo-sobre-la-importancia-y-riesgos-de-la-democracia\/","title":{"rendered":"Antony Blinken habl\u00f3 sobre la importancia y riesgos de la democracia"},"content":{"rendered":"<section class=\"article-body prose prose-lg md:prose mx-auto space-y-3 font-primary\">\n<p class=\"prose-text\">La ma\u00f1ana de este mi\u00e9rcoles 20 de octubre, en una conferencia ofrecida en la Universidad San Francisco de Quito, antes de su viaje a Bogot\u00e1-Colombia, el <b>secretario de Estado de Estados Unidos (EE. UU.), Antony Blinken,<\/b> habl\u00f3 sobre la importancia y riegos de la democracia.<\/p>\n<div id=\"attachment_259360\" style=\"width: 1015px\" class=\"wp-caption alignnone\"><img aria-describedby=\"caption-attachment-259360\" loading=\"lazy\" class=\"size-full wp-image-259360\" src=\"https:\/\/www.ecuadortimes.net\/es\/wp-content\/uploads\/2021\/10\/ecuador-times-ecuador-news-antony-blinken-spoke-about-the-importance-and-risks-of-democracy.jpg\" alt=\"\" width=\"1005\" height=\"670\" \/><p id=\"caption-attachment-259360\" class=\"wp-caption-text\">El Secretario de Estado de EEUU, Antony Blinken en conferencia en la universidad San Francisco.<\/p><\/div>\n<p class=\"prose-text\">Blinken hizo una reflexi\u00f3n: Consideremos un pa\u00eds donde un l\u00edder es electo en elecciones libres y justas, pero con el tiempo pone en riesgo los pilares de la democracia atacando a la libertad de prensa, minando la independencia de la justicia, amenazando a los opositores, haciendo reformas antidemocr\u00e1ticas. \u201cEsa es la historia de nuestra democracia en este hemisferio\u201d, se\u00f1al\u00f3 haciendo alusi\u00f3n a la vida pol\u00edtica de Ecuador de la \u00faltima d\u00e9cada.<\/p>\n<p class=\"prose-text\">Tambi\u00e9n repas\u00f3 c\u00f3mo la pandemia del COVID-19 devast\u00f3 el sistema de salud ecuatoriano, en medio de esc\u00e1ndalos de corrupci\u00f3n por el sobreprecio en los contratos p\u00fablicos de materiales m\u00e9dicos. Felicit\u00f3 que los periodistas hayan sacado a la luz esos hechos y que la justicia ecuatoriana haya procesado a los involucrados, como un ejemplo de c\u00f3mo funciona la democracia.<\/p>\n<p class=\"prose-text\">\u201cAlgunos pa\u00edses de la regi\u00f3n han intentado traer desarrollo social y econ\u00f3mico a trav\u00e9s de sistemas no democr\u00e1ticos y han fallado; del otro lado, con muy pocas excepciones, los gobiernos democr\u00e1ticos han establecido un periodo de prosperidad, seguridad y estabilidad sin precedentes\u201d, afirm\u00f3.<\/p>\n<p class=\"prose-text\">Blinken puso como ejemplo la trayectoria de vida y profesional de la fiscal general del Estado, Diana Salazar, y la l\u00edder ind\u00edgena Nina Gualinga para se\u00f1alar que, pese a tener muchos factores en contra, lograron salir adelante dentro de un sistema democr\u00e1tico.<\/p>\n<p class=\"prose-text\">Respecto a la migraci\u00f3n, el secretario sostuvo que en las Am\u00e9ricas estamos viviendo olas de migraci\u00f3n irregular de Venezuela, Nicaragua, Hait\u00ed, que es un problema de responsabilidad compartida, y que el Gobierno de EE. UU. trabaja por una migraci\u00f3n legal y regular y que debe fortalecer con m\u00e1s recursos el sistema de asilo para recuperarlo. <b>(I)<\/b><\/p>\n<\/section>\n<p><a href=\"https:\/\/www.eluniverso.com\/noticias\/politica\/antony-blinken-importancia-riesgos-democracia-conferencia-nota\/?modulo=destacadas-tres&amp;plantilla=home\">https:\/\/www.eluniverso.com\/noticias\/politica\/antony-blinken-importancia-riesgos-democracia-conferencia-nota\/?modulo=destacadas-tres&amp;plantilla=home<\/a><\/p>\n","protected":false},"excerpt":{"rendered":"<p>La ma\u00f1ana de este mi\u00e9rcoles 20 de octubre, en una conferencia ofrecida en la Universidad San Francisco de Quito, antes de su viaje a Bogot\u00e1-Colombia, el secretario de Estado de Estados Unidos (EE. UU.), Antony Blinken, habl\u00f3 sobre la importancia y riegos de la democracia. Blinken hizo una reflexi\u00f3n: Consideremos un pa\u00eds donde un l\u00edder es electo en elecciones libres y justas, pero con el tiempo pone en riesgo los pilares de la democracia atacando a la libertad de prensa, minando la independencia de la justicia, amenazando a los opositores, haciendo reformas antidemocr\u00e1ticas. \u201cEsa es la historia de nuestra democracia en este hemisferio\u201d, se\u00f1al\u00f3 haciendo alusi\u00f3n a la vida pol\u00edtica de Ecuador de la \u00faltima d\u00e9cada. Tambi\u00e9n repas\u00f3 c\u00f3mo la pandemia del COVID-19 devast\u00f3 el sistema de salud ecuatoriano, en medio de esc\u00e1ndalos de corrupci\u00f3n por el sobreprecio en los contratos p\u00fablicos de materiales m\u00e9dicos. Felicit\u00f3 que los periodistas hayan sacado a la luz esos hechos y que la justicia ecuatoriana haya procesado a los involucrados, como un ejemplo de c\u00f3mo funciona la democracia. \u201cAlgunos pa\u00edses de la regi\u00f3n han intentado traer desarrollo social y econ\u00f3mico a trav\u00e9s de sistemas no democr\u00e1ticos y han fallado; del otro lado, con muy pocas excepciones, los gobiernos democr\u00e1ticos han establecido un periodo de prosperidad, seguridad y estabilidad sin precedentes\u201d, afirm\u00f3. Blinken puso como ejemplo la trayectoria de vida y profesional de la fiscal general del Estado, Diana Salazar, y la l\u00edder ind\u00edgena Nina Gualinga para se\u00f1alar que, pese a tener muchos factores en contra, lograron salir adelante dentro de un sistema democr\u00e1tico. Respecto a la migraci\u00f3n, el secretario sostuvo que en las Am\u00e9ricas estamos viviendo olas de migraci\u00f3n irregular de Venezuela, Nicaragua, Hait\u00ed, que es un problema de responsabilidad compartida, y que el Gobierno de EE. UU. trabaja por una migraci\u00f3n legal y regular y que debe fortalecer con m\u00e1s recursos el sistema de asilo para recuperarlo. (I) https:\/\/www.eluniverso.com\/noticias\/politica\/antony-blinken-importancia-riesgos-democracia-conferencia-nota\/?modulo=destacadas-tres&amp;plantilla=home<\/p>\n","protected":false},"author":1,"featured_media":259360,"comment_status":"closed","ping_status":"closed","sticky":false,"template":"","format":"standard","meta":[],"categories":[40,24],"tags":[],"_links":{"self":[{"href":"https:\/\/www.ecuadortimes.net\/es\/wp-json\/wp\/v2\/posts\/259359"}],"collection":[{"href":"https:\/\/www.ecuadortimes.net\/es\/wp-json\/wp\/v2\/posts"}],"about":[{"href":"https:\/\/www.ecuadortimes.net\/es\/wp-json\/wp\/v2\/types\/post"}],"author":[{"embeddable":true,"href":"https:\/\/www.ecuadortimes.net\/es\/wp-json\/wp\/v2\/users\/1"}],"replies":[{"embeddable":true,"href":"https:\/\/www.ecuadortimes.net\/es\/wp-json\/wp\/v2\/comments?post=259359"}],"version-history":[{"count":1,"href":"https:\/\/www.ecuadortimes.net\/es\/wp-json\/wp\/v2\/posts\/259359\/revisions"}],"predecessor-version":[{"id":259361,"href":"https:\/\/www.ecuadortimes.net\/es\/wp-json\/wp\/v2\/posts\/259359\/revisions\/259361"}],"wp:featuredmedia":[{"embeddable":true,"href":"https:\/\/www.ecuadortimes.net\/es\/wp-json\/wp\/v2\/media\/259360"}],"wp:attachment":[{"href":"https:\/\/www.ecuadortimes.net\/es\/wp-json\/wp\/v2\/media?parent=259359"}],"wp:term":[{"taxonomy":"category","embeddable":true,"href":"https:\/\/www.ecuadortimes.net\/es\/wp-json\/wp\/v2\/categories?post=259359"},{"taxonomy":"post_tag","embeddable":true,"href":"https:\/\/www.ecuadortimes.net\/es\/wp-json\/wp\/v2\/tags?post=259359"}],"curies":[{"name":"wp","href":"https:\/\/api.w.org\/{rel}","templated":true}]}}