{"id":259459,"date":"2021-11-08T20:36:16","date_gmt":"2021-11-08T20:36:16","guid":{"rendered":"https:\/\/www.ecuadortimes.net\/es\/?p=259459"},"modified":"2021-11-08T20:36:16","modified_gmt":"2021-11-08T20:36:16","slug":"los-guardias-se-vuelven-vitales-en-fiestas-y-reuniones-privadas","status":"publish","type":"post","link":"https:\/\/www.ecuadortimes.net\/es\/los-guardias-se-vuelven-vitales-en-fiestas-y-reuniones-privadas\/","title":{"rendered":"Los guardias se vuelven vitales en fiestas y reuniones privadas"},"content":{"rendered":"<div class=\"content-modules-container\">\n<p id=\"m103-102-104\" class=\"paragraph \">La inseguridad que se vive en Guayaquil genera rubros extras en diversi\u00f3n. Los organizadores de eventos incluyen ahora en sus proformas la contrataci\u00f3n de guardian\u00eda privada, particularmente para el cuidado de veh\u00edculos de los invitados y as\u00ed evitar que pasen por malas experiencias.<\/p>\n<div id=\"attachment_259460\" style=\"width: 710px\" class=\"wp-caption alignnone\"><img aria-describedby=\"caption-attachment-259460\" loading=\"lazy\" class=\"size-full wp-image-259460\" src=\"https:\/\/www.ecuadortimes.net\/es\/wp-content\/uploads\/2021\/11\/ecuador-times-ecuador-news-guards-become-vital-at-parties-and-private-gatherings.jpeg\" alt=\"\" width=\"700\" height=\"402\" \/><p id=\"caption-attachment-259460\" class=\"wp-caption-text\">Mientras se desarrolla la reuni\u00f3n o evento, un guardia hace una ronda en el parqueadero de veh\u00edculos.<\/p><\/div>\n<p id=\"m108-107-109\" class=\"paragraph \">Los contratos de celadores para fiestas se han incrementado un 30 % este a\u00f1o, en relaci\u00f3n con 2019 en que las celebraciones eran normales y sin la<strong> COVID-19<\/strong>, indic\u00f3 a Diario EXPRESO Jorge Villacreces, presidente de la C\u00e1mara de Seguridad Privada del Ecuador.<\/p>\n<p id=\"m145-144-146\" class=\"paragraph \">Y es que el parqueo y la seguridad son las mayores preocupaciones que tienen los invitados a la hora de acudir a un evento social. Entre enero y agosto de este 2021, el robo de carros subi\u00f3 en un 58,1 %, en relaci\u00f3n con 2020 durante el mismo per\u00edodo. De 2.676 pas\u00f3 a 4.231 veh\u00edculos sustra\u00eddos.<\/p>\n<p id=\"m150-149-151\" class=\"paragraph \">Seg\u00fan cifras de la Polic\u00eda Nacional, un promedio de 7 automotores se sustrajo a diario en Guayaquil, en siete meses. Aunque las estad\u00edsticas no detallan cu\u00e1ntos de esos fueron robados en fiestas o reuniones, la ciudadan\u00eda lo que busca es evitar esos robos. \u201cEn estos d\u00edas es mejor ser precavida, ahora cuando organizo una fiesta contrato un custodio para que vigilen los carros de mis invitados\u201d, manifest\u00f3 la ciudadana D\u00e9bora Mora.<\/p>\n<p id=\"m155-154-156\" class=\"paragraph \">Ante los asaltos en centros comerciales, tiendas, restaurantes y hasta en el Malec\u00f3n, la ciudadan\u00eda busca el resguardo privado o de la Polic\u00eda Nacional. \u201cEn la fiesta ahora son tan vitales los guardias como la comida\u201d, resalta Xavier Zavala, director de AsoPlanners, una agrupaci\u00f3n que organiza eventos.<\/p>\n<p id=\"m191-190-192\" class=\"paragraph \">El empresario coment\u00f3 que semanas atr\u00e1s fue parte de la puesta en escena de una boda en Villamil Playas y, para cuidar los carros, los novios contrataron seis agentes privados.<\/p>\n<p id=\"m196-195-197\" class=\"paragraph \">\u201cAdem\u00e1s siempre informamos a la Unidad de Polic\u00eda Comunitaria (UPC) que est\u00e1 m\u00e1s cerca del evento; y, esto agradecemos que siempre sale un patrullero a dar vueltas mientras se desarrolla el festejo. Incluso, cuando es en la playa avisamos hasta a la Armada Nacional, para que ellos cuiden desde el agua\u201d, agreg\u00f3 Zavala.<\/p>\n<p id=\"m201-200-202\" class=\"paragraph \">La tendencia tambi\u00e9n fue ratificada por John Garaycoa, presidente de Mac Security y miembro de la Asociaci\u00f3n Nacional de Empresas de Seguridad Integral. Asegura que no solo se contratan custodios para fiestas, sino tambi\u00e9n para el exterior de la iglesia, para la boda eclesi\u00e1stica. Todo, para evitar el robo de los veh\u00edculos mientras se desarrolla el evento religioso.<\/p>\n<p id=\"m246-245-247\" class=\"paragraph \">El valor es el mismo que se cobra a una empresa, pero por un d\u00eda de trabajo. El costo de un guardia al mes es de 3.200 d\u00f3lares. Al dividir esta cifra para 30 d\u00edas resulta 106,66 d\u00f3lares, que ser\u00eda el valor que est\u00e1n pagando los anfitriones de las fiestas por contratar un centinela.<\/p>\n<p id=\"m251-250-252\" class=\"paragraph \">\u201cPor lo general contratan dos con armas y un carro para que d\u00e9 la vuelta. Para las siguientes semanas tengo el contrato para una boda en v\u00eda a la costa\u201d, cont\u00f3 Villacreces.<\/p>\n<p id=\"m287-286-288\" class=\"paragraph \">Los expertos consultados puntualizaron que antes de que se d\u00e9 este incremento de inseguridad en Guayaquil, el contar con un guardia en una fiesta era una opci\u00f3n, ahora no.<\/p>\n<p id=\"m322-321-323\" class=\"paragraph \">\u201cSi el anfitri\u00f3n de la celebraci\u00f3n no toma en cuenta el nivel de inseguridad que hay, nosotros lo hacemos, porque el \u00e9xito de la fiesta nos asegura nuevos contratos como \u2018wedding planner\u2019 (encargada de planificar); y lo menos que queremos es que nuestra reputaci\u00f3n de organizador de evento se da\u00f1e, por no prever los peligros que hay ahora. Hasta esta fecha las celebraciones se han dado sin problemas\u201d, se\u00f1al\u00f3 Zavala.<\/p>\n<p id=\"m327-326-328\" class=\"paragraph \">Pero, en general, la ciudadan\u00eda se muestra temerosa ante la inseguridad que se vive en Guayaquil y otras ciudades del pa\u00eds. El pasado 4 de noviembre, EXPRESO public\u00f3 sobre el aumento de la ansiedad que genera la situaci\u00f3n, lo que influye en todo. Un sondeo realizado por este Diario, a 74 personas en Guayaquil, todos indicaron que s\u00ed contratar\u00edan un guardia para cuidar los carros de sus invitados.<\/p>\n<p id=\"m332-331-333\" class=\"paragraph \"><strong>EL POL\u00cdGRAFO, UN SERVICIO PARA LA CASA<\/strong><\/p>\n<p id=\"m337-336-338\" class=\"paragraph \">El uso del pol\u00edgrafo, que es un detector de mentiras, antes era m\u00e1s requerido por las empresas; pero, ahora lo requieren m\u00e1s desde casas para contratar un jardinero, un chofer, una ni\u00f1era, etc. El incremento de los contratos para los hogares es de un 20 %, seg\u00fan la C\u00e1mara de Seguridad Privada del Ecuador. Del cien por ciento de los analizados un 40 % ten\u00eda v\u00ednculos con un delincuente.<\/p>\n<\/div>\n<p><a href=\"https:\/\/www.expreso.ec\/guayaquil\/guardias-vuelven-vitales-fiestas-reuniones-privadas-115142.html\">https:\/\/www.expreso.ec\/guayaquil\/guardias-vuelven-vitales-fiestas-reuniones-privadas-115142.html<\/a><\/p>\n","protected":false},"excerpt":{"rendered":"<p>La inseguridad que se vive en Guayaquil genera rubros extras en diversi\u00f3n. Los organizadores de eventos incluyen ahora en sus proformas la contrataci\u00f3n de guardian\u00eda privada, particularmente para el cuidado de veh\u00edculos de los invitados y as\u00ed evitar que pasen por malas experiencias. Los contratos de celadores para fiestas se han incrementado un 30 % este a\u00f1o, en relaci\u00f3n con 2019 en que las celebraciones eran normales y sin la COVID-19, indic\u00f3 a Diario EXPRESO Jorge Villacreces, presidente de la C\u00e1mara de Seguridad Privada del Ecuador. Y es que el parqueo y la seguridad son las mayores preocupaciones que tienen los invitados a la hora de acudir a un evento social. Entre enero y agosto de este 2021, el robo de carros subi\u00f3 en un 58,1 %, en relaci\u00f3n con 2020 durante el mismo per\u00edodo. De 2.676 pas\u00f3 a 4.231 veh\u00edculos sustra\u00eddos. Seg\u00fan cifras de la Polic\u00eda Nacional, un promedio de 7 automotores se sustrajo a diario en Guayaquil, en siete meses. Aunque las estad\u00edsticas no detallan cu\u00e1ntos de esos fueron robados en fiestas o reuniones, la ciudadan\u00eda lo que busca es evitar esos robos. \u201cEn estos d\u00edas es mejor ser precavida, ahora cuando organizo una fiesta contrato un custodio para que vigilen los carros de mis invitados\u201d, manifest\u00f3 la ciudadana D\u00e9bora Mora. Ante los asaltos en centros comerciales, tiendas, restaurantes y hasta en el Malec\u00f3n, la ciudadan\u00eda busca el resguardo privado o de la Polic\u00eda Nacional. \u201cEn la fiesta ahora son tan vitales los guardias como la comida\u201d, resalta Xavier Zavala, director de AsoPlanners, una agrupaci\u00f3n que organiza eventos. El empresario coment\u00f3 que semanas atr\u00e1s fue parte de la puesta en escena de una boda en Villamil Playas y, para cuidar los carros, los novios contrataron seis agentes privados. \u201cAdem\u00e1s siempre informamos a la Unidad de Polic\u00eda Comunitaria (UPC) que est\u00e1 m\u00e1s cerca del evento; y, esto agradecemos que siempre sale un patrullero a dar vueltas mientras se desarrolla el festejo. Incluso, cuando es en la playa avisamos hasta a la Armada Nacional, para que ellos cuiden desde el agua\u201d, agreg\u00f3 Zavala. La tendencia tambi\u00e9n fue ratificada por John Garaycoa, presidente de Mac Security y miembro de la Asociaci\u00f3n Nacional de Empresas de Seguridad Integral. Asegura que no solo se contratan custodios para fiestas, sino tambi\u00e9n para el exterior de la iglesia, para la boda eclesi\u00e1stica. Todo, para evitar el robo de los veh\u00edculos mientras se desarrolla el evento religioso. El valor es el mismo que se cobra a una empresa, pero por un d\u00eda de trabajo. El costo de un guardia al mes es de 3.200 d\u00f3lares. Al dividir esta cifra para 30 d\u00edas resulta 106,66 d\u00f3lares, que ser\u00eda el valor que est\u00e1n pagando los anfitriones de las fiestas por contratar un centinela. \u201cPor lo general contratan dos con armas y un carro para que d\u00e9 la vuelta. Para las siguientes semanas tengo el contrato para una boda en v\u00eda a la costa\u201d, cont\u00f3 Villacreces. Los expertos consultados puntualizaron que antes de que se d\u00e9 este incremento de inseguridad en Guayaquil, el contar con un guardia en una fiesta era una opci\u00f3n, ahora no. \u201cSi el anfitri\u00f3n de la celebraci\u00f3n no toma en cuenta el nivel de inseguridad que hay, nosotros lo hacemos, porque el \u00e9xito de la fiesta nos asegura nuevos contratos como \u2018wedding planner\u2019 (encargada de planificar); y lo menos que queremos es que nuestra reputaci\u00f3n de organizador de evento se da\u00f1e, por no prever los peligros que hay ahora. Hasta esta fecha las celebraciones se han dado sin problemas\u201d, se\u00f1al\u00f3 Zavala. Pero, en general, la ciudadan\u00eda se muestra temerosa ante la inseguridad que se vive en Guayaquil y otras ciudades del pa\u00eds. El pasado 4 de noviembre, EXPRESO public\u00f3 sobre el aumento de la ansiedad que genera la situaci\u00f3n, lo que influye en todo. Un sondeo realizado por este Diario, a 74 personas en Guayaquil, todos indicaron que s\u00ed contratar\u00edan un guardia para cuidar los carros de sus invitados. EL POL\u00cdGRAFO, UN SERVICIO PARA LA CASA El uso del pol\u00edgrafo, que es un detector de mentiras, antes era m\u00e1s requerido por las empresas; pero, ahora lo requieren m\u00e1s desde casas para contratar un jardinero, un chofer, una ni\u00f1era, etc. El incremento de los contratos para los hogares es de un 20 %, seg\u00fan la C\u00e1mara de Seguridad Privada del Ecuador. Del cien por ciento de los analizados un 40 % ten\u00eda v\u00ednculos con un delincuente. https:\/\/www.expreso.ec\/guayaquil\/guardias-vuelven-vitales-fiestas-reuniones-privadas-115142.html<\/p>\n","protected":false},"author":1,"featured_media":259460,"comment_status":"closed","ping_status":"closed","sticky":false,"template":"","format":"standard","meta":[],"categories":[35,24],"tags":[],"_links":{"self":[{"href":"https:\/\/www.ecuadortimes.net\/es\/wp-json\/wp\/v2\/posts\/259459"}],"collection":[{"href":"https:\/\/www.ecuadortimes.net\/es\/wp-json\/wp\/v2\/posts"}],"about":[{"href":"https:\/\/www.ecuadortimes.net\/es\/wp-json\/wp\/v2\/types\/post"}],"author":[{"embeddable":true,"href":"https:\/\/www.ecuadortimes.net\/es\/wp-json\/wp\/v2\/users\/1"}],"replies":[{"embeddable":true,"href":"https:\/\/www.ecuadortimes.net\/es\/wp-json\/wp\/v2\/comments?post=259459"}],"version-history":[{"count":1,"href":"https:\/\/www.ecuadortimes.net\/es\/wp-json\/wp\/v2\/posts\/259459\/revisions"}],"predecessor-version":[{"id":259461,"href":"https:\/\/www.ecuadortimes.net\/es\/wp-json\/wp\/v2\/posts\/259459\/revisions\/259461"}],"wp:featuredmedia":[{"embeddable":true,"href":"https:\/\/www.ecuadortimes.net\/es\/wp-json\/wp\/v2\/media\/259460"}],"wp:attachment":[{"href":"https:\/\/www.ecuadortimes.net\/es\/wp-json\/wp\/v2\/media?parent=259459"}],"wp:term":[{"taxonomy":"category","embeddable":true,"href":"https:\/\/www.ecuadortimes.net\/es\/wp-json\/wp\/v2\/categories?post=259459"},{"taxonomy":"post_tag","embeddable":true,"href":"https:\/\/www.ecuadortimes.net\/es\/wp-json\/wp\/v2\/tags?post=259459"}],"curies":[{"name":"wp","href":"https:\/\/api.w.org\/{rel}","templated":true}]}}