{"id":259476,"date":"2021-11-10T20:44:38","date_gmt":"2021-11-10T20:44:38","guid":{"rendered":"https:\/\/www.ecuadortimes.net\/es\/?p=259476"},"modified":"2021-11-10T20:44:38","modified_gmt":"2021-11-10T20:44:38","slug":"socio-de-alex-saab-llego-al-ecuador-en-vuelos-privados","status":"publish","type":"post","link":"https:\/\/www.ecuadortimes.net\/es\/socio-de-alex-saab-llego-al-ecuador-en-vuelos-privados\/","title":{"rendered":"Socio de \u00c1lex Saab lleg\u00f3 al Ecuador en vuelos privados"},"content":{"rendered":"<p><strong>Alex Pulido Vargas<\/strong> es un empresario colombiano con una fortuna amasada a la sombra de <strong>\u00c1lex Saab.<\/strong> Juntos se asociaron en 13 empresas que se establecieron en diferentes pa\u00edses. En Ecuador crearon el Fondo Global de Construcciones (Foglocons).<\/p>\n<div id=\"attachment_259477\" style=\"width: 710px\" class=\"wp-caption alignnone\"><img aria-describedby=\"caption-attachment-259477\" loading=\"lazy\" class=\"size-full wp-image-259477\" src=\"https:\/\/www.ecuadortimes.net\/es\/wp-content\/uploads\/2021\/11\/ecuador-times-ecuador-news-partner-of-alex-saab-arrived-in-ecuador-on-private-flights.jpeg\" alt=\"\" width=\"700\" height=\"402\" \/><p id=\"caption-attachment-259477\" class=\"wp-caption-text\">En la Comisi\u00f3n de Fiscalizaci\u00f3n se investigan las operaciones de \u00c1lex Saab en el Ecuador.<\/p><\/div>\n<p>Vargas, cuyo nombre real es Germ\u00e1n Rubio, sentenciado por drogas en Francia y por quien EE.UU. ofrece una <strong>recompensa de $ 10 millones, ingres\u00f3 cinco veces a Ecuador entre 2010 y 2013.<\/strong> Todos sus viajes eran de uno o dos d\u00edas, us\u00f3 vuelos privados e hizo el control migratorio en las salas VIP. La \u00fanica vez que se qued\u00f3 tres d\u00edas en el pa\u00eds fue del 10 al 13 de septiembre de 2012. El 19 de ese mes constituy\u00f3 Foglocons en la Notar\u00eda 37 de Guayaquil.<\/p>\n<p>Un hecho irregular se da justamente en la creaci\u00f3n de la compa\u00f1\u00eda. <strong>En el acta de constituci\u00f3n,<\/strong> la notaria Wendy Vera se\u00f1ala que Pulido Vargas comparece ante ella y que se trata de un \u201cejecutivo, colombiano, de tr\u00e1nsito por esta ciudad\u201d. <strong>Seg\u00fan el registro migratorio, ese d\u00eda \u00e9l no estaba en el pa\u00eds.<\/strong><\/p>\n<p>Este Diario busc\u00f3 a la notaria Vera y dej\u00f3 un mensaje con su secretaria. No respondi\u00f3.<\/p>\n<p>La \u00faltima pista sobre Pulido es del 5 de marzo de 2013. Ante Migraci\u00f3n consign\u00f3 su entrada desde Bogot\u00e1. <strong>Pero no hay registro de salida.<\/strong> Poco despu\u00e9s se convirti\u00f3 en pr\u00f3fugo de la justicia, tras conocerse que su empresa lav\u00f3 dinero a trav\u00e9s del sistema Sucre, creado por Hugo Ch\u00e1vez, a quien Pulido Vargas conoc\u00eda personalmente.<\/p>\n<p><a href=\"https:\/\/www.expreso.ec\/actualidad\/socio-alex-saab-llego-ecuador-vuelos-privados-115281.html\">https:\/\/www.expreso.ec\/actualidad\/socio-alex-saab-llego-ecuador-vuelos-privados-115281.html<\/a><\/p>\n","protected":false},"excerpt":{"rendered":"<p>Alex Pulido Vargas es un empresario colombiano con una fortuna amasada a la sombra de \u00c1lex Saab. Juntos se asociaron en 13 empresas que se establecieron en diferentes pa\u00edses. En Ecuador crearon el Fondo Global de Construcciones (Foglocons). Vargas, cuyo nombre real es Germ\u00e1n Rubio, sentenciado por drogas en Francia y por quien EE.UU. ofrece una recompensa de $ 10 millones, ingres\u00f3 cinco veces a Ecuador entre 2010 y 2013. Todos sus viajes eran de uno o dos d\u00edas, us\u00f3 vuelos privados e hizo el control migratorio en las salas VIP. La \u00fanica vez que se qued\u00f3 tres d\u00edas en el pa\u00eds fue del 10 al 13 de septiembre de 2012. El 19 de ese mes constituy\u00f3 Foglocons en la Notar\u00eda 37 de Guayaquil. Un hecho irregular se da justamente en la creaci\u00f3n de la compa\u00f1\u00eda. En el acta de constituci\u00f3n, la notaria Wendy Vera se\u00f1ala que Pulido Vargas comparece ante ella y que se trata de un \u201cejecutivo, colombiano, de tr\u00e1nsito por esta ciudad\u201d. Seg\u00fan el registro migratorio, ese d\u00eda \u00e9l no estaba en el pa\u00eds. Este Diario busc\u00f3 a la notaria Vera y dej\u00f3 un mensaje con su secretaria. No respondi\u00f3. La \u00faltima pista sobre Pulido es del 5 de marzo de 2013. Ante Migraci\u00f3n consign\u00f3 su entrada desde Bogot\u00e1. Pero no hay registro de salida. Poco despu\u00e9s se convirti\u00f3 en pr\u00f3fugo de la justicia, tras conocerse que su empresa lav\u00f3 dinero a trav\u00e9s del sistema Sucre, creado por Hugo Ch\u00e1vez, a quien Pulido Vargas conoc\u00eda personalmente. https:\/\/www.expreso.ec\/actualidad\/socio-alex-saab-llego-ecuador-vuelos-privados-115281.html<\/p>\n","protected":false},"author":1,"featured_media":259477,"comment_status":"closed","ping_status":"closed","sticky":false,"template":"","format":"standard","meta":[],"categories":[40,24],"tags":[],"_links":{"self":[{"href":"https:\/\/www.ecuadortimes.net\/es\/wp-json\/wp\/v2\/posts\/259476"}],"collection":[{"href":"https:\/\/www.ecuadortimes.net\/es\/wp-json\/wp\/v2\/posts"}],"about":[{"href":"https:\/\/www.ecuadortimes.net\/es\/wp-json\/wp\/v2\/types\/post"}],"author":[{"embeddable":true,"href":"https:\/\/www.ecuadortimes.net\/es\/wp-json\/wp\/v2\/users\/1"}],"replies":[{"embeddable":true,"href":"https:\/\/www.ecuadortimes.net\/es\/wp-json\/wp\/v2\/comments?post=259476"}],"version-history":[{"count":1,"href":"https:\/\/www.ecuadortimes.net\/es\/wp-json\/wp\/v2\/posts\/259476\/revisions"}],"predecessor-version":[{"id":259478,"href":"https:\/\/www.ecuadortimes.net\/es\/wp-json\/wp\/v2\/posts\/259476\/revisions\/259478"}],"wp:featuredmedia":[{"embeddable":true,"href":"https:\/\/www.ecuadortimes.net\/es\/wp-json\/wp\/v2\/media\/259477"}],"wp:attachment":[{"href":"https:\/\/www.ecuadortimes.net\/es\/wp-json\/wp\/v2\/media?parent=259476"}],"wp:term":[{"taxonomy":"category","embeddable":true,"href":"https:\/\/www.ecuadortimes.net\/es\/wp-json\/wp\/v2\/categories?post=259476"},{"taxonomy":"post_tag","embeddable":true,"href":"https:\/\/www.ecuadortimes.net\/es\/wp-json\/wp\/v2\/tags?post=259476"}],"curies":[{"name":"wp","href":"https:\/\/api.w.org\/{rel}","templated":true}]}}