{"id":259482,"date":"2021-11-10T21:15:08","date_gmt":"2021-11-10T21:15:08","guid":{"rendered":"https:\/\/www.ecuadortimes.net\/es\/?p=259482"},"modified":"2021-11-10T21:15:08","modified_gmt":"2021-11-10T21:15:08","slug":"legisladores-empiezan-a-definir-posturas-frente-a-ley-de-desarrollo-economico-y-sostenibilidad-fiscal","status":"publish","type":"post","link":"https:\/\/www.ecuadortimes.net\/es\/legisladores-empiezan-a-definir-posturas-frente-a-ley-de-desarrollo-economico-y-sostenibilidad-fiscal\/","title":{"rendered":"Legisladores empiezan a definir posturas frente a Ley de Desarrollo Econ\u00f3mico y Sostenibilidad Fiscal"},"content":{"rendered":"<section class=\"article-body prose prose-lg md:prose mx-auto space-y-3 font-primary\">\n<p class=\"prose-text\">La Comisi\u00f3n de Desarrollo Econ\u00f3mico de la Asamblea Nacional tiene programada para el pr\u00f3ximo 14 de noviembre la aprobaci\u00f3n del informe para primer debate del proyecto urgente de Desarrollo y Sostenibilidad Fiscal, que pretende establecer una recaudaci\u00f3n de $ 1.900 millones en dos a\u00f1os.<\/p>\n<div id=\"attachment_259483\" style=\"width: 1015px\" class=\"wp-caption alignnone\"><img aria-describedby=\"caption-attachment-259483\" loading=\"lazy\" class=\"size-full wp-image-259483\" src=\"https:\/\/www.ecuadortimes.net\/es\/wp-content\/uploads\/2021\/11\/ecuador-times-ecuador-news-daniel-noboa-azin-noticias-asambleista-presidente.jpg\" alt=\"\" width=\"1005\" height=\"670\" \/><p id=\"caption-attachment-259483\" class=\"wp-caption-text\">La comisi\u00f3n de Desarrollo Econ\u00f3mico, presidida por el asamble\u00edsta, Daniel Noboa (d), tramita la Ley Org\u00e1nica para el Desarrollo Econ\u00f3mico y Sostenibilidad Fiscal tras la pandemia COVID-19 presentado por el Presidente de la Rep\u00fablica.<\/p><\/div>\n<p class=\"prose-text\">Tras la comparecencia de las autoridades econ\u00f3micas del Gobierno, los sectores productivos, gremios empresariales, catedr\u00e1ticos y analistas econ\u00f3micos y tributarios, los legisladores de la mesa empiezan a perfilar los posibles cambios y marcar las l\u00edneas rojas en el proyecto de iniciativa del Ejecutivo.<\/p>\n<p class=\"prose-text\">El Comit\u00e9 Empresarial Ecuatoriano propuso un pacto fiscal para la sostenibilidad de las finanzas p\u00fablicas y la reactivaci\u00f3n econ\u00f3mica, pues cargar una nueva contribuci\u00f3n al sector productivo afectar\u00e1 la liquidez y capacidad de reactivaci\u00f3n de las empresas; que una mayor carga impositiva a los hogares deteriora la capacidad de consumo; por lo que proponen reformular el enfoque tributario para mejorar el proyecto.<\/p>\n<p class=\"prose-text\">El Gobierno, a trav\u00e9s de las autoridades econ\u00f3micas ratific\u00f3 que la reforma fortalece el principio de progresividad tributaria, que la afectaci\u00f3n sobre las contribuciones de las personas que ganan m\u00e1s de $ 2.000 mensuales ser\u00e1 m\u00ednima, as\u00ed como las contribuciones patrimoniales especiales. Adem\u00e1s, sostuvo que las deducciones por gastos personales se mantendr\u00e1n, aunque el techo bajar\u00e1 m\u00e1s del 50 % de lo que ahora est\u00e1 vigente.<\/p>\n<p class=\"prose-text\">Esas posturas llevan a los legisladores Daniel Noboa (EU), Francisco Jim\u00e9nez (CREO) y Wilma Andrade (ID) a anunciar los posibles cambios que se reformular\u00e1n en el proyecto econ\u00f3mico urgente.<\/p>\n<p class=\"prose-text\">Noboa considera que con esta Ley se deber\u00eda formalizar a la mayor parte de la gente que se dedica al comercio, pero no golpearla con impuestos que eliminar\u00e1n su capacidad de consumo y afectar duramente a la clase media.<\/p>\n<p class=\"prose-text\">Respecto al monto que se fijar\u00e1 en las deducciones de los gastos personales, indic\u00f3 que eso depender\u00e1 de la base que se fije en la reforma tributaria, pues si se empieza por encima de los $ 3.000 mensuales se podr\u00eda determinar cero deducciones, esas deducciones son una contraparte; entonces, se tendr\u00e1 que encontrar el balance adecuado para que haya el menor impacto posible para la gente.<\/p>\n<p class=\"prose-text\">Dijo que le preocupa el incremento de tributos sin una verdadera oportunidad a las empresas que generan nuevos empleos; por ello consider\u00f3 importante establecer con claridad el porcentaje de impuestos sobre inversiones nuevas. En inversiones nuevas se podr\u00eda bajar diez puntos y eso permitir\u00e1 que inversionistas nacionales e internacionales pongan dinero adicional al sistema ecuatoriano.<\/p>\n<p class=\"prose-text\">Andrade indic\u00f3 que desde este 10 de noviembre empezar\u00e1n a estructurar el informe para primer debate y a recoger todas las observaciones planteadas durante la etapa de socializaci\u00f3n.<\/p>\n<p class=\"prose-text\">Como parte de los cambios que presentar\u00e1 su organizaci\u00f3n pol\u00edtica est\u00e1 subir la base imponible de contribuci\u00f3n de las personas naturales y ubicarla para aquellos que ganen por encima de los $ 3.500 mensuales, y con ello se puede establecer un equilibrio y que exista una escala con una menor afectaci\u00f3n a todos los sectores que han sido golpeados por la pandemia.<\/p>\n<p class=\"prose-text\">Dijo que la propuesta de reforma debe incluir incentivos para aquellas empresas que contratan a las mujeres que han sido ampliamente golpeadas no solamente por la pandemia, sino tambi\u00e9n por la violencia en todos los aspectos.<\/p>\n<p class=\"prose-text\">En tanto que Jim\u00e9nez se\u00f1al\u00f3 que han escuchado a m\u00e1s de 50 personas, entre gremios, sectores productivos y academia, y asegur\u00f3 que ya tienen una idea de por d\u00f3nde se van direccionando las cosas, pues se busca una propuesta tributaria equitativa, razonable y justa.<\/p>\n<p class=\"prose-text\">El oficialista anunci\u00f3 que es probable que se suba el monto para las deducciones por gastos personales, pues el Ejecutivo plantea que sea hasta $ 5.000. La ID plantea ubicar a los deducibles hasta en unos $ 9.000, as\u00ed como que las personas que ganen m\u00e1s de $ 3.500 mensuales puedan contribuir; todos esos temas est\u00e1n en consideraci\u00f3n, afirm\u00f3.<\/p>\n<p class=\"prose-text\">Todo tiene que ser analizado, debatido y consensuado, y que como asamble\u00edsta del oficialismo considera que la propuesta del Gobierno es coherente, busca agrandar la base impositiva, no necesariamente cargarse m\u00e1s a los que m\u00e1s tienen, pero s\u00ed agrandar la base impositiva con racionalidad, equidad y estableciendo un panorama impositivo mucho m\u00e1s coherente para el pa\u00eds. <b>(I)<\/b><\/p>\n<\/section>\n<p><a href=\"https:\/\/www.eluniverso.com\/noticias\/economia\/legisladores-empiezan-a-definir-posturas-frente-a-ley-de-desarrollo-economico-y-sostenibilidad-fiscal-nota\/\">https:\/\/www.eluniverso.com\/noticias\/economia\/legisladores-empiezan-a-definir-posturas-frente-a-ley-de-desarrollo-economico-y-sostenibilidad-fiscal-nota\/<\/a><\/p>\n","protected":false},"excerpt":{"rendered":"<p>La Comisi\u00f3n de Desarrollo Econ\u00f3mico de la Asamblea Nacional tiene programada para el pr\u00f3ximo 14 de noviembre la aprobaci\u00f3n del informe para primer debate del proyecto urgente de Desarrollo y Sostenibilidad Fiscal, que pretende establecer una recaudaci\u00f3n de $ 1.900 millones en dos a\u00f1os. Tras la comparecencia de las autoridades econ\u00f3micas del Gobierno, los sectores productivos, gremios empresariales, catedr\u00e1ticos y analistas econ\u00f3micos y tributarios, los legisladores de la mesa empiezan a perfilar los posibles cambios y marcar las l\u00edneas rojas en el proyecto de iniciativa del Ejecutivo. El Comit\u00e9 Empresarial Ecuatoriano propuso un pacto fiscal para la sostenibilidad de las finanzas p\u00fablicas y la reactivaci\u00f3n econ\u00f3mica, pues cargar una nueva contribuci\u00f3n al sector productivo afectar\u00e1 la liquidez y capacidad de reactivaci\u00f3n de las empresas; que una mayor carga impositiva a los hogares deteriora la capacidad de consumo; por lo que proponen reformular el enfoque tributario para mejorar el proyecto. El Gobierno, a trav\u00e9s de las autoridades econ\u00f3micas ratific\u00f3 que la reforma fortalece el principio de progresividad tributaria, que la afectaci\u00f3n sobre las contribuciones de las personas que ganan m\u00e1s de $ 2.000 mensuales ser\u00e1 m\u00ednima, as\u00ed como las contribuciones patrimoniales especiales. Adem\u00e1s, sostuvo que las deducciones por gastos personales se mantendr\u00e1n, aunque el techo bajar\u00e1 m\u00e1s del 50 % de lo que ahora est\u00e1 vigente. Esas posturas llevan a los legisladores Daniel Noboa (EU), Francisco Jim\u00e9nez (CREO) y Wilma Andrade (ID) a anunciar los posibles cambios que se reformular\u00e1n en el proyecto econ\u00f3mico urgente. Noboa considera que con esta Ley se deber\u00eda formalizar a la mayor parte de la gente que se dedica al comercio, pero no golpearla con impuestos que eliminar\u00e1n su capacidad de consumo y afectar duramente a la clase media. Respecto al monto que se fijar\u00e1 en las deducciones de los gastos personales, indic\u00f3 que eso depender\u00e1 de la base que se fije en la reforma tributaria, pues si se empieza por encima de los $ 3.000 mensuales se podr\u00eda determinar cero deducciones, esas deducciones son una contraparte; entonces, se tendr\u00e1 que encontrar el balance adecuado para que haya el menor impacto posible para la gente. Dijo que le preocupa el incremento de tributos sin una verdadera oportunidad a las empresas que generan nuevos empleos; por ello consider\u00f3 importante establecer con claridad el porcentaje de impuestos sobre inversiones nuevas. En inversiones nuevas se podr\u00eda bajar diez puntos y eso permitir\u00e1 que inversionistas nacionales e internacionales pongan dinero adicional al sistema ecuatoriano. Andrade indic\u00f3 que desde este 10 de noviembre empezar\u00e1n a estructurar el informe para primer debate y a recoger todas las observaciones planteadas durante la etapa de socializaci\u00f3n. Como parte de los cambios que presentar\u00e1 su organizaci\u00f3n pol\u00edtica est\u00e1 subir la base imponible de contribuci\u00f3n de las personas naturales y ubicarla para aquellos que ganen por encima de los $ 3.500 mensuales, y con ello se puede establecer un equilibrio y que exista una escala con una menor afectaci\u00f3n a todos los sectores que han sido golpeados por la pandemia. Dijo que la propuesta de reforma debe incluir incentivos para aquellas empresas que contratan a las mujeres que han sido ampliamente golpeadas no solamente por la pandemia, sino tambi\u00e9n por la violencia en todos los aspectos. En tanto que Jim\u00e9nez se\u00f1al\u00f3 que han escuchado a m\u00e1s de 50 personas, entre gremios, sectores productivos y academia, y asegur\u00f3 que ya tienen una idea de por d\u00f3nde se van direccionando las cosas, pues se busca una propuesta tributaria equitativa, razonable y justa. El oficialista anunci\u00f3 que es probable que se suba el monto para las deducciones por gastos personales, pues el Ejecutivo plantea que sea hasta $ 5.000. La ID plantea ubicar a los deducibles hasta en unos $ 9.000, as\u00ed como que las personas que ganen m\u00e1s de $ 3.500 mensuales puedan contribuir; todos esos temas est\u00e1n en consideraci\u00f3n, afirm\u00f3. Todo tiene que ser analizado, debatido y consensuado, y que como asamble\u00edsta del oficialismo considera que la propuesta del Gobierno es coherente, busca agrandar la base impositiva, no necesariamente cargarse m\u00e1s a los que m\u00e1s tienen, pero s\u00ed agrandar la base impositiva con racionalidad, equidad y estableciendo un panorama impositivo mucho m\u00e1s coherente para el pa\u00eds. (I) https:\/\/www.eluniverso.com\/noticias\/economia\/legisladores-empiezan-a-definir-posturas-frente-a-ley-de-desarrollo-economico-y-sostenibilidad-fiscal-nota\/<\/p>\n","protected":false},"author":1,"featured_media":259483,"comment_status":"closed","ping_status":"closed","sticky":false,"template":"","format":"standard","meta":[],"categories":[40,24],"tags":[],"_links":{"self":[{"href":"https:\/\/www.ecuadortimes.net\/es\/wp-json\/wp\/v2\/posts\/259482"}],"collection":[{"href":"https:\/\/www.ecuadortimes.net\/es\/wp-json\/wp\/v2\/posts"}],"about":[{"href":"https:\/\/www.ecuadortimes.net\/es\/wp-json\/wp\/v2\/types\/post"}],"author":[{"embeddable":true,"href":"https:\/\/www.ecuadortimes.net\/es\/wp-json\/wp\/v2\/users\/1"}],"replies":[{"embeddable":true,"href":"https:\/\/www.ecuadortimes.net\/es\/wp-json\/wp\/v2\/comments?post=259482"}],"version-history":[{"count":1,"href":"https:\/\/www.ecuadortimes.net\/es\/wp-json\/wp\/v2\/posts\/259482\/revisions"}],"predecessor-version":[{"id":259484,"href":"https:\/\/www.ecuadortimes.net\/es\/wp-json\/wp\/v2\/posts\/259482\/revisions\/259484"}],"wp:featuredmedia":[{"embeddable":true,"href":"https:\/\/www.ecuadortimes.net\/es\/wp-json\/wp\/v2\/media\/259483"}],"wp:attachment":[{"href":"https:\/\/www.ecuadortimes.net\/es\/wp-json\/wp\/v2\/media?parent=259482"}],"wp:term":[{"taxonomy":"category","embeddable":true,"href":"https:\/\/www.ecuadortimes.net\/es\/wp-json\/wp\/v2\/categories?post=259482"},{"taxonomy":"post_tag","embeddable":true,"href":"https:\/\/www.ecuadortimes.net\/es\/wp-json\/wp\/v2\/tags?post=259482"}],"curies":[{"name":"wp","href":"https:\/\/api.w.org\/{rel}","templated":true}]}}