{"id":259485,"date":"2021-11-11T18:43:53","date_gmt":"2021-11-11T18:43:53","guid":{"rendered":"https:\/\/www.ecuadortimes.net\/es\/?p=259485"},"modified":"2021-11-11T18:43:53","modified_gmt":"2021-11-11T18:43:53","slug":"crisis-logistica-y-manejo-de-enfermedades-concentran-la-atencion-en-la-cumbre-banano-cacao","status":"publish","type":"post","link":"https:\/\/www.ecuadortimes.net\/es\/crisis-logistica-y-manejo-de-enfermedades-concentran-la-atencion-en-la-cumbre-banano-cacao\/","title":{"rendered":"Crisis log\u00edstica y manejo de enfermedades concentran la atenci\u00f3n en la Cumbre Banano &#038; Cacao"},"content":{"rendered":"<section class=\"article-body prose prose-lg md:prose mx-auto space-y-3 font-primary\">\n<p class=\"prose-text\">La mitigaci\u00f3n de enfermedades que impactan en los niveles de producci\u00f3n del banano y el cacao, dos de los productos estrella de la canasta exportable no petrolera del Ecuador, y la actual crisis log\u00edstica global que impacta en el transporte mar\u00edtimo, son los temas que m\u00e1s atenci\u00f3n concitan en la <b>Primera Cumbre Banano &amp; Cacao 2021,<\/b> que empez\u00f3 la noche del martes, en el Centro de Convenciones de Guayaquil, y que re\u00fane en su feria comercial a m\u00e1s de 50 empresas.<\/p>\n<div id=\"attachment_259486\" style=\"width: 1084px\" class=\"wp-caption alignnone\"><img aria-describedby=\"caption-attachment-259486\" loading=\"lazy\" class=\"size-full wp-image-259486\" src=\"https:\/\/www.ecuadortimes.net\/es\/wp-content\/uploads\/2021\/11\/ecuador-times-ecuador-news-logistics-crisis-and-disease-management-focus-attention-at-the-banana-and-cacao-summit.jpg\" alt=\"\" width=\"1074\" height=\"670\" srcset=\"https:\/\/www.ecuadortimes.net\/es\/wp-content\/uploads\/2021\/11\/ecuador-times-ecuador-news-logistics-crisis-and-disease-management-focus-attention-at-the-banana-and-cacao-summit.jpg 1074w, https:\/\/www.ecuadortimes.net\/es\/wp-content\/uploads\/2021\/11\/ecuador-times-ecuador-news-logistics-crisis-and-disease-management-focus-attention-at-the-banana-and-cacao-summit-400x250.jpg 400w\" sizes=\"(max-width: 1074px) 100vw, 1074px\" \/><p id=\"caption-attachment-259486\" class=\"wp-caption-text\">La Cumbre Banano &amp; Cacao 2021, que concentra a m\u00e1s de 50 empresas en su feria comercial, estar\u00e1 abierta hasta este jueves 11 en el Centro de Convenciones de Guayaquil.<\/p><\/div>\n<p class=\"prose-text\">El evento, organizado por Expoplaza, cuenta con el soporte y aval de la Asociaci\u00f3n de Graduados de Zamoranos del Litoral &#8211; Ecuador (Ageaple), la Asociaci\u00f3n de Graduados de la EARTH (Agearth), as\u00ed como la Asociaci\u00f3n de Productores de Cacao Fino y de Aroma (Aprocafa).<\/p>\n<p class=\"prose-text\">De enero a agosto el cacao y el banano generaron m\u00e1s de <b>$ 2.800 millones en exportaciones<\/b>, seg\u00fan cifras del Banco Central del Ecuador. De ah\u00ed el inter\u00e9s de estos sectores por mejorar productividades, conocer las m\u00e1s recientes innovaciones en el manejo de cultivos y c\u00f3mo se mueven los mercados internacionales impactados por la crisis log\u00edstica.<\/p>\n<p class=\"prose-text\">Este \u00faltimo tema fue resaltado por<b> Jorge Mar\u00fan, vicepresidente de Aprocafa<\/b>, quien se\u00f1al\u00f3 que el sector bananero enfrenta dificultades por esta crisis, no obstante, asegur\u00f3 que prev\u00e9n que las exportaciones de la fruta contin\u00faen creciendo, as\u00ed como las del cacao que han tenido un buen rendimiento.<\/p>\n<p class=\"prose-text\">Por su parte, <b>Rub\u00e9n Avenda\u00f1o, presidente de Ageaple,<\/b> calific\u00f3 el problema log\u00edstico que enfrenta el banano, que tiene alrededor de 220 hect\u00e1reas de cultivos en el pa\u00eds, como \u201cuna fuerte disyuntiva\u201d para el sector, que se suma a la preocupaci\u00f3n por una \u2018potencial llegada\u2019 del <i>Fusarium<\/i> raza 4 a territorio ecuatoriano, que ya se encuentra en Per\u00fa y Colombia. Esta enfermedad no tiene cura conocida y ataca a las plantaciones de banano y otras mus\u00e1ceas.<\/p>\n<p class=\"prose-text\">Al respecto, <b>Eddie Ochoa, miembro de la Junta Directiva de Agearth<\/b>, indic\u00f3 que, con el complicado panorama en el contexto internacional, con la crisis naviera, el alza de insumos y el <i>Fusarium<\/i> raza 4, el sector agr\u00edcola debe buscar ser m\u00e1s eficiente y sostenible ambientalmente.<\/p>\n<p class=\"prose-text\">\u201cEl <i>Fusarium<\/i> est\u00e1 a la vuelta de la esquina, pr\u00e1cticamente en la frontera, es un hongo que realmente amenaza a todo el pa\u00eds, la cuarta parte de la poblaci\u00f3n depende de esta actividad. En el tema del cacao, al igual que todos los a\u00f1os, los precios van m\u00e1s abajo en vez de subir\u201d, identific\u00f3 Ochoa como las principales problem\u00e1ticas de estos productos.<\/p>\n<p class=\"prose-text\">Problem\u00e1ticas a las que se busca plantear soluciones en el Programa de Conferencias de la Cumbre, que incluyen 16 charlas de expositores de 14 pa\u00edses, seg\u00fan indic\u00f3 Ricardo Baquerizo, presidente de Expoplaza.<\/p>\n<p class=\"prose-text\">Una de las conferencias, de este mi\u00e9rcoles, fue dictada por <b>V\u00edctor Quim\u00ed, quien <\/b>trat\u00f3 sobre los extractos vegetales utilizados para mitigar enfermedades en los cultivos de banano y cacao. El experto expuso los resultados de dos productos, un bioestimulante org\u00e1nico y un biofungicida, el primero registrado en Ecuador con certificaci\u00f3n org\u00e1nica.<\/p>\n<p class=\"prose-text\">El primero demostr\u00f3 una alta efectividad en el control de enfermedades en los cultivos de banano como el BSV, la erwinia y el moko, esta \u00faltima una enfermedad que, seg\u00fan Quim\u00ed, se present\u00f3 inicialmente en el pl\u00e1tano, pero ahora tambi\u00e9n afecta al banano. \u201cHay focos peque\u00f1os, pero sigue creciendo\u201d, advirti\u00f3 el experto, quien asegur\u00f3 que este producto tambi\u00e9n tuvo buenos resultados en plantaciones de banano de la variedad Gros Michel infestadas por el <i>Fusarium <\/i>raza 1, enfermedad que devast\u00f3 esta variedad en la d\u00e9cada de los sesenta.<\/p>\n<p class=\"prose-text\">En tanto, este jueves desde las 09:45, Antonio Gonz\u00e1lez y Juan Carlos Rojas, del Grupo Agrovid SAS, INIA Colombia y Per\u00fa, tratar\u00e1n la situaci\u00f3n del <i>Fusarium<\/i> raza 4 en esos pa\u00edses.<\/p>\n<p class=\"prose-text\">Mientras, en el caso del cacao, la mezcla de estos dos productos, seg\u00fan Quim\u00ed, dio excelentes resultados contra enfermedades como la monilla y el <i>Phytophthora<\/i>, enfermedades que, seg\u00fan el experto basado en datos del Iniap, son las responsables de las p\u00e9rdidas de hasta el 70 % de los cultivos de algunas fincas cacaoteras.<\/p>\n<p class=\"prose-text\">Por su parte, <b>Ricardo Baquerizo, presidente de Expoplaza<\/b>, asegur\u00f3 que existen m\u00e1s de 400 participantes inscritos para las conferencias de la Cumbre que estar\u00e1 hasta este jueves.<\/p>\n<p class=\"prose-text\">\u201cLa gente viene al congreso, son m\u00e1s de 400 inscritos, el sector productivo, van a venir m\u00e1s de 2.000 productores y creemos que durante estos d\u00edas reuniremos a alrededor de 4.000 personas\u201d, sostuvo Baquerizo. (I)<\/p>\n<\/section>\n<p><a href=\"https:\/\/www.eluniverso.com\/noticias\/economia\/crisis-logistica-y-manejo-de-enfermedades-concentran-la-atencion-en-la-cumbre-banano-cacao-nota\/\">https:\/\/www.eluniverso.com\/noticias\/economia\/crisis-logistica-y-manejo-de-enfermedades-concentran-la-atencion-en-la-cumbre-banano-cacao-nota\/<\/a><\/p>\n","protected":false},"excerpt":{"rendered":"<p>La mitigaci\u00f3n de enfermedades que impactan en los niveles de producci\u00f3n del banano y el cacao, dos de los productos estrella de la canasta exportable no petrolera del Ecuador, y la actual crisis log\u00edstica global que impacta en el transporte mar\u00edtimo, son los temas que m\u00e1s atenci\u00f3n concitan en la Primera Cumbre Banano &amp; Cacao 2021, que empez\u00f3 la noche del martes, en el Centro de Convenciones de Guayaquil, y que re\u00fane en su feria comercial a m\u00e1s de 50 empresas. El evento, organizado por Expoplaza, cuenta con el soporte y aval de la Asociaci\u00f3n de Graduados de Zamoranos del Litoral &#8211; Ecuador (Ageaple), la Asociaci\u00f3n de Graduados de la EARTH (Agearth), as\u00ed como la Asociaci\u00f3n de Productores de Cacao Fino y de Aroma (Aprocafa). De enero a agosto el cacao y el banano generaron m\u00e1s de $ 2.800 millones en exportaciones, seg\u00fan cifras del Banco Central del Ecuador. De ah\u00ed el inter\u00e9s de estos sectores por mejorar productividades, conocer las m\u00e1s recientes innovaciones en el manejo de cultivos y c\u00f3mo se mueven los mercados internacionales impactados por la crisis log\u00edstica. Este \u00faltimo tema fue resaltado por Jorge Mar\u00fan, vicepresidente de Aprocafa, quien se\u00f1al\u00f3 que el sector bananero enfrenta dificultades por esta crisis, no obstante, asegur\u00f3 que prev\u00e9n que las exportaciones de la fruta contin\u00faen creciendo, as\u00ed como las del cacao que han tenido un buen rendimiento. Por su parte, Rub\u00e9n Avenda\u00f1o, presidente de Ageaple, calific\u00f3 el problema log\u00edstico que enfrenta el banano, que tiene alrededor de 220 hect\u00e1reas de cultivos en el pa\u00eds, como \u201cuna fuerte disyuntiva\u201d para el sector, que se suma a la preocupaci\u00f3n por una \u2018potencial llegada\u2019 del Fusarium raza 4 a territorio ecuatoriano, que ya se encuentra en Per\u00fa y Colombia. Esta enfermedad no tiene cura conocida y ataca a las plantaciones de banano y otras mus\u00e1ceas. Al respecto, Eddie Ochoa, miembro de la Junta Directiva de Agearth, indic\u00f3 que, con el complicado panorama en el contexto internacional, con la crisis naviera, el alza de insumos y el Fusarium raza 4, el sector agr\u00edcola debe buscar ser m\u00e1s eficiente y sostenible ambientalmente. \u201cEl Fusarium est\u00e1 a la vuelta de la esquina, pr\u00e1cticamente en la frontera, es un hongo que realmente amenaza a todo el pa\u00eds, la cuarta parte de la poblaci\u00f3n depende de esta actividad. En el tema del cacao, al igual que todos los a\u00f1os, los precios van m\u00e1s abajo en vez de subir\u201d, identific\u00f3 Ochoa como las principales problem\u00e1ticas de estos productos. Problem\u00e1ticas a las que se busca plantear soluciones en el Programa de Conferencias de la Cumbre, que incluyen 16 charlas de expositores de 14 pa\u00edses, seg\u00fan indic\u00f3 Ricardo Baquerizo, presidente de Expoplaza. Una de las conferencias, de este mi\u00e9rcoles, fue dictada por V\u00edctor Quim\u00ed, quien trat\u00f3 sobre los extractos vegetales utilizados para mitigar enfermedades en los cultivos de banano y cacao. El experto expuso los resultados de dos productos, un bioestimulante org\u00e1nico y un biofungicida, el primero registrado en Ecuador con certificaci\u00f3n org\u00e1nica. El primero demostr\u00f3 una alta efectividad en el control de enfermedades en los cultivos de banano como el BSV, la erwinia y el moko, esta \u00faltima una enfermedad que, seg\u00fan Quim\u00ed, se present\u00f3 inicialmente en el pl\u00e1tano, pero ahora tambi\u00e9n afecta al banano. \u201cHay focos peque\u00f1os, pero sigue creciendo\u201d, advirti\u00f3 el experto, quien asegur\u00f3 que este producto tambi\u00e9n tuvo buenos resultados en plantaciones de banano de la variedad Gros Michel infestadas por el Fusarium raza 1, enfermedad que devast\u00f3 esta variedad en la d\u00e9cada de los sesenta. En tanto, este jueves desde las 09:45, Antonio Gonz\u00e1lez y Juan Carlos Rojas, del Grupo Agrovid SAS, INIA Colombia y Per\u00fa, tratar\u00e1n la situaci\u00f3n del Fusarium raza 4 en esos pa\u00edses. Mientras, en el caso del cacao, la mezcla de estos dos productos, seg\u00fan Quim\u00ed, dio excelentes resultados contra enfermedades como la monilla y el Phytophthora, enfermedades que, seg\u00fan el experto basado en datos del Iniap, son las responsables de las p\u00e9rdidas de hasta el 70 % de los cultivos de algunas fincas cacaoteras. Por su parte, Ricardo Baquerizo, presidente de Expoplaza, asegur\u00f3 que existen m\u00e1s de 400 participantes inscritos para las conferencias de la Cumbre que estar\u00e1 hasta este jueves. \u201cLa gente viene al congreso, son m\u00e1s de 400 inscritos, el sector productivo, van a venir m\u00e1s de 2.000 productores y creemos que durante estos d\u00edas reuniremos a alrededor de 4.000 personas\u201d, sostuvo Baquerizo. (I) https:\/\/www.eluniverso.com\/noticias\/economia\/crisis-logistica-y-manejo-de-enfermedades-concentran-la-atencion-en-la-cumbre-banano-cacao-nota\/<\/p>\n","protected":false},"author":1,"featured_media":259486,"comment_status":"closed","ping_status":"closed","sticky":false,"template":"","format":"standard","meta":[],"categories":[43,23],"tags":[],"_links":{"self":[{"href":"https:\/\/www.ecuadortimes.net\/es\/wp-json\/wp\/v2\/posts\/259485"}],"collection":[{"href":"https:\/\/www.ecuadortimes.net\/es\/wp-json\/wp\/v2\/posts"}],"about":[{"href":"https:\/\/www.ecuadortimes.net\/es\/wp-json\/wp\/v2\/types\/post"}],"author":[{"embeddable":true,"href":"https:\/\/www.ecuadortimes.net\/es\/wp-json\/wp\/v2\/users\/1"}],"replies":[{"embeddable":true,"href":"https:\/\/www.ecuadortimes.net\/es\/wp-json\/wp\/v2\/comments?post=259485"}],"version-history":[{"count":1,"href":"https:\/\/www.ecuadortimes.net\/es\/wp-json\/wp\/v2\/posts\/259485\/revisions"}],"predecessor-version":[{"id":259487,"href":"https:\/\/www.ecuadortimes.net\/es\/wp-json\/wp\/v2\/posts\/259485\/revisions\/259487"}],"wp:featuredmedia":[{"embeddable":true,"href":"https:\/\/www.ecuadortimes.net\/es\/wp-json\/wp\/v2\/media\/259486"}],"wp:attachment":[{"href":"https:\/\/www.ecuadortimes.net\/es\/wp-json\/wp\/v2\/media?parent=259485"}],"wp:term":[{"taxonomy":"category","embeddable":true,"href":"https:\/\/www.ecuadortimes.net\/es\/wp-json\/wp\/v2\/categories?post=259485"},{"taxonomy":"post_tag","embeddable":true,"href":"https:\/\/www.ecuadortimes.net\/es\/wp-json\/wp\/v2\/tags?post=259485"}],"curies":[{"name":"wp","href":"https:\/\/api.w.org\/{rel}","templated":true}]}}