{"id":259500,"date":"2021-11-15T19:05:18","date_gmt":"2021-11-15T19:05:18","guid":{"rendered":"https:\/\/www.ecuadortimes.net\/es\/?p=259500"},"modified":"2021-11-15T19:05:18","modified_gmt":"2021-11-15T19:05:18","slug":"ecuador-mostrara-sus-25-mas-grandes-proyectos-publicos-de-inversion-en-el-open-for-business-2021","status":"publish","type":"post","link":"https:\/\/www.ecuadortimes.net\/es\/ecuador-mostrara-sus-25-mas-grandes-proyectos-publicos-de-inversion-en-el-open-for-business-2021\/","title":{"rendered":"Ecuador mostrar\u00e1 sus 25 m\u00e1s grandes proyectos p\u00fablicos de inversi\u00f3n en el Open for Business 2021"},"content":{"rendered":"<section class=\"article-body prose prose-lg md:prose mx-auto space-y-3 font-primary\">\n<p class=\"prose-text\">Esta semana se realizar\u00e1 el foro de inversiones Ecuador Open for Business 2021 en Quito, este 18 y 19 de noviembre, y en el que se expondr\u00e1n los 25 proyectos p\u00fablicos de inversi\u00f3n m\u00e1s grandes disponibles en el pa\u00eds.<\/p>\n<div id=\"attachment_259501\" style=\"width: 962px\" class=\"wp-caption alignnone\"><img aria-describedby=\"caption-attachment-259501\" loading=\"lazy\" class=\"size-full wp-image-259501\" src=\"https:\/\/www.ecuadortimes.net\/es\/wp-content\/uploads\/2021\/11\/ecuador-times-ecuador-news-ecuador-will-show-its-25-largest-public-investment-projects-at-the-open-for-business-2021.jpeg\" alt=\"\" width=\"952\" height=\"670\" srcset=\"https:\/\/www.ecuadortimes.net\/es\/wp-content\/uploads\/2021\/11\/ecuador-times-ecuador-news-ecuador-will-show-its-25-largest-public-investment-projects-at-the-open-for-business-2021.jpeg 952w, https:\/\/www.ecuadortimes.net\/es\/wp-content\/uploads\/2021\/11\/ecuador-times-ecuador-news-ecuador-will-show-its-25-largest-public-investment-projects-at-the-open-for-business-2021-75x52.jpeg 75w\" sizes=\"(max-width: 952px) 100vw, 952px\" \/><p id=\"caption-attachment-259501\" class=\"wp-caption-text\">Julio Jos\u00e9 Prado, ministro de Producci\u00f3n, Comercio Exterior, Inversiones y Pesca, asegur\u00f3 que el Ecuador cuenta con una de las econom\u00edas m\u00e1s estables de la regi\u00f3n.<\/p><\/div>\n<p class=\"prose-text\">Durante estos dos d\u00edas, m\u00e1s de 50 ponentes de alto nivel, incluidos funcionarios de Gobierno, instituciones de desarrollo internacional, inversionistas, ejecutivos de corporaciones privadas multinacionales y otras partes clave interesadas, compartir\u00e1n su experiencia alrededor del mundo de los negocios.<\/p>\n<p class=\"prose-text\">Habr\u00e1, adem\u00e1s, mesas redondas de negocios, en las que los participantes podr\u00e1n conectarse con potenciales socios comerciales y crear alianzas estrat\u00e9gicas a largo plazo; y paneles y conferencias para tratar diversos temas de inter\u00e9s con un enfoque innovador, tanto para asociaciones p\u00fablico-privadas como entre privados.<\/p>\n<p class=\"prose-text\">El evento, que se llevar\u00e1 a cabo en un formato h\u00edbrido, espera atraer a 500 participantes presenciales y hasta 2.000 virtuales.<\/p>\n<p class=\"prose-text\">Seg\u00fan el Ministerio de Producci\u00f3n, Comercio Exterior, Inversiones y Pesca, los sectores que se destacar\u00e1n durante la cumbre incluyen el turismo, telecomunicaciones, miner\u00eda, energ\u00eda renovable, hidrocarburos, finanzas, log\u00edstica, agroalimentos y vivienda. La innovaci\u00f3n, la igualdad de g\u00e9nero, la inversi\u00f3n sostenible y de impacto, as\u00ed como las asociaciones p\u00fablico-privadas, tambi\u00e9n tendr\u00e1n su espacio.<\/p>\n<div class=\"flex justify-center\" data-oembed-type=\"twitter\">\n<div class=\"twitter-tweet twitter-tweet-rendered\" style=\"display: flex; max-width: 550px; width: 100%; margin-top: 10px; margin-bottom: 10px;\"><iframe id=\"twitter-widget-0\" class=\"\" style=\"position: static; visibility: visible; width: 550px; height: 633px; display: block; flex-grow: 1;\" title=\"Twitter Tweet\" src=\"https:\/\/platform.twitter.com\/embed\/Tweet.html?creatorScreenName=eluniversocom&amp;creatorUserId=1597931854&amp;dnt=false&amp;embedId=twitter-widget-0&amp;features=eyJ0ZndfZXhwZXJpbWVudHNfY29va2llX2V4cGlyYXRpb24iOnsiYnVja2V0IjoxMjA5NjAwLCJ2ZXJzaW9uIjpudWxsfSwidGZ3X2hvcml6b25fdHdlZXRfZW1iZWRfOTU1NSI6eyJidWNrZXQiOiJodGUiLCJ2ZXJzaW9uIjpudWxsfSwidGZ3X3NwYWNlX2NhcmQiOnsiYnVja2V0Ijoib2ZmIiwidmVyc2lvbiI6bnVsbH19&amp;frame=false&amp;hideCard=false&amp;hideThread=false&amp;id=1459306222553903105&amp;lang=es&amp;origin=https%3A%2F%2Fwww.eluniverso.com%2Fnoticias%2Feconomia%2Fpais-mostrara-sus-25-mas-grandes-proyectos-publicos-de-inversion-en-el-foro-ecuador-open-for-business-2021-nota%2F&amp;sessionId=0be086ab062817a9fd40f301f97218c993921fdd&amp;siteScreenName=eluniversocom&amp;siteUserId=1597931854&amp;theme=light&amp;widgetsVersion=f001879%3A1634581029404&amp;width=550px\" frameborder=\"0\" scrolling=\"no\" allowfullscreen=\"allowfullscreen\" data-tweet-id=\"1459306222553903105\"><\/iframe><\/div>\n<p><script async=\"\" src=\"https:\/\/platform.twitter.com\/widgets.js\" charset=\"utf-8\"><\/script><\/p>\n<\/div>\n<p class=\"prose-text\">\u201cNuestro objetivo es mejorar el clima empresarial y reconstruir la econom\u00eda de Ecuador a trav\u00e9s de una transformaci\u00f3n de la productividad y la competitividad que fortalecer\u00e1 nuestros sectores clave. Establecemos las bases para una recuperaci\u00f3n econ\u00f3mica s\u00f3lida y sostenible, basada en alianzas a largo plazo e inversi\u00f3n privada\u201d, asegur\u00f3 Julio Jos\u00e9 Prado, ministro de Producci\u00f3n, Comercio Exterior, Inversiones y Pesca.<\/p>\n<p class=\"prose-text\">Agreg\u00f3 que el pa\u00eds cuenta con una de las econom\u00edas m\u00e1s estables de la regi\u00f3n. (I)<\/p>\n<\/section>\n<p><a href=\"https:\/\/www.eluniverso.com\/noticias\/economia\/pais-mostrara-sus-25-mas-grandes-proyectos-publicos-de-inversion-en-el-foro-ecuador-open-for-business-2021-nota\/\">https:\/\/www.eluniverso.com\/noticias\/economia\/pais-mostrara-sus-25-mas-grandes-proyectos-publicos-de-inversion-en-el-foro-ecuador-open-for-business-2021-nota\/<\/a><\/p>\n","protected":false},"excerpt":{"rendered":"<p>Esta semana se realizar\u00e1 el foro de inversiones Ecuador Open for Business 2021 en Quito, este 18 y 19 de noviembre, y en el que se expondr\u00e1n los 25 proyectos p\u00fablicos de inversi\u00f3n m\u00e1s grandes disponibles en el pa\u00eds. Durante estos dos d\u00edas, m\u00e1s de 50 ponentes de alto nivel, incluidos funcionarios de Gobierno, instituciones de desarrollo internacional, inversionistas, ejecutivos de corporaciones privadas multinacionales y otras partes clave interesadas, compartir\u00e1n su experiencia alrededor del mundo de los negocios. Habr\u00e1, adem\u00e1s, mesas redondas de negocios, en las que los participantes podr\u00e1n conectarse con potenciales socios comerciales y crear alianzas estrat\u00e9gicas a largo plazo; y paneles y conferencias para tratar diversos temas de inter\u00e9s con un enfoque innovador, tanto para asociaciones p\u00fablico-privadas como entre privados. El evento, que se llevar\u00e1 a cabo en un formato h\u00edbrido, espera atraer a 500 participantes presenciales y hasta 2.000 virtuales. Seg\u00fan el Ministerio de Producci\u00f3n, Comercio Exterior, Inversiones y Pesca, los sectores que se destacar\u00e1n durante la cumbre incluyen el turismo, telecomunicaciones, miner\u00eda, energ\u00eda renovable, hidrocarburos, finanzas, log\u00edstica, agroalimentos y vivienda. La innovaci\u00f3n, la igualdad de g\u00e9nero, la inversi\u00f3n sostenible y de impacto, as\u00ed como las asociaciones p\u00fablico-privadas, tambi\u00e9n tendr\u00e1n su espacio. \u201cNuestro objetivo es mejorar el clima empresarial y reconstruir la econom\u00eda de Ecuador a trav\u00e9s de una transformaci\u00f3n de la productividad y la competitividad que fortalecer\u00e1 nuestros sectores clave. Establecemos las bases para una recuperaci\u00f3n econ\u00f3mica s\u00f3lida y sostenible, basada en alianzas a largo plazo e inversi\u00f3n privada\u201d, asegur\u00f3 Julio Jos\u00e9 Prado, ministro de Producci\u00f3n, Comercio Exterior, Inversiones y Pesca. Agreg\u00f3 que el pa\u00eds cuenta con una de las econom\u00edas m\u00e1s estables de la regi\u00f3n. (I) https:\/\/www.eluniverso.com\/noticias\/economia\/pais-mostrara-sus-25-mas-grandes-proyectos-publicos-de-inversion-en-el-foro-ecuador-open-for-business-2021-nota\/<\/p>\n","protected":false},"author":1,"featured_media":259501,"comment_status":"closed","ping_status":"closed","sticky":false,"template":"","format":"standard","meta":[],"categories":[43,23],"tags":[],"_links":{"self":[{"href":"https:\/\/www.ecuadortimes.net\/es\/wp-json\/wp\/v2\/posts\/259500"}],"collection":[{"href":"https:\/\/www.ecuadortimes.net\/es\/wp-json\/wp\/v2\/posts"}],"about":[{"href":"https:\/\/www.ecuadortimes.net\/es\/wp-json\/wp\/v2\/types\/post"}],"author":[{"embeddable":true,"href":"https:\/\/www.ecuadortimes.net\/es\/wp-json\/wp\/v2\/users\/1"}],"replies":[{"embeddable":true,"href":"https:\/\/www.ecuadortimes.net\/es\/wp-json\/wp\/v2\/comments?post=259500"}],"version-history":[{"count":1,"href":"https:\/\/www.ecuadortimes.net\/es\/wp-json\/wp\/v2\/posts\/259500\/revisions"}],"predecessor-version":[{"id":259502,"href":"https:\/\/www.ecuadortimes.net\/es\/wp-json\/wp\/v2\/posts\/259500\/revisions\/259502"}],"wp:featuredmedia":[{"embeddable":true,"href":"https:\/\/www.ecuadortimes.net\/es\/wp-json\/wp\/v2\/media\/259501"}],"wp:attachment":[{"href":"https:\/\/www.ecuadortimes.net\/es\/wp-json\/wp\/v2\/media?parent=259500"}],"wp:term":[{"taxonomy":"category","embeddable":true,"href":"https:\/\/www.ecuadortimes.net\/es\/wp-json\/wp\/v2\/categories?post=259500"},{"taxonomy":"post_tag","embeddable":true,"href":"https:\/\/www.ecuadortimes.net\/es\/wp-json\/wp\/v2\/tags?post=259500"}],"curies":[{"name":"wp","href":"https:\/\/api.w.org\/{rel}","templated":true}]}}