{"id":259509,"date":"2021-11-16T20:07:24","date_gmt":"2021-11-16T20:07:24","guid":{"rendered":"https:\/\/www.ecuadortimes.net\/es\/?p=259509"},"modified":"2021-11-16T20:07:24","modified_gmt":"2021-11-16T20:07:24","slug":"productores-de-aguacate-en-latinoamerica-ven-un-futuro-prometedor-y-eficiente","status":"publish","type":"post","link":"https:\/\/www.ecuadortimes.net\/es\/productores-de-aguacate-en-latinoamerica-ven-un-futuro-prometedor-y-eficiente\/","title":{"rendered":"Productores de aguacate en Latinoam\u00e9rica ven un futuro prometedor y eficiente"},"content":{"rendered":"<div class=\"content-modules-container\">\n<p id=\"m103-102-104\" class=\"paragraph \"><strong>Cientos de productores<\/strong> de aguacate de Latinoam\u00e9rica concluyeron este viernes un congreso regional en <strong>Guatemala <\/strong>con la vista en el aumento al precio internacional del <strong>fruto <\/strong>y en la eficiencia del uso del agua en las plantaciones del alimento.<\/p>\n<div id=\"attachment_259510\" style=\"width: 710px\" class=\"wp-caption alignnone\"><img aria-describedby=\"caption-attachment-259510\" loading=\"lazy\" class=\"size-full wp-image-259510\" src=\"https:\/\/www.ecuadortimes.net\/es\/wp-content\/uploads\/2021\/11\/ecuador-times-ecuador-news-avocado-growers-in-latin-america-see-a-promising-and-efficient-future.jpeg\" alt=\"\" width=\"700\" height=\"402\" \/><p id=\"caption-attachment-259510\" class=\"wp-caption-text\">El sabrosos fruto tiene buen porvenir en la regi\u00f3n, seg\u00fan cientos de productores reunidos hasta hoy en Guatemala.<\/p><\/div>\n<p id=\"m140-139-141\" class=\"paragraph \">El presidente del comit\u00e9 organizador del<strong> VI Congreso Latinoamericano del Aguacate,<\/strong> Andr\u00e9s Espinoza, uno de los principales productores y promotores del fruto en Guatemala, dijo a Efe que el evento ha sido un &#8220;punto de encuentro de productores, <strong>comercializadores<\/strong>, investigadores, y t\u00e9cnicos para presentar los resultados de investigaci\u00f3n de los \u00faltimos a\u00f1os&#8221; sobre el aguacate.<\/p>\n<p id=\"m145-144-146\" class=\"paragraph \">Espinoza puntualiz\u00f3 que las conclusiones obtenidas &#8220;nos permiten as\u00ed ser m\u00e1s eficientes en la producci\u00f3n y presentar nuevas t\u00e9cnicas de control de plagas y enfermedades, que adem\u00e1s sean t\u00e9cnicas m\u00e1s amigables con el ambiente y que le den m\u00e1s <strong>sostenibilidad<\/strong>&#8220;.<\/p>\n<p id=\"m150-149-151\" class=\"paragraph \">El <strong>congreso <\/strong>comenz\u00f3 el pasado mi\u00e9rcoles en la <strong>ciudad de<\/strong> <strong>Antigua Guatemala, <\/strong>unos 40 kil\u00f3metros al oeste de la capital del pa\u00eds, y culmin\u00f3 este viernes con la visita a seis fincas productoras en la regi\u00f3n.<\/p>\n<p id=\"m155-154-156\" class=\"paragraph \">El presidente del comit\u00e9 enfatiz\u00f3 que Guatemala &#8220;es un centro de origen de aguacates&#8221; y particularmente Antigua, la ciudad sede, &#8220;es un representante muy importante para nosotros, pues es un sitio a donde han llegado investigadores del aguacate desde 1916 a estudiar los materiales de raza guatemalteca que hay en el pa\u00eds&#8221;.<\/p>\n<p id=\"m160-159-161\" class=\"paragraph \">EL USO DEL AGUA<\/p>\n<p id=\"m165-164-166\" class=\"paragraph \">Cuestionado acerca de los m\u00faltiples se\u00f1alamientos que rondan la producci\u00f3n del aguacate en el uso del agua y en las repercusiones que esto tiene en comunidades aleda\u00f1as a las fincas en la regi\u00f3n, Espinoza consider\u00f3 que &#8220;el crecimiento de la oposici\u00f3n esta semana se da mientras sucede la <strong>cumbre ambiental COP26 en Glasgow, Escocia,<\/strong> en busca de una <strong>mayor conciencia ambiental&#8221;.<\/strong><\/p>\n<p id=\"m201-200-202\" class=\"paragraph \">La industria de aguacate en el mundo, agreg\u00f3, es &#8220;muy consciente, ya que se utilizan sistemas de riego presurizados y tecnificados, para ser eficientes en el uso del agua, porque es el recurso m\u00e1s limitado que tenemos&#8221;.<\/p>\n<p id=\"m206-205-207\" class=\"paragraph \">Indic\u00f3 que seg\u00fan un estudio publicado recientemente en <strong>Portugal <\/strong>&#8220;se estableci\u00f3 que en ese pa\u00eds se utilizan de 5.600 a 6.600 metros c\u00fabicos de agua por hect\u00e1rea al a\u00f1o&#8221; en la siembra de la fruta, un extremo que es &#8220;<strong>comparable<\/strong>&#8221; con otros <strong>cultivos<\/strong>, como el de las almendras, los c\u00edtricos, el persimon o las granadas, apunt\u00f3 el guatemalteco.<\/p>\n<p id=\"m211-210-212\" class=\"paragraph \">&#8220;Esto desmitifica que el aguacate requiera m\u00e1s agua como otros cultivos frutales o de nueces que se consumen en el mundo&#8221;, subray\u00f3 Espinoza.<\/p>\n<p id=\"m216-215-217\" class=\"paragraph \">Adem\u00e1s, sostuvo que hay plant\u00edos que \u00fanicamente necesitan el agua de lluvia, como en Michoac\u00e1n, <strong>M\u00e9xico<\/strong>, donde &#8220;no hacen reservorios de agua de lluvia. SImplemente logran mantener un buen manejo del suelo con cobertura vegetal generada por las mismas hojas de los aguacates&#8221;.<\/p>\n<p id=\"m221-220-222\" class=\"paragraph \">Otras visiones de expertos, sin embargo, afirman que el aguacate (o palta, como le llaman en <strong>Chile y Argentina<\/strong>) es un fruto muy pol\u00e9mico que, incluso, empieza a tener mala fama en algunos sectores, fundamentalmente porque su cultivo absorbe mucha agua en zonas afectadas por grandes sequ\u00edas, adem\u00e1s de ser supuestamente un alimento sometido a presiones especulativas de precios.<\/p>\n<p id=\"m226-225-227\" class=\"paragraph \">Al Congreso se dieron cita 639 personas, de las cuales 103 lo hicieron de forma remota y virtual desde distintas partes de Latinoam\u00e9rica para respetar la sana distancia por motivo de la pandemia de la<strong> covid-19.<\/strong><\/p>\n<p id=\"m231-230-232\" class=\"paragraph \">Durante el evento realizaron m\u00e1s de 50 conferencias internacionales de expertos procedentes del pa\u00eds anfitri\u00f3n, Guatemala, as\u00ed como de<strong> M\u00e9xico, Colombia, Per\u00fa, Chile y Espa\u00f1a.<\/strong><\/p>\n<p id=\"m236-235-237\" class=\"paragraph \">Adem\u00e1s, hubo exposiciones y charlas magistrales que abordaron el crecimiento de los precios, el mercado, los sistemas de uso eficiente de agua y sistemas t\u00e9cnicos de riego de primer nivel.<\/p>\n<\/div>\n<p><a href=\"https:\/\/www.expreso.ec\/actualidad\/economia\/productores-aguacate-latinoamerica-ven-futuro-prometedor-eficiente-115473.html\">https:\/\/www.expreso.ec\/actualidad\/economia\/productores-aguacate-latinoamerica-ven-futuro-prometedor-eficiente-115473.html<\/a><\/p>\n","protected":false},"excerpt":{"rendered":"<p>Cientos de productores de aguacate de Latinoam\u00e9rica concluyeron este viernes un congreso regional en Guatemala con la vista en el aumento al precio internacional del fruto y en la eficiencia del uso del agua en las plantaciones del alimento. El presidente del comit\u00e9 organizador del VI Congreso Latinoamericano del Aguacate, Andr\u00e9s Espinoza, uno de los principales productores y promotores del fruto en Guatemala, dijo a Efe que el evento ha sido un &#8220;punto de encuentro de productores, comercializadores, investigadores, y t\u00e9cnicos para presentar los resultados de investigaci\u00f3n de los \u00faltimos a\u00f1os&#8221; sobre el aguacate. Espinoza puntualiz\u00f3 que las conclusiones obtenidas &#8220;nos permiten as\u00ed ser m\u00e1s eficientes en la producci\u00f3n y presentar nuevas t\u00e9cnicas de control de plagas y enfermedades, que adem\u00e1s sean t\u00e9cnicas m\u00e1s amigables con el ambiente y que le den m\u00e1s sostenibilidad&#8220;. El congreso comenz\u00f3 el pasado mi\u00e9rcoles en la ciudad de Antigua Guatemala, unos 40 kil\u00f3metros al oeste de la capital del pa\u00eds, y culmin\u00f3 este viernes con la visita a seis fincas productoras en la regi\u00f3n. El presidente del comit\u00e9 enfatiz\u00f3 que Guatemala &#8220;es un centro de origen de aguacates&#8221; y particularmente Antigua, la ciudad sede, &#8220;es un representante muy importante para nosotros, pues es un sitio a donde han llegado investigadores del aguacate desde 1916 a estudiar los materiales de raza guatemalteca que hay en el pa\u00eds&#8221;. EL USO DEL AGUA Cuestionado acerca de los m\u00faltiples se\u00f1alamientos que rondan la producci\u00f3n del aguacate en el uso del agua y en las repercusiones que esto tiene en comunidades aleda\u00f1as a las fincas en la regi\u00f3n, Espinoza consider\u00f3 que &#8220;el crecimiento de la oposici\u00f3n esta semana se da mientras sucede la cumbre ambiental COP26 en Glasgow, Escocia, en busca de una mayor conciencia ambiental&#8221;. La industria de aguacate en el mundo, agreg\u00f3, es &#8220;muy consciente, ya que se utilizan sistemas de riego presurizados y tecnificados, para ser eficientes en el uso del agua, porque es el recurso m\u00e1s limitado que tenemos&#8221;. Indic\u00f3 que seg\u00fan un estudio publicado recientemente en Portugal &#8220;se estableci\u00f3 que en ese pa\u00eds se utilizan de 5.600 a 6.600 metros c\u00fabicos de agua por hect\u00e1rea al a\u00f1o&#8221; en la siembra de la fruta, un extremo que es &#8220;comparable&#8221; con otros cultivos, como el de las almendras, los c\u00edtricos, el persimon o las granadas, apunt\u00f3 el guatemalteco. &#8220;Esto desmitifica que el aguacate requiera m\u00e1s agua como otros cultivos frutales o de nueces que se consumen en el mundo&#8221;, subray\u00f3 Espinoza. Adem\u00e1s, sostuvo que hay plant\u00edos que \u00fanicamente necesitan el agua de lluvia, como en Michoac\u00e1n, M\u00e9xico, donde &#8220;no hacen reservorios de agua de lluvia. SImplemente logran mantener un buen manejo del suelo con cobertura vegetal generada por las mismas hojas de los aguacates&#8221;. Otras visiones de expertos, sin embargo, afirman que el aguacate (o palta, como le llaman en Chile y Argentina) es un fruto muy pol\u00e9mico que, incluso, empieza a tener mala fama en algunos sectores, fundamentalmente porque su cultivo absorbe mucha agua en zonas afectadas por grandes sequ\u00edas, adem\u00e1s de ser supuestamente un alimento sometido a presiones especulativas de precios. Al Congreso se dieron cita 639 personas, de las cuales 103 lo hicieron de forma remota y virtual desde distintas partes de Latinoam\u00e9rica para respetar la sana distancia por motivo de la pandemia de la covid-19. Durante el evento realizaron m\u00e1s de 50 conferencias internacionales de expertos procedentes del pa\u00eds anfitri\u00f3n, Guatemala, as\u00ed como de M\u00e9xico, Colombia, Per\u00fa, Chile y Espa\u00f1a. Adem\u00e1s, hubo exposiciones y charlas magistrales que abordaron el crecimiento de los precios, el mercado, los sistemas de uso eficiente de agua y sistemas t\u00e9cnicos de riego de primer nivel. https:\/\/www.expreso.ec\/actualidad\/economia\/productores-aguacate-latinoamerica-ven-futuro-prometedor-eficiente-115473.html<\/p>\n","protected":false},"author":1,"featured_media":259510,"comment_status":"closed","ping_status":"closed","sticky":false,"template":"","format":"standard","meta":[],"categories":[43,24],"tags":[],"_links":{"self":[{"href":"https:\/\/www.ecuadortimes.net\/es\/wp-json\/wp\/v2\/posts\/259509"}],"collection":[{"href":"https:\/\/www.ecuadortimes.net\/es\/wp-json\/wp\/v2\/posts"}],"about":[{"href":"https:\/\/www.ecuadortimes.net\/es\/wp-json\/wp\/v2\/types\/post"}],"author":[{"embeddable":true,"href":"https:\/\/www.ecuadortimes.net\/es\/wp-json\/wp\/v2\/users\/1"}],"replies":[{"embeddable":true,"href":"https:\/\/www.ecuadortimes.net\/es\/wp-json\/wp\/v2\/comments?post=259509"}],"version-history":[{"count":1,"href":"https:\/\/www.ecuadortimes.net\/es\/wp-json\/wp\/v2\/posts\/259509\/revisions"}],"predecessor-version":[{"id":259511,"href":"https:\/\/www.ecuadortimes.net\/es\/wp-json\/wp\/v2\/posts\/259509\/revisions\/259511"}],"wp:featuredmedia":[{"embeddable":true,"href":"https:\/\/www.ecuadortimes.net\/es\/wp-json\/wp\/v2\/media\/259510"}],"wp:attachment":[{"href":"https:\/\/www.ecuadortimes.net\/es\/wp-json\/wp\/v2\/media?parent=259509"}],"wp:term":[{"taxonomy":"category","embeddable":true,"href":"https:\/\/www.ecuadortimes.net\/es\/wp-json\/wp\/v2\/categories?post=259509"},{"taxonomy":"post_tag","embeddable":true,"href":"https:\/\/www.ecuadortimes.net\/es\/wp-json\/wp\/v2\/tags?post=259509"}],"curies":[{"name":"wp","href":"https:\/\/api.w.org\/{rel}","templated":true}]}}