{"id":259512,"date":"2021-11-16T20:22:42","date_gmt":"2021-11-16T20:22:42","guid":{"rendered":"https:\/\/www.ecuadortimes.net\/es\/?p=259512"},"modified":"2021-11-16T20:22:42","modified_gmt":"2021-11-16T20:22:42","slug":"campana-cajita-de-zapatos-busca-ayudar-a-10-mil-ecuatorianos","status":"publish","type":"post","link":"https:\/\/www.ecuadortimes.net\/es\/campana-cajita-de-zapatos-busca-ayudar-a-10-mil-ecuatorianos\/","title":{"rendered":"Campa\u00f1a Cajita de zapatos busca ayudar a 10 mil ecuatorianos"},"content":{"rendered":"<div class=\"tdb-block-inner td-fix-index\">\n<p><em><strong>La propuesta de 50 organizaciones sociales busca donaciones de ropa, juguetes, art\u00edculos de aseo y m\u00e1s.\u00a0<\/strong><\/em><\/p>\n<div id=\"attachment_259513\" style=\"width: 706px\" class=\"wp-caption alignnone\"><img aria-describedby=\"caption-attachment-259513\" loading=\"lazy\" class=\"size-full wp-image-259513\" src=\"https:\/\/www.ecuadortimes.net\/es\/wp-content\/uploads\/2021\/11\/ecuador-times-ecuador-news-cajita-de-zapatos-campaign-seeks-to-help-10000-ecuadorians.jpeg\" alt=\"\" width=\"696\" height=\"330\" \/><p id=\"caption-attachment-259513\" class=\"wp-caption-text\">Ni\u00f1os de ocho provincias del pa\u00eds se beneficiar\u00e1n de esta iniciativa navide\u00f1a.<\/p><\/div>\n<p><strong>Cajita de Zapatos <\/strong>es el nombre de la <strong>campa\u00f1a<\/strong> que busca brindar <strong>ayuda<\/strong> a 10.000 personas a escala nacional. La Coalici\u00f3n Ciudadana de Organizaciones Sociales del Ecuador (Ccose), con m\u00e1s de 50 fundaciones, asociaciones y colectivos del pa\u00eds lanz\u00f3 la iniciativa.<\/p>\n<p>C\u00e9sar Mantilla, vocero de Ccose, dice que estos son detalles que generan alegr\u00eda a los <strong>ni\u00f1os<\/strong> y otras poblaciones vulnerables en esta <strong>Navidad<\/strong>.<\/p>\n<h4 style=\"margin-top: 20px;\">Donaciones<\/h4>\n<p>Para ser parte de la iniciativa, los ciudadanos pueden hacer <strong>donaciones <\/strong>de juguetes, ropa para ni\u00f1as, ni\u00f1os y adultos y tambi\u00e9n art\u00edculos para la higiene personal, v\u00edveres, alimentos no perecibles o dulces.<\/p>\n<p>Cabe destacar que, en el caso de la ropa o los juguetes, pueden ser nuevos o usados pero es importante que est\u00e9n en buen estado. Quienes se sumen a la iniciativa podr\u00e1n organizar lo donado en una <strong>caja de zapatos.\u00a0<\/strong><\/p>\n<div class=\"twitter-tweet twitter-tweet-rendered\" style=\"display: flex; max-width: 550px; width: 100%; margin-top: 10px; margin-bottom: 10px;\"><iframe id=\"twitter-widget-0\" class=\"\" style=\"position: static; visibility: visible; width: 550px; height: 875px; display: block; flex-grow: 1;\" title=\"Twitter Tweet\" src=\"https:\/\/platform.twitter.com\/embed\/Tweet.html?dnt=true&amp;embedId=twitter-widget-0&amp;features=eyJ0ZndfZXhwZXJpbWVudHNfY29va2llX2V4cGlyYXRpb24iOnsiYnVja2V0IjoxMjA5NjAwLCJ2ZXJzaW9uIjpudWxsfSwidGZ3X2hvcml6b25fdHdlZXRfZW1iZWRfOTU1NSI6eyJidWNrZXQiOiJodGUiLCJ2ZXJzaW9uIjpudWxsfSwidGZ3X3NwYWNlX2NhcmQiOnsiYnVja2V0Ijoib2ZmIiwidmVyc2lvbiI6bnVsbH19&amp;frame=false&amp;hideCard=false&amp;hideThread=false&amp;id=1460600105795473408&amp;lang=es&amp;origin=https%3A%2F%2Fwww.lahora.com.ec%2Fpais%2Fcajita-zapatos-proyecto-ayuda-navidad%2F&amp;sessionId=939bb0c4af8af39116393938e710dc5ebb3741b1&amp;siteScreenName=lahoraecuador&amp;theme=light&amp;widgetsVersion=f001879%3A1634581029404&amp;width=550px\" frameborder=\"0\" scrolling=\"no\" allowfullscreen=\"allowfullscreen\" data-tweet-id=\"1460600105795473408\"><\/iframe><\/div>\n<p><script async=\"\" src=\"https:\/\/platform.twitter.com\/widgets.js\" charset=\"utf-8\"><\/script><\/p>\n<h4>Centros de Acopio<\/h4>\n<ul>\n<li>Quito: avenida Galo Plaza Lasso y De Los Pinos, edificio Plaza Diez, oficina 202<\/li>\n<li>Guayaquil: General Calicuchima y Carchi 2115A, frente a Escuela Municipal de Audici\u00f3n y Lenguaje<\/li>\n<li>Orellana: calle 12 de Febrero y Avenida Guayaquil, oficina abogado Bryan Andrade<\/li>\n<li>Imbabura: Otavalo, ciudadela Imbaya, calle Miguel de Jij\u00f3n y Le\u00f3n, n\u00famero 2-32. Para retirar donaciones, comunicarse al 0979787832<\/li>\n<li>Manab\u00ed: Manta, oficina de la direcci\u00f3n de Juventudes, J\u00f3venes del Cambio, avenida De la Cultura.<\/li>\n<\/ul>\n<p>Las <strong>donaciones<\/strong> se receptar\u00e1n desde el viernes 3 de diciembre de 2021. (AVV)<\/p>\n<p>DATO. La idea de la <strong>Cajita de zapatos<\/strong> replica un modelo europeo llamado Samaritans\u00b4s Purse: proyecto que se inici\u00f3 en Gales, con el env\u00edo de ayuda humanitaria y la realizaci\u00f3n de voluntariado con ni\u00f1os de los orfanatos de Rumania.<\/p>\n<\/div>\n<p><a href=\"https:\/\/www.lahora.com.ec\/pais\/cajita-zapatos-proyecto-ayuda-navidad\/\">https:\/\/www.lahora.com.ec\/pais\/cajita-zapatos-proyecto-ayuda-navidad\/<\/a><\/p>\n","protected":false},"excerpt":{"rendered":"<p>La propuesta de 50 organizaciones sociales busca donaciones de ropa, juguetes, art\u00edculos de aseo y m\u00e1s.\u00a0 Cajita de Zapatos es el nombre de la campa\u00f1a que busca brindar ayuda a 10.000 personas a escala nacional. La Coalici\u00f3n Ciudadana de Organizaciones Sociales del Ecuador (Ccose), con m\u00e1s de 50 fundaciones, asociaciones y colectivos del pa\u00eds lanz\u00f3 la iniciativa. C\u00e9sar Mantilla, vocero de Ccose, dice que estos son detalles que generan alegr\u00eda a los ni\u00f1os y otras poblaciones vulnerables en esta Navidad. Donaciones Para ser parte de la iniciativa, los ciudadanos pueden hacer donaciones de juguetes, ropa para ni\u00f1as, ni\u00f1os y adultos y tambi\u00e9n art\u00edculos para la higiene personal, v\u00edveres, alimentos no perecibles o dulces. Cabe destacar que, en el caso de la ropa o los juguetes, pueden ser nuevos o usados pero es importante que est\u00e9n en buen estado. Quienes se sumen a la iniciativa podr\u00e1n organizar lo donado en una caja de zapatos.\u00a0 Centros de Acopio Quito: avenida Galo Plaza Lasso y De Los Pinos, edificio Plaza Diez, oficina 202 Guayaquil: General Calicuchima y Carchi 2115A, frente a Escuela Municipal de Audici\u00f3n y Lenguaje Orellana: calle 12 de Febrero y Avenida Guayaquil, oficina abogado Bryan Andrade Imbabura: Otavalo, ciudadela Imbaya, calle Miguel de Jij\u00f3n y Le\u00f3n, n\u00famero 2-32. Para retirar donaciones, comunicarse al 0979787832 Manab\u00ed: Manta, oficina de la direcci\u00f3n de Juventudes, J\u00f3venes del Cambio, avenida De la Cultura. Las donaciones se receptar\u00e1n desde el viernes 3 de diciembre de 2021. (AVV) DATO. La idea de la Cajita de zapatos replica un modelo europeo llamado Samaritans\u00b4s Purse: proyecto que se inici\u00f3 en Gales, con el env\u00edo de ayuda humanitaria y la realizaci\u00f3n de voluntariado con ni\u00f1os de los orfanatos de Rumania. https:\/\/www.lahora.com.ec\/pais\/cajita-zapatos-proyecto-ayuda-navidad\/<\/p>\n","protected":false},"author":1,"featured_media":259513,"comment_status":"closed","ping_status":"closed","sticky":false,"template":"","format":"standard","meta":[],"categories":[35,24],"tags":[],"_links":{"self":[{"href":"https:\/\/www.ecuadortimes.net\/es\/wp-json\/wp\/v2\/posts\/259512"}],"collection":[{"href":"https:\/\/www.ecuadortimes.net\/es\/wp-json\/wp\/v2\/posts"}],"about":[{"href":"https:\/\/www.ecuadortimes.net\/es\/wp-json\/wp\/v2\/types\/post"}],"author":[{"embeddable":true,"href":"https:\/\/www.ecuadortimes.net\/es\/wp-json\/wp\/v2\/users\/1"}],"replies":[{"embeddable":true,"href":"https:\/\/www.ecuadortimes.net\/es\/wp-json\/wp\/v2\/comments?post=259512"}],"version-history":[{"count":1,"href":"https:\/\/www.ecuadortimes.net\/es\/wp-json\/wp\/v2\/posts\/259512\/revisions"}],"predecessor-version":[{"id":259514,"href":"https:\/\/www.ecuadortimes.net\/es\/wp-json\/wp\/v2\/posts\/259512\/revisions\/259514"}],"wp:featuredmedia":[{"embeddable":true,"href":"https:\/\/www.ecuadortimes.net\/es\/wp-json\/wp\/v2\/media\/259513"}],"wp:attachment":[{"href":"https:\/\/www.ecuadortimes.net\/es\/wp-json\/wp\/v2\/media?parent=259512"}],"wp:term":[{"taxonomy":"category","embeddable":true,"href":"https:\/\/www.ecuadortimes.net\/es\/wp-json\/wp\/v2\/categories?post=259512"},{"taxonomy":"post_tag","embeddable":true,"href":"https:\/\/www.ecuadortimes.net\/es\/wp-json\/wp\/v2\/tags?post=259512"}],"curies":[{"name":"wp","href":"https:\/\/api.w.org\/{rel}","templated":true}]}}