{"id":259536,"date":"2021-11-19T21:07:36","date_gmt":"2021-11-19T21:07:36","guid":{"rendered":"https:\/\/www.ecuadortimes.net\/es\/?p=259536"},"modified":"2021-11-19T21:07:36","modified_gmt":"2021-11-19T21:07:36","slug":"ecuador-se-presenta-en-foro-como-el-pais-de-las-oportunidades-en-a-latina","status":"publish","type":"post","link":"https:\/\/www.ecuadortimes.net\/es\/ecuador-se-presenta-en-foro-como-el-pais-de-las-oportunidades-en-a-latina\/","title":{"rendered":"Ecuador se presenta en foro como \u00abel pa\u00eds de las oportunidades en A. Latina\u00bb"},"content":{"rendered":"<div class=\"entry-content clearfix\"><strong>Ecuador <\/strong>se present\u00f3 este jueves al mundo como un destino confiable para la inversi\u00f3n extranjera, en un foro internacional que aglutina en <strong>Quito <\/strong>a cerca de un millar de empresarios de m\u00e1s de 50 pa\u00edses, y m\u00e1s 2.000 seguidores virtuales, a los que ofrece un amplio portafolio de 30.000 millones de d\u00f3lares.<\/div>\n<div><\/div>\n<div>\n<div id=\"attachment_259537\" style=\"width: 688px\" class=\"wp-caption alignnone\"><img aria-describedby=\"caption-attachment-259537\" loading=\"lazy\" class=\"size-full wp-image-259537\" src=\"https:\/\/www.ecuadortimes.net\/es\/wp-content\/uploads\/2021\/11\/ecuador-times-ecuador-news-ecuador-is-presented-at-the-forum-as-the-country-of-opportunities-in-latin-america.jpg\" alt=\"\" width=\"678\" height=\"381\" \/><p id=\"caption-attachment-259537\" class=\"wp-caption-text\">El presidente de Ecuador, Guillermo Lasso, inaugura el foro &#8220;Ecuador Open for Business 2021&#8221; hoy en Quito (Ecuador). Lasso anim\u00f3 a los inversores a que apuesten por un pa\u00eds que, tiene una baja inflaci\u00f3n, reservas crecientes y una dolarizaci\u00f3n consolidada, y es por ello &#8220;el pa\u00eds de las oportunidades&#8221; en la regi\u00f3n latinoamericana.<\/p><\/div>\n<\/div>\n<div class=\"entry-content clearfix\">\n<p>El presidente ecuatoriano, <strong>Guillermo Lasso<\/strong>, inaugur\u00f3 este primer gran escaparate econ\u00f3mico de su gesti\u00f3n denominado<strong> \u00abEcuador Open for Business 2021\u00bb<\/strong>, y lo hizo animando a los inversores a apostar por \u00abel pa\u00eds de las oportunidades en Latinoam\u00e9rica\u00bb.<\/p>\n<p>Destac\u00f3 que se trata de \u00abun pa\u00eds dolarizado, con baja inflaci\u00f3n, con reservas monetarias crecientes y un Gobierno que comprende que para lograr la meta de crear dos millones de empleos necesita del sector privado, nacional e internacional\u00bb, asegur\u00f3 el mandatario al inaugurar este foro de dos d\u00edas de duraci\u00f3n.<\/p>\n<p>Como avales a su gesti\u00f3n y creciente estabilidad financiera, Lasso detall\u00f3 que, tras su toma de posesi\u00f3n en mayo, el riesgo pa\u00eds se redujo considerablemente, que su exitoso plan de vacunaci\u00f3n lleva al 65 % de ecuatorianos inmunizados contra la <strong>COVID-19<\/strong>, y que Ecuador cuenta con un sistema financiero s\u00f3lido y una dolarizaci\u00f3n consolidada.<\/p>\n<h2>Ecuador abierto al negocio<\/h2>\n<p><strong>\u00abLa liquidez del sistema bancario y financiero es tan amplia que (las empresas internacionales) pueden contar con un sistema solvente y l\u00edquido para las inversiones\u00bb<\/strong>, manifest\u00f3 sobre los 36.000 millones de d\u00f3lares en dep\u00f3sitos, que suponen alrededor del 36 % del PIB.<\/p>\n<p>Aludi\u00f3 asimismo a las reservas internacionales, que pasaron de los 5.900 millones de d\u00f3lares al inicio de su Administraci\u00f3n a superar hoy los 8.200 millones.<\/p>\n<p>Otro de los datos duros que el Gobierno quiere presentar como se\u00f1uelo a las inversiones es el de la inflaci\u00f3n, que en octubre de este a\u00f1o se situ\u00f3 en el 1,47 % anual, el segundo indicador m\u00e1s bajo de la regi\u00f3n andina y a la cabeza entre las econom\u00edas dolarizadas.<\/p>\n<p>Y pese a que Ecuador sufri\u00f3 una p\u00e9rdida econ\u00f3mica del 13 % al inicio de la pandemia (de febrero a abril de 2020), explic\u00f3 el ministro de Producci\u00f3n y Comercio Exterior, Julio Prado, se recupera en la actualidad a un ritmo de crecimiento del 8,4 %, seg\u00fan datos del \u00faltimo trimestre.<\/p>\n<p>Prado reconoci\u00f3 que, pese a los optimistas datos macroecon\u00f3micos, la <strong>CEPAL <\/strong>sigue colocando a Ecuador entre los primeros pa\u00edses de la regi\u00f3n en t\u00e9rminos de extrema pobreza y pobreza, por lo que defendi\u00f3 que el crecimiento econ\u00f3mico debe traducirse en ver c\u00f3mo se reduce la brecha de desigualdad social.<\/p>\n<p>La agenda del foro contempla distintos paneles, entre ellos, uno de inclusi\u00f3n social.<\/p>\n<p><strong>\u00abLa generaci\u00f3n de empleo hoy es lo m\u00e1s importante que tenemos en el pa\u00eds, y la podemos llevar a cabo con estas inversiones extranjeras\u00bb<\/strong>, declar\u00f3 en el marco del evento Isabel Noboa, una de las principales industriales del pa\u00eds.<\/p>\n<p>Por su parte, el empresario ecuatoriano <strong>Roque Sevilla<\/strong> valor\u00f3 la importancia de este tipo de eventos para el pa\u00eds, \u00abque no se han realizado en los \u00faltimos diez a\u00f1os\u00bb, como vitrina en la que mostrar \u00ablas ventajas comparativas inigualables para que realmente estemos en el mundo\u00bb.<\/p>\n<h2>Ecuador crecer\u00e1 m\u00e1s del 3 %, seg\u00fan proyecciones<\/h2>\n<p>Lasso adelant\u00f3 que este a\u00f1o la econom\u00eda ecuatoriana \u00abexperimentar\u00e1 un crecimiento superior al 3,2 y 3,3 %\u00bb, de acuerdo con las proyecciones gubernamentales.<\/p>\n<p>Y con ese contexto reiter\u00f3 que su meta inversionista es la de alcanzar los 30.000 millones de d\u00f3lares en sus cuatro a\u00f1os de Gobierno, con un amplio portafolio en m\u00faltiples sectores.<\/p>\n<p>Uno de ellos es el suculento muestrario de inversi\u00f3n en el \u00e1mbito de las telecomunicaciones, que en Ecuador asciende a 1.100 millones de d\u00f3lares, y el Gobierno espera que se incremente en la pr\u00f3xima d\u00e9cada a no menos de 5.000 o 6.000 millones de d\u00f3lares.<\/p>\n<p><strong>\u00abTenemos muy claramente definido un plan Ecuador Digital 2025 al que caminamos a paso acelerado con procesos y resultados espec\u00edficos\u00bb<\/strong>, asever\u00f3 la ministra de Telecomunicaciones y Sociedad de la Informaci\u00f3n, Vianna Maino.<\/p>\n<p>En la reciente visita oficial del Ejecutivo ecuatoriano a Espa\u00f1a se pudo observar el inter\u00e9s de varias empresas espa\u00f1olas, entre ellas en el campo de las energ\u00edas renovables y telecomunicaciones.<\/p>\n<p>Las firmas <strong>Cobra Zero-E <\/strong>y <strong>Solar Pack<\/strong> invertir\u00e1n en el sector, mientras que Hispasat analiza oportunidades, seg\u00fan el ministro de Producci\u00f3n.<\/p>\n<p>En una entrevista con Efe, Prado asegur\u00f3 que este a\u00f1o Ecuador cerrar\u00e1 con unas inversiones de unos 2.000 millones de d\u00f3lares, el doble que en 2019 y cuatro veces m\u00e1s que en 2020, y que los 30.000 millones se constituyen en un abanico de proyectos para los pr\u00f3ximos tres a\u00f1os y medio. EFE <strong>(I)<\/strong><\/p>\n<div class=\"addtoany_share_save_container addtoany_content addtoany_content_bottom\">\n<div class=\"a2a_kit a2a_kit_size_30 addtoany_list\" data-a2a-url=\"https:\/\/www.larepublica.ec\/blog\/2021\/11\/18\/ecuador-presenta-foto-pais-oportunidades-latina\/\" data-a2a-title=\"Ecuador se presenta en foro como \u00abel pa\u00eds de las oportunidades en A. Latina\u00bb\"><\/div>\n<\/div>\n<\/div>\n<p><a href=\"https:\/\/www.larepublica.ec\/blog\/2021\/11\/18\/ecuador-presenta-foto-pais-oportunidades-latina\/\">https:\/\/www.larepublica.ec\/blog\/2021\/11\/18\/ecuador-presenta-foto-pais-oportunidades-latina\/<\/a><\/p>\n","protected":false},"excerpt":{"rendered":"<p>Ecuador se present\u00f3 este jueves al mundo como un destino confiable para la inversi\u00f3n extranjera, en un foro internacional que aglutina en Quito a cerca de un millar de empresarios de m\u00e1s de 50 pa\u00edses, y m\u00e1s 2.000 seguidores virtuales, a los que ofrece un amplio portafolio de 30.000 millones de d\u00f3lares. El presidente ecuatoriano, Guillermo Lasso, inaugur\u00f3 este primer gran escaparate econ\u00f3mico de su gesti\u00f3n denominado \u00abEcuador Open for Business 2021\u00bb, y lo hizo animando a los inversores a apostar por \u00abel pa\u00eds de las oportunidades en Latinoam\u00e9rica\u00bb. Destac\u00f3 que se trata de \u00abun pa\u00eds dolarizado, con baja inflaci\u00f3n, con reservas monetarias crecientes y un Gobierno que comprende que para lograr la meta de crear dos millones de empleos necesita del sector privado, nacional e internacional\u00bb, asegur\u00f3 el mandatario al inaugurar este foro de dos d\u00edas de duraci\u00f3n. Como avales a su gesti\u00f3n y creciente estabilidad financiera, Lasso detall\u00f3 que, tras su toma de posesi\u00f3n en mayo, el riesgo pa\u00eds se redujo considerablemente, que su exitoso plan de vacunaci\u00f3n lleva al 65 % de ecuatorianos inmunizados contra la COVID-19, y que Ecuador cuenta con un sistema financiero s\u00f3lido y una dolarizaci\u00f3n consolidada. Ecuador abierto al negocio \u00abLa liquidez del sistema bancario y financiero es tan amplia que (las empresas internacionales) pueden contar con un sistema solvente y l\u00edquido para las inversiones\u00bb, manifest\u00f3 sobre los 36.000 millones de d\u00f3lares en dep\u00f3sitos, que suponen alrededor del 36 % del PIB. Aludi\u00f3 asimismo a las reservas internacionales, que pasaron de los 5.900 millones de d\u00f3lares al inicio de su Administraci\u00f3n a superar hoy los 8.200 millones. Otro de los datos duros que el Gobierno quiere presentar como se\u00f1uelo a las inversiones es el de la inflaci\u00f3n, que en octubre de este a\u00f1o se situ\u00f3 en el 1,47 % anual, el segundo indicador m\u00e1s bajo de la regi\u00f3n andina y a la cabeza entre las econom\u00edas dolarizadas. Y pese a que Ecuador sufri\u00f3 una p\u00e9rdida econ\u00f3mica del 13 % al inicio de la pandemia (de febrero a abril de 2020), explic\u00f3 el ministro de Producci\u00f3n y Comercio Exterior, Julio Prado, se recupera en la actualidad a un ritmo de crecimiento del 8,4 %, seg\u00fan datos del \u00faltimo trimestre. Prado reconoci\u00f3 que, pese a los optimistas datos macroecon\u00f3micos, la CEPAL sigue colocando a Ecuador entre los primeros pa\u00edses de la regi\u00f3n en t\u00e9rminos de extrema pobreza y pobreza, por lo que defendi\u00f3 que el crecimiento econ\u00f3mico debe traducirse en ver c\u00f3mo se reduce la brecha de desigualdad social. La agenda del foro contempla distintos paneles, entre ellos, uno de inclusi\u00f3n social. \u00abLa generaci\u00f3n de empleo hoy es lo m\u00e1s importante que tenemos en el pa\u00eds, y la podemos llevar a cabo con estas inversiones extranjeras\u00bb, declar\u00f3 en el marco del evento Isabel Noboa, una de las principales industriales del pa\u00eds. Por su parte, el empresario ecuatoriano Roque Sevilla valor\u00f3 la importancia de este tipo de eventos para el pa\u00eds, \u00abque no se han realizado en los \u00faltimos diez a\u00f1os\u00bb, como vitrina en la que mostrar \u00ablas ventajas comparativas inigualables para que realmente estemos en el mundo\u00bb. Ecuador crecer\u00e1 m\u00e1s del 3 %, seg\u00fan proyecciones Lasso adelant\u00f3 que este a\u00f1o la econom\u00eda ecuatoriana \u00abexperimentar\u00e1 un crecimiento superior al 3,2 y 3,3 %\u00bb, de acuerdo con las proyecciones gubernamentales. Y con ese contexto reiter\u00f3 que su meta inversionista es la de alcanzar los 30.000 millones de d\u00f3lares en sus cuatro a\u00f1os de Gobierno, con un amplio portafolio en m\u00faltiples sectores. Uno de ellos es el suculento muestrario de inversi\u00f3n en el \u00e1mbito de las telecomunicaciones, que en Ecuador asciende a 1.100 millones de d\u00f3lares, y el Gobierno espera que se incremente en la pr\u00f3xima d\u00e9cada a no menos de 5.000 o 6.000 millones de d\u00f3lares. \u00abTenemos muy claramente definido un plan Ecuador Digital 2025 al que caminamos a paso acelerado con procesos y resultados espec\u00edficos\u00bb, asever\u00f3 la ministra de Telecomunicaciones y Sociedad de la Informaci\u00f3n, Vianna Maino. En la reciente visita oficial del Ejecutivo ecuatoriano a Espa\u00f1a se pudo observar el inter\u00e9s de varias empresas espa\u00f1olas, entre ellas en el campo de las energ\u00edas renovables y telecomunicaciones. Las firmas Cobra Zero-E y Solar Pack invertir\u00e1n en el sector, mientras que Hispasat analiza oportunidades, seg\u00fan el ministro de Producci\u00f3n. En una entrevista con Efe, Prado asegur\u00f3 que este a\u00f1o Ecuador cerrar\u00e1 con unas inversiones de unos 2.000 millones de d\u00f3lares, el doble que en 2019 y cuatro veces m\u00e1s que en 2020, y que los 30.000 millones se constituyen en un abanico de proyectos para los pr\u00f3ximos tres a\u00f1os y medio. EFE (I) https:\/\/www.larepublica.ec\/blog\/2021\/11\/18\/ecuador-presenta-foto-pais-oportunidades-latina\/<\/p>\n","protected":false},"author":1,"featured_media":259537,"comment_status":"closed","ping_status":"closed","sticky":false,"template":"","format":"standard","meta":[],"categories":[43,24],"tags":[],"_links":{"self":[{"href":"https:\/\/www.ecuadortimes.net\/es\/wp-json\/wp\/v2\/posts\/259536"}],"collection":[{"href":"https:\/\/www.ecuadortimes.net\/es\/wp-json\/wp\/v2\/posts"}],"about":[{"href":"https:\/\/www.ecuadortimes.net\/es\/wp-json\/wp\/v2\/types\/post"}],"author":[{"embeddable":true,"href":"https:\/\/www.ecuadortimes.net\/es\/wp-json\/wp\/v2\/users\/1"}],"replies":[{"embeddable":true,"href":"https:\/\/www.ecuadortimes.net\/es\/wp-json\/wp\/v2\/comments?post=259536"}],"version-history":[{"count":1,"href":"https:\/\/www.ecuadortimes.net\/es\/wp-json\/wp\/v2\/posts\/259536\/revisions"}],"predecessor-version":[{"id":259538,"href":"https:\/\/www.ecuadortimes.net\/es\/wp-json\/wp\/v2\/posts\/259536\/revisions\/259538"}],"wp:featuredmedia":[{"embeddable":true,"href":"https:\/\/www.ecuadortimes.net\/es\/wp-json\/wp\/v2\/media\/259537"}],"wp:attachment":[{"href":"https:\/\/www.ecuadortimes.net\/es\/wp-json\/wp\/v2\/media?parent=259536"}],"wp:term":[{"taxonomy":"category","embeddable":true,"href":"https:\/\/www.ecuadortimes.net\/es\/wp-json\/wp\/v2\/categories?post=259536"},{"taxonomy":"post_tag","embeddable":true,"href":"https:\/\/www.ecuadortimes.net\/es\/wp-json\/wp\/v2\/tags?post=259536"}],"curies":[{"name":"wp","href":"https:\/\/api.w.org\/{rel}","templated":true}]}}